{"id":191551,"date":"2026-09-01T08:07:39","date_gmt":"2026-09-01T12:07:39","guid":{"rendered":"https:\/\/linitiative.ca\/International\/cameroun-mrc-contre-minat-leon-theiller-onana-denonce-lintervention-selective-du-minat-dans-le-fonctionnement-des-partis\/"},"modified":"2026-09-01T08:07:39","modified_gmt":"2026-09-01T12:07:39","slug":"cameroun-mrc-contre-minat-leon-theiller-onana-denonce-lintervention-selective-du-minat-dans-le-fonctionnement-des-partis","status":"publish","type":"post","link":"https:\/\/linitiative.ca\/International\/cameroun-mrc-contre-minat-leon-theiller-onana-denonce-lintervention-selective-du-minat-dans-le-fonctionnement-des-partis\/","title":{"rendered":"Cameroun\/ MRC contre Minat : L\u00e9on Theiller Onana d\u00e9nonce l\u2019intervention s\u00e9lective du Minat dans le fonctionnement des partis"},"content":{"rendered":"<h3>Le pr\u00e9sident de l\u2019Organisation du mouvement patriotique se pr\u00e9occupe d\u2019une certaine \u00ab intervention s\u00e9lective \u00bb de l\u2019administration dans le fonctionnement des partis politiques. Le pr\u00e9sident dudit parti, L\u00e9on Theiller Onana fait une comparaison entre le traitement r\u00e9serv\u00e9 au RDPC et celui des autres partis politiques.<\/h3>\n<p>L\u2019Organisation du mouvement patriotique sort de son silence. Le parti politique rend publique sa position au sujet de l\u2019\u00e9change \u00e9pistolaire entre le ministre de l\u2019Administration territoriale, Paul Atanga Nji, et le MRC. Le membre du gouvernement qui refuse de reconna\u00eetre les r\u00e9solutions de la convention tenue en d\u00e9cembre 2025. Le Mouvement pour la renaissance du Cameroun qui d\u00e9nonce la violation de la loi par le ministre. Entre les deux parties, l\u2019OMP se penche du c\u00f4t\u00e9 du MRC pour d\u00e9noncer la posture du ministre.<\/p>\n<div readability=\"7\">\n<p>LA SUITE APR\u00c8S LA PUBLICIT\u00c9<\/p>\n<p><ins class=\"adsbygoogle\" data-ad-client=\"ca-pub-9760088965124508\" data-ad-slot=\"2140806877\"\/><br \/>\n<\/div>\n<p>Le parti de L\u00e9on Theiller Onana consid\u00e8re cette posture comme \u00ab contraire aux exigences de neutralit\u00e9 de l\u2019administration, de l\u2019\u00e9galit\u00e9 devant la loi et de pluralisme d\u00e9mocratique \u00bb. Alors que le ministre semble s\u2019int\u00e9resser de pr\u00e8s aux activit\u00e9s du MRC, l\u2019OMP tente de r\u00e9orienter son attention aussi vers les Rassemblement d\u00e9mocratique du peuple camerounais. Parti dont l\u2019OMP remet en question la l\u00e9galit\u00e9 de la prorogation de mandats au sein des organes dirigeants, le Comit\u00e9 central et le Bureau politique en l\u2019occurrence.<\/p>\n<p>Le conseiller municipal RDPC de la commune de Monatele, L\u00e9on Theiller Onana, a attaqu\u00e9 devant le tribunal de grande instance du Mfoundi 02 juillet 2025 les r\u00e9solutions du Bureau politique du RDPC du 03 novembre 2016. C\u2019\u00e9tait au motif que le mandat des membres dudit Bureau ont pris des r\u00e9solutions deux mois apr\u00e8s la fin de leur mandat en septembre 2016. C\u2019est aussi \u00e0 ce moment, rappelle L\u00e9on Theiller Onana, que le mandat du pr\u00e9sident Paul Biya \u00e0 la t\u00eate du parti a expir\u00e9. Expiration justifiant l\u2019ill\u00e9galit\u00e9 des prorogations ayant suivi, tel que l\u2019explique l\u2019homme politique.<\/p>\n<p>Il insiste en d\u00e9clarant que le congr\u00e8s du Rdpc tenu du 15 au 16 septembre 2011 a permis de r\u00e9\u00e9lire le pr\u00e9sident Paul Biya comme pr\u00e9sident du parti pour un mandat de cinq ans. Mais depuis lors, le congr\u00e8s ne s\u2019est plus r\u00e9uni. Les mandats du pr\u00e9sident national du parti, du comit\u00e9 central, du Bureau politique, du bureau national OFRDPC et du bureau national OJRDPC ont \u00e9t\u00e9 prorog\u00e9s \u00e0 la faveur d\u2019une r\u00e9solution du Bureau politique tenu le 03 novembre 2016 au palais des Congr\u00e8s de Yaound\u00e9.<\/p>\n<p>Apr\u00e8s la saisine de la justice pour la cause, la proc\u00e9dure est \u00ab toujours pendante \u00bb. \u00c0 l\u2019approche des \u00e9lections municipales et l\u00e9gislatives, l\u2019OMP soul\u00e8ve de nouveau la question et interpelle le Minat qui \u00ab devra s\u2019appesantir sur le cas pr\u00e9occupant du RDPC \u00bb. Dans un communiqu\u00e9 en date du 1er septembre 2026, l\u2019OMP demande \u00e0 Elecam et au Conseil constitutionnel de rejeter toutes les listes du RDPC pr\u00e9sent\u00e9es sans tenue pr\u00e9alable du congr\u00e8s l\u00e9gal ; exige des juridictions saisies, une application rigoureuse de la loi. Le parti invite par ailleurs le ministre Paul Atanga Nji \u00e0 appliquer au RDPC la m\u00eame vigilance juridique que celle d\u00e9ploy\u00e9e sur les autres formations politiques.<\/p>\n<p>Auteur: Arnaud Nicolas MAWEL<br \/>\n<a href=\"https:\/\/fr.journalducameroun.com\/cameroun-mrc-contre-minat-leon-theiller-onana-denonce-lintervention-selective-du-minat-dans-le-fonctionnement-des-partis\/\">Cliquez ici pour lire l&rsquo;article depuis sa source.<\/a><\/p>\n","protected":false},"excerpt":{"rendered":"<p>Le pr\u00e9sident de l\u2019Organisation du mouvement patriotique se pr\u00e9occupe d\u2019une certaine \u00ab intervention s\u00e9lective \u00bb de l\u2019administration dans le fonctionnement des partis politiques. Le pr\u00e9sident dudit parti, L\u00e9on Theiller Onana fait une comparaison entre le traitement r\u00e9serv\u00e9 au RDPC et celui des autres partis politiques. L\u2019Organisation du mouvement patriotique sort de son silence. Le parti [&hellip;]<\/p>\n","protected":false},"author":1965,"featured_media":0,"comment_status":"closed","ping_status":"closed","sticky":false,"template":"","format":"standard","meta":{"fifu_image_url":"","fifu_image_alt":"","footnotes":""},"categories":[73,82],"tags":[],"class_list":["post-191551","post","type-post","status-publish","format-standard","hentry","category-actualite","category-cameroun"],"_links":{"self":[{"href":"https:\/\/linitiative.ca\/International\/wp-json\/wp\/v2\/posts\/191551","targetHints":{"allow":["GET"]}}],"collection":[{"href":"https:\/\/linitiative.ca\/International\/wp-json\/wp\/v2\/posts"}],"about":[{"href":"https:\/\/linitiative.ca\/International\/wp-json\/wp\/v2\/types\/post"}],"author":[{"embeddable":true,"href":"https:\/\/linitiative.ca\/International\/wp-json\/wp\/v2\/users\/1965"}],"replies":[{"embeddable":true,"href":"https:\/\/linitiative.ca\/International\/wp-json\/wp\/v2\/comments?post=191551"}],"version-history":[{"count":0,"href":"https:\/\/linitiative.ca\/International\/wp-json\/wp\/v2\/posts\/191551\/revisions"}],"wp:attachment":[{"href":"https:\/\/linitiative.ca\/International\/wp-json\/wp\/v2\/media?parent=191551"}],"wp:term":[{"taxonomy":"category","embeddable":true,"href":"https:\/\/linitiative.ca\/International\/wp-json\/wp\/v2\/categories?post=191551"},{"taxonomy":"post_tag","embeddable":true,"href":"https:\/\/linitiative.ca\/International\/wp-json\/wp\/v2\/tags?post=191551"}],"curies":[{"name":"wp","href":"https:\/\/api.w.org\/{rel}","templated":true}]}}