{"id":191553,"date":"2026-09-01T08:16:04","date_gmt":"2026-09-01T12:16:04","guid":{"rendered":"https:\/\/linitiative.ca\/International\/prolog-nasla-850-millions-pour-muscler-la-decentralisation\/"},"modified":"2026-09-01T08:16:04","modified_gmt":"2026-09-01T12:16:04","slug":"prolog-nasla-850-millions-pour-muscler-la-decentralisation","status":"publish","type":"post","link":"https:\/\/linitiative.ca\/International\/prolog-nasla-850-millions-pour-muscler-la-decentralisation\/","title":{"rendered":"PROLOG-NASLA : 850 millions pour muscler la d\u00e9centralisation"},"content":{"rendered":"<h3>Le PROLOG et la National School of Local Administration ont sign\u00e9 le 31 ao\u00fbt 2026 \u00e0 Yaound\u00e9 une convention de 850 millions FCFA sur 12 mois pour former pr\u00e8s de 2 000 responsables des CTD de six r\u00e9gions sur la gouvernance locale.<\/h3>\n<p>La d\u00e9centralisation passe \u00e0 la vitesse sup\u00e9rieure. Le Projet Gouvernance Locale et Communaut\u00e9s R\u00e9silientes (PROLOG) et la National School of Local Administration (NASLA) ont scell\u00e9 le 31 ao\u00fbt 2026 \u00e0 Yaound\u00e9 une convention de collaboration de pr\u00e8s de 850 millions de FCFA pour une dur\u00e9e de douze mois.<\/p>\n<p>Objectif : renforcer les capacit\u00e9s des Collectivit\u00e9s Territoriales D\u00e9centralis\u00e9es. Dans les prochains jours, pr\u00e8s de 2 000 \u00e9lus et responsables locaux des r\u00e9gions de l\u2019Extr\u00eame-Nord, du Nord, de l\u2019Adamaoua, de l\u2019Est, du Nord-Ouest et du Sud-Ouest b\u00e9n\u00e9ficieront de formations cibl\u00e9es sur la gouvernance financi\u00e8re, la gestion des ressources humaines et l\u2019\u00e9tat civil.<\/p>\n<div readability=\"7\">\n<p>LA SUITE APR\u00c8S LA PUBLICIT\u00c9<\/p>\n<p><ins class=\"adsbygoogle\" data-ad-client=\"ca-pub-9760088965124508\" data-ad-slot=\"2140806877\"\/><br \/>\n<\/div>\n<p>L\u2019initiative vise \u00e0 doter les acteurs locaux de comp\u00e9tences et d\u2019outils pour am\u00e9liorer la gestion publique locale et la qualit\u00e9 des services rendus aux populations.<\/p>\n<p>\u00c0 travers ce partenariat, PROLOG et NASLA r\u00e9affirment leur engagement pour une d\u00e9centralisation plus efficace, port\u00e9e par des ressources humaines qualifi\u00e9es. \u00ab Le renforcement des capacit\u00e9s des acteurs des CTDs doit trouver sa traduction concr\u00e8te dans la qualit\u00e9 des prestations fournies aux populations \u00bb, a soulign\u00e9 le Ministre de la D\u00e9centralisation et du D\u00e9veloppement Local.<\/p>\n<p>Auteur: Arnaud Nicolas MAWEL<br \/>\n<a href=\"https:\/\/fr.journalducameroun.com\/prolog-nasla-850-millions-pour-muscler-la-decentralisation\/\">Cliquez ici pour lire l&rsquo;article depuis sa source.<\/a><\/p>\n","protected":false},"excerpt":{"rendered":"<p>Le PROLOG et la National School of Local Administration ont sign\u00e9 le 31 ao\u00fbt 2026 \u00e0 Yaound\u00e9 une convention de 850 millions FCFA sur 12 mois pour former pr\u00e8s de 2 000 responsables des CTD de six r\u00e9gions sur la gouvernance locale. La d\u00e9centralisation passe \u00e0 la vitesse sup\u00e9rieure. Le Projet Gouvernance Locale et Communaut\u00e9s [&hellip;]<\/p>\n","protected":false},"author":1965,"featured_media":0,"comment_status":"closed","ping_status":"closed","sticky":false,"template":"","format":"standard","meta":{"fifu_image_url":"","fifu_image_alt":"","footnotes":""},"categories":[73,82],"tags":[],"class_list":["post-191553","post","type-post","status-publish","format-standard","hentry","category-actualite","category-cameroun"],"_links":{"self":[{"href":"https:\/\/linitiative.ca\/International\/wp-json\/wp\/v2\/posts\/191553","targetHints":{"allow":["GET"]}}],"collection":[{"href":"https:\/\/linitiative.ca\/International\/wp-json\/wp\/v2\/posts"}],"about":[{"href":"https:\/\/linitiative.ca\/International\/wp-json\/wp\/v2\/types\/post"}],"author":[{"embeddable":true,"href":"https:\/\/linitiative.ca\/International\/wp-json\/wp\/v2\/users\/1965"}],"replies":[{"embeddable":true,"href":"https:\/\/linitiative.ca\/International\/wp-json\/wp\/v2\/comments?post=191553"}],"version-history":[{"count":0,"href":"https:\/\/linitiative.ca\/International\/wp-json\/wp\/v2\/posts\/191553\/revisions"}],"wp:attachment":[{"href":"https:\/\/linitiative.ca\/International\/wp-json\/wp\/v2\/media?parent=191553"}],"wp:term":[{"taxonomy":"category","embeddable":true,"href":"https:\/\/linitiative.ca\/International\/wp-json\/wp\/v2\/categories?post=191553"},{"taxonomy":"post_tag","embeddable":true,"href":"https:\/\/linitiative.ca\/International\/wp-json\/wp\/v2\/tags?post=191553"}],"curies":[{"name":"wp","href":"https:\/\/api.w.org\/{rel}","templated":true}]}}