{"id":191554,"date":"2026-09-01T08:23:34","date_gmt":"2026-09-01T12:23:34","guid":{"rendered":"https:\/\/linitiative.ca\/International\/cemac-yaounde-ouvre-la-mission-devaluation-macroeconomique\/"},"modified":"2026-09-01T08:23:34","modified_gmt":"2026-09-01T12:23:34","slug":"cemac-yaounde-ouvre-la-mission-devaluation-macroeconomique","status":"publish","type":"post","link":"https:\/\/linitiative.ca\/International\/cemac-yaounde-ouvre-la-mission-devaluation-macroeconomique\/","title":{"rendered":"CEMAC : Yaound\u00e9 ouvre la mission d\u2019\u00e9valuation macro\u00e9conomique"},"content":{"rendered":"<h3>Conduite par Jean Claude Nguemeni, la mission de la Commission de la CEMAC a d\u00e9marr\u00e9 1er septembre 2026 \u00e0 Yaound\u00e9 par une concertation au Comit\u00e9 Technique de Suivi des Programmes \u00c9conomiques pr\u00e9sid\u00e9 par Jean Tchoffo, pour valider l\u2019agenda et cadrer les \u00e9changes.<\/h3>\n<p>Coup d\u2019envoi de la surveillance multilat\u00e9rale au Cameroun. Ce 1er septembre 2026 a d\u00e9marr\u00e9 la mission d\u2019\u00e9valuation et de cadrage macro\u00e9conomique men\u00e9e par les \u00e9quipes de la Commission de la Communaut\u00e9 \u00c9conomique et Mon\u00e9taire de l\u2019Afrique Centrale (CEMAC), sous la conduite de Monsieur Jean Claude Nguemeni, accompagn\u00e9 du Repr\u00e9sentant-R\u00e9sident et de la Repr\u00e9sentante-Adjointe.<\/p>\n<p>M\u00e9canisme au c\u0153ur de la coordination \u00e9conomique des six \u00c9tats membres \u00e0 savoir le Cameroun, Centrafrique, Congo, Gabon, Guin\u00e9e \u00e9quatoriale et Tchad, la surveillance multilat\u00e9rale vise \u00e0 aligner les trajectoires nationales sur les standards communautaires.<\/p>\n<div readability=\"7\">\n<p>LA SUITE APR\u00c8S LA PUBLICIT\u00c9<\/p>\n<p><ins class=\"adsbygoogle\" data-ad-client=\"ca-pub-9760088965124508\" data-ad-slot=\"2140806877\"\/><br \/>\n<\/div>\n<p>Trois objectifs prioritaires structurent la mission : assurer la convergence des politiques budg\u00e9taires et macro\u00e9conomiques pour renforcer la r\u00e9silience de la zone, garantir la stabilit\u00e9 de la monnaie commune en veillant aux \u00e9quilibres financiers, et renforcer la discipline budg\u00e9taire et la transparence dans la gestion des finances publiques.<\/p>\n<p>La concertation tenue ce jour au Comit\u00e9 Technique de Suivi des Programmes \u00c9conomiques (CTS), pr\u00e9sid\u00e9 par Monsieur Jean Tchoffo, a permis de d\u00e9finir les questions strat\u00e9giques \u00e0 aborder et de valider l\u2019agenda de la mission.<\/p>\n<p>Auteur: Arnaud Nicolas MAWEL<br \/>\n<a href=\"https:\/\/fr.journalducameroun.com\/cemac-yaounde-ouvre-la-mission-devaluation-macroeconomique\/\">Cliquez ici pour lire l&rsquo;article depuis sa source.<\/a><\/p>\n","protected":false},"excerpt":{"rendered":"<p>Conduite par Jean Claude Nguemeni, la mission de la Commission de la CEMAC a d\u00e9marr\u00e9 1er septembre 2026 \u00e0 Yaound\u00e9 par une concertation au Comit\u00e9 Technique de Suivi des Programmes \u00c9conomiques pr\u00e9sid\u00e9 par Jean Tchoffo, pour valider l\u2019agenda et cadrer les \u00e9changes. Coup d\u2019envoi de la surveillance multilat\u00e9rale au Cameroun. Ce 1er septembre 2026 a [&hellip;]<\/p>\n","protected":false},"author":1965,"featured_media":0,"comment_status":"closed","ping_status":"closed","sticky":false,"template":"","format":"standard","meta":{"fifu_image_url":"","fifu_image_alt":"","footnotes":""},"categories":[73,82],"tags":[],"class_list":["post-191554","post","type-post","status-publish","format-standard","hentry","category-actualite","category-cameroun"],"_links":{"self":[{"href":"https:\/\/linitiative.ca\/International\/wp-json\/wp\/v2\/posts\/191554","targetHints":{"allow":["GET"]}}],"collection":[{"href":"https:\/\/linitiative.ca\/International\/wp-json\/wp\/v2\/posts"}],"about":[{"href":"https:\/\/linitiative.ca\/International\/wp-json\/wp\/v2\/types\/post"}],"author":[{"embeddable":true,"href":"https:\/\/linitiative.ca\/International\/wp-json\/wp\/v2\/users\/1965"}],"replies":[{"embeddable":true,"href":"https:\/\/linitiative.ca\/International\/wp-json\/wp\/v2\/comments?post=191554"}],"version-history":[{"count":0,"href":"https:\/\/linitiative.ca\/International\/wp-json\/wp\/v2\/posts\/191554\/revisions"}],"wp:attachment":[{"href":"https:\/\/linitiative.ca\/International\/wp-json\/wp\/v2\/media?parent=191554"}],"wp:term":[{"taxonomy":"category","embeddable":true,"href":"https:\/\/linitiative.ca\/International\/wp-json\/wp\/v2\/categories?post=191554"},{"taxonomy":"post_tag","embeddable":true,"href":"https:\/\/linitiative.ca\/International\/wp-json\/wp\/v2\/tags?post=191554"}],"curies":[{"name":"wp","href":"https:\/\/api.w.org\/{rel}","templated":true}]}}