{"id":191555,"date":"2026-09-01T09:34:52","date_gmt":"2026-09-01T13:34:52","guid":{"rendered":"https:\/\/linitiative.ca\/International\/aviation-civile-le-cameroun-explore-la-filiere-des-carburants-durables\/"},"modified":"2026-09-01T09:34:52","modified_gmt":"2026-09-01T13:34:52","slug":"aviation-civile-le-cameroun-explore-la-filiere-des-carburants-durables","status":"publish","type":"post","link":"https:\/\/linitiative.ca\/International\/aviation-civile-le-cameroun-explore-la-filiere-des-carburants-durables\/","title":{"rendered":"Aviation civile : le Cameroun explore la fili\u00e8re des carburants durables"},"content":{"rendered":"<h3>La CCAA, avec l\u2019OACI et l\u2019appui de l\u2019Union europ\u00e9enne, a lanc\u00e9 le 31 ao\u00fbt 2026 une \u00e9tude de faisabilit\u00e9 sur les carburants d\u2019aviation durables (SAF), dont les conclusions sont attendues dans six mois pour une feuille de route nationale.<\/h3>\n<p>Le Cameroun se positionne sur l\u2019aviation verte. La Cameroon Civil Aviation Authority (CCAA), en collaboration avec l\u2019Organisation de l\u2019Aviation Civile Internationale (OACI) et avec le soutien de l\u2019Union Europ\u00e9enne, a lanc\u00e9 le 31 ao\u00fbt 2026 une \u00e9tude de faisabilit\u00e9 consacr\u00e9e aux carburants d\u2019aviation durables (SAF).<\/p>\n<p>L\u2019\u00e9tude vise \u00e0 \u00e9valuer les ressources disponibles, les technologies adapt\u00e9es et les conditions n\u00e9cessaires au d\u00e9veloppement d\u2019une fili\u00e8re nationale de production et d\u2019utilisation des SAF. Elle doit aussi analyser les retomb\u00e9es pour l\u2019\u00e9conomie : cr\u00e9ation d\u2019emplois, valorisation des ressources locales et r\u00e9duction des \u00e9missions du transport a\u00e9rien.<\/p>\n<div readability=\"7\">\n<p>LA SUITE APR\u00c8S LA PUBLICIT\u00c9<\/p>\n<p><ins class=\"adsbygoogle\" data-ad-client=\"ca-pub-9760088965124508\" data-ad-slot=\"2140806877\"\/><br \/>\n<\/div>\n<p>Le calendrier est \u00e9tabli : apr\u00e8s deux jours d\u2019\u00e9changes entre experts et parties prenantes, des enqu\u00eates de terrain seront men\u00e9es pendant dix jours aupr\u00e8s des acteurs industriels, agricoles et des infrastructures concern\u00e9es.<\/p>\n<p>Les conclusions, attendues dans six mois, permettront d\u2019\u00e9laborer une feuille de route conforme aux normes de l\u2019OACI. Une \u00e9tape strat\u00e9gique pour aligner le transport a\u00e9rien camerounais sur les engagements climatiques internationaux tout en cr\u00e9ant de la valeur locale.<\/p>\n<p>Auteur: Arnaud Nicolas MAWEL<br \/>\n<a href=\"https:\/\/fr.journalducameroun.com\/aviation-civile-le-cameroun-explore-la-filiere-des-carburants-durables\/\">Cliquez ici pour lire l&rsquo;article depuis sa source.<\/a><\/p>\n","protected":false},"excerpt":{"rendered":"<p>La CCAA, avec l\u2019OACI et l\u2019appui de l\u2019Union europ\u00e9enne, a lanc\u00e9 le 31 ao\u00fbt 2026 une \u00e9tude de faisabilit\u00e9 sur les carburants d\u2019aviation durables (SAF), dont les conclusions sont attendues dans six mois pour une feuille de route nationale. Le Cameroun se positionne sur l\u2019aviation verte. La Cameroon Civil Aviation Authority (CCAA), en collaboration avec [&hellip;]<\/p>\n","protected":false},"author":1965,"featured_media":0,"comment_status":"closed","ping_status":"closed","sticky":false,"template":"","format":"standard","meta":{"fifu_image_url":"","fifu_image_alt":"","footnotes":""},"categories":[73,82],"tags":[],"class_list":["post-191555","post","type-post","status-publish","format-standard","hentry","category-actualite","category-cameroun"],"_links":{"self":[{"href":"https:\/\/linitiative.ca\/International\/wp-json\/wp\/v2\/posts\/191555","targetHints":{"allow":["GET"]}}],"collection":[{"href":"https:\/\/linitiative.ca\/International\/wp-json\/wp\/v2\/posts"}],"about":[{"href":"https:\/\/linitiative.ca\/International\/wp-json\/wp\/v2\/types\/post"}],"author":[{"embeddable":true,"href":"https:\/\/linitiative.ca\/International\/wp-json\/wp\/v2\/users\/1965"}],"replies":[{"embeddable":true,"href":"https:\/\/linitiative.ca\/International\/wp-json\/wp\/v2\/comments?post=191555"}],"version-history":[{"count":0,"href":"https:\/\/linitiative.ca\/International\/wp-json\/wp\/v2\/posts\/191555\/revisions"}],"wp:attachment":[{"href":"https:\/\/linitiative.ca\/International\/wp-json\/wp\/v2\/media?parent=191555"}],"wp:term":[{"taxonomy":"category","embeddable":true,"href":"https:\/\/linitiative.ca\/International\/wp-json\/wp\/v2\/categories?post=191555"},{"taxonomy":"post_tag","embeddable":true,"href":"https:\/\/linitiative.ca\/International\/wp-json\/wp\/v2\/tags?post=191555"}],"curies":[{"name":"wp","href":"https:\/\/api.w.org\/{rel}","templated":true}]}}