{"id":191557,"date":"2026-09-01T10:33:10","date_gmt":"2026-09-01T14:33:10","guid":{"rendered":"https:\/\/linitiative.ca\/International\/transport-aerien-le-congo-retire-des-licences-a-seize-operateurs-dont-le-belge-loc-aircraft\/"},"modified":"2026-09-01T10:33:10","modified_gmt":"2026-09-01T14:33:10","slug":"transport-aerien-le-congo-retire-des-licences-a-seize-operateurs-dont-le-belge-loc-aircraft","status":"publish","type":"post","link":"https:\/\/linitiative.ca\/International\/transport-aerien-le-congo-retire-des-licences-a-seize-operateurs-dont-le-belge-loc-aircraft\/","title":{"rendered":"Transport a\u00e9rien : le Congo retire des licences \u00e0 seize op\u00e9rateurs, dont\u00a0le belge LOC Aircraft"},"content":{"rendered":"<div>Le fournisseur d\u2019avion de grand tourisme Belge LOC Aircraft perd sa licence d\u2019op\u00e9ration en R\u00e9publique du Congo seize ans apr\u00e8s son obtention. D\u2019autres compagnies sp\u00e9cialis\u00e9es dans le fret et le transport de passagers, \u00e0 l\u2019instar d\u2019Equaflight Services, filiale du groupe fran\u00e7ais Regourd Aviation, ont aussi \u00e9t\u00e9 frapp\u00e9es par cette d\u00e9cision gouvernementale.\u200b<\/div>\n<p>Auteur: Albert AMOUGOU<br \/>\n<a href=\"https:\/\/ecomatin.net\/transport-aerien-le-congo-retire-des-licences-a-seize-operateurs-dont-le-belge-loc-aircraft\">Cliquez ici pour lire l&rsquo;article depuis sa source.<\/a><\/p>\n","protected":false},"excerpt":{"rendered":"<p>Le fournisseur d\u2019avion de grand tourisme Belge LOC Aircraft perd sa licence d\u2019op\u00e9ration en R\u00e9publique du Congo seize ans apr\u00e8s son obtention. D\u2019autres compagnies sp\u00e9cialis\u00e9es dans le fret et le transport de passagers, \u00e0 l\u2019instar d\u2019Equaflight Services, filiale du groupe fran\u00e7ais Regourd Aviation, ont aussi \u00e9t\u00e9 frapp\u00e9es par cette d\u00e9cision gouvernementale.\u200b Auteur: Albert AMOUGOU Cliquez [&hellip;]<\/p>\n","protected":false},"author":1969,"featured_media":0,"comment_status":"closed","ping_status":"closed","sticky":false,"template":"","format":"standard","meta":{"fifu_image_url":"","fifu_image_alt":"","footnotes":""},"categories":[82,78],"tags":[],"class_list":["post-191557","post","type-post","status-publish","format-standard","hentry","category-cameroun","category-economie"],"_links":{"self":[{"href":"https:\/\/linitiative.ca\/International\/wp-json\/wp\/v2\/posts\/191557","targetHints":{"allow":["GET"]}}],"collection":[{"href":"https:\/\/linitiative.ca\/International\/wp-json\/wp\/v2\/posts"}],"about":[{"href":"https:\/\/linitiative.ca\/International\/wp-json\/wp\/v2\/types\/post"}],"author":[{"embeddable":true,"href":"https:\/\/linitiative.ca\/International\/wp-json\/wp\/v2\/users\/1969"}],"replies":[{"embeddable":true,"href":"https:\/\/linitiative.ca\/International\/wp-json\/wp\/v2\/comments?post=191557"}],"version-history":[{"count":0,"href":"https:\/\/linitiative.ca\/International\/wp-json\/wp\/v2\/posts\/191557\/revisions"}],"wp:attachment":[{"href":"https:\/\/linitiative.ca\/International\/wp-json\/wp\/v2\/media?parent=191557"}],"wp:term":[{"taxonomy":"category","embeddable":true,"href":"https:\/\/linitiative.ca\/International\/wp-json\/wp\/v2\/categories?post=191557"},{"taxonomy":"post_tag","embeddable":true,"href":"https:\/\/linitiative.ca\/International\/wp-json\/wp\/v2\/tags?post=191557"}],"curies":[{"name":"wp","href":"https:\/\/api.w.org\/{rel}","templated":true}]}}