{"id":191563,"date":"2026-09-02T07:05:57","date_gmt":"2026-09-02T11:05:57","guid":{"rendered":"https:\/\/linitiative.ca\/International\/assemblee-generale-le-cese-adopte-deux-avis-sur-le-douar-et-les-atteintes-a-lenvironnement\/"},"modified":"2026-09-02T07:05:57","modified_gmt":"2026-09-02T11:05:57","slug":"assemblee-generale-le-cese-adopte-deux-avis-sur-le-douar-et-les-atteintes-a-lenvironnement","status":"publish","type":"post","link":"https:\/\/linitiative.ca\/International\/assemblee-generale-le-cese-adopte-deux-avis-sur-le-douar-et-les-atteintes-a-lenvironnement\/","title":{"rendered":"Assembl\u00e9e g\u00e9n\u00e9rale:  Le CESE adopte deux avis sur le douar  et les atteintes \u00e0 l\u2019environnement"},"content":{"rendered":"<p><span><strong>Diagnostic<\/strong><\/span><br \/><strong>Le Conseil \u00e9conomique, social et environnemental (CESE), r\u00e9uni le 31 ao\u00fbt \u00e0 Rabat, a adopt\u00e9 deux avis consacr\u00e9s \u00e0 la place du douar dans le d\u00e9veloppement rural et la lutte contre les atteintes \u00e0 l\u2019environnement.<\/strong><\/p>\n<p><span id=\"more-527246\"\/><br \/>Le Conseil \u00e9conomique, social et environnemental (CESE) a tenu lundi 31 ao\u00fbt 2026 la 185\u00e8me session ordinaire de son assembl\u00e9e g\u00e9n\u00e9rale. Au cours de cette session, deux avis \u00e9labor\u00e9s dans le cadre d\u2019auto-saisines par le Conseil, intitul\u00e9s \u00abQuelle place pour le douar dans le d\u00e9veloppement rural ?\u00bb et \u00abLutte contre les atteintes \u00e0 l\u2019environnement au Maroc : de la pr\u00e9vention \u00e0 la restauration, une cha\u00eene \u00e0 rendre int\u00e9gr\u00e9e et effective\u00bb, ont \u00e9t\u00e9 adopt\u00e9s. Le premier avis examine la place du douar dans le d\u00e9veloppement rural, en tant qu\u2019\u00e9chelon de base de cet espace territorial et forme structurante de regroupement de la population. Il met en \u00e9vidence ses dimensions socio-\u00e9conomiques, culturelles, politiques et environnementales, ainsi que les principales contraintes et difficult\u00e9s qui entravent la valorisation de ses potentialit\u00e9s, pr\u00e9cise un communiqu\u00e9 du Conseil.<\/p>\n<p>Sur la base du diagnostic men\u00e9 par le CESE, notamment \u00e0 travers les auditions organis\u00e9es avec les diff\u00e9rents acteurs concern\u00e9s, l\u2019avis identifie les moyens susceptibles de renforcer la place et les r\u00f4les du douar, en tenant compte de la diversit\u00e9 de cet espace et de ses sp\u00e9cificit\u00e9s territoriales, d\u00e9mographiques et sociales, et propose des mesures op\u00e9rationnelles lui permettant de contribuer plus efficacement au d\u00e9veloppement du milieu rural. Pour ce qui est du deuxi\u00e8me avis, il examine les modalit\u00e9s d\u2019articulation entre la protection de l\u2019environnement et les exigences du d\u00e9veloppement \u00e9conomique et social, consid\u00e9r\u00e9es comme deux piliers indissociables de tout projet de d\u00e9veloppement.<\/p>\n<p>Il propose, dans cette perspective, une s\u00e9rie de mesures visant \u00e0 pr\u00e9venir les diff\u00e9rentes formes d\u2019atteinte \u00e0 l\u2019environnement et \u00e0 assurer une int\u00e9gration structurelle des dimensions \u00e9cologiques et des enjeux li\u00e9s aux changements climatiques dans les politiques publiques et ce, en vue de pr\u00e9server durablement le capital naturel, de garantir un cadre de vie sain, un environnement de qualit\u00e9 et de favoriser un d\u00e9veloppement r\u00e9silient et durable.<\/p>\n<p>Auteur: ALM<br \/>\n<a href=\"https:\/\/aujourdhui.ma\/societe\/assemblee-generale-le-cese-adopte-deux-avis-sur-le-douar-et-les-atteintes-a-lenvironnement\">Cliquez ici pour lire l&rsquo;article depuis sa source.<\/a><\/p>\n","protected":false},"excerpt":{"rendered":"<p>DiagnosticLe Conseil \u00e9conomique, social et environnemental (CESE), r\u00e9uni le 31 ao\u00fbt \u00e0 Rabat, a adopt\u00e9 deux avis consacr\u00e9s \u00e0 la place du douar dans le d\u00e9veloppement rural et la lutte contre les atteintes \u00e0 l\u2019environnement. Le Conseil \u00e9conomique, social et environnemental (CESE) a tenu lundi 31 ao\u00fbt 2026 la 185\u00e8me session ordinaire de son assembl\u00e9e [&hellip;]<\/p>\n","protected":false},"author":1759,"featured_media":191564,"comment_status":"closed","ping_status":"closed","sticky":false,"template":"","format":"standard","meta":{"fifu_image_url":"https:\/\/aujourdhui.ma\/wp-content\/uploads\/2024\/05\/CESE-large.jpg","fifu_image_alt":"Assembl\u00e9e g\u00e9n\u00e9rale: Le CESE adopte deux avis sur le douar et les atteintes \u00e0 l\u2019environnement","footnotes":""},"categories":[73,54],"tags":[],"class_list":["post-191563","post","type-post","status-publish","format-standard","has-post-thumbnail","hentry","category-actualite","category-maroc"],"_links":{"self":[{"href":"https:\/\/linitiative.ca\/International\/wp-json\/wp\/v2\/posts\/191563","targetHints":{"allow":["GET"]}}],"collection":[{"href":"https:\/\/linitiative.ca\/International\/wp-json\/wp\/v2\/posts"}],"about":[{"href":"https:\/\/linitiative.ca\/International\/wp-json\/wp\/v2\/types\/post"}],"author":[{"embeddable":true,"href":"https:\/\/linitiative.ca\/International\/wp-json\/wp\/v2\/users\/1759"}],"replies":[{"embeddable":true,"href":"https:\/\/linitiative.ca\/International\/wp-json\/wp\/v2\/comments?post=191563"}],"version-history":[{"count":0,"href":"https:\/\/linitiative.ca\/International\/wp-json\/wp\/v2\/posts\/191563\/revisions"}],"wp:featuredmedia":[{"embeddable":true,"href":"https:\/\/linitiative.ca\/International\/wp-json\/wp\/v2\/media\/191564"}],"wp:attachment":[{"href":"https:\/\/linitiative.ca\/International\/wp-json\/wp\/v2\/media?parent=191563"}],"wp:term":[{"taxonomy":"category","embeddable":true,"href":"https:\/\/linitiative.ca\/International\/wp-json\/wp\/v2\/categories?post=191563"},{"taxonomy":"post_tag","embeddable":true,"href":"https:\/\/linitiative.ca\/International\/wp-json\/wp\/v2\/tags?post=191563"}],"curies":[{"name":"wp","href":"https:\/\/api.w.org\/{rel}","templated":true}]}}