{"id":191565,"date":"2026-09-02T07:11:23","date_gmt":"2026-09-02T11:11:23","guid":{"rendered":"https:\/\/linitiative.ca\/International\/ait-bouguemez-le-4eme-atlas-marathon-trail-celebre-le-sport-la-montagne-et-le-tourisme-durable\/"},"modified":"2026-09-02T07:11:23","modified_gmt":"2026-09-02T11:11:23","slug":"ait-bouguemez-le-4eme-atlas-marathon-trail-celebre-le-sport-la-montagne-et-le-tourisme-durable","status":"publish","type":"post","link":"https:\/\/linitiative.ca\/International\/ait-bouguemez-le-4eme-atlas-marathon-trail-celebre-le-sport-la-montagne-et-le-tourisme-durable\/","title":{"rendered":"A\u00eft Bouguemez: Le 4\u00e8me Atlas Marathon Trail c\u00e9l\u00e8bre le sport, la montagne et le tourisme durable"},"content":{"rendered":"<p><span><strong>Aventure<\/strong><\/span><br \/><strong>La vall\u00e9e d\u2019A\u00eft Bouguemez, au c\u0153ur du Haut Atlas central, s\u2019appr\u00eate \u00e0 vivre, du 23 au 25 octobre 2026, au rythme de la quatri\u00e8me \u00e9dition de l\u2019Atlas Marathon Trail, un rendez-vous sportif qui ambitionne de conjuguer d\u00e9passement de soi, d\u00e9couverte du patrimoine, promotion touristique et solidarit\u00e9 au sein du G\u00e9oparc Unesco du M\u2019Goun.<\/strong><\/p>\n<p><span id=\"more-527250\"\/><br \/>Organis\u00e9 par l\u2019Association Vivante, cet \u00e9v\u00e9nement, plac\u00e9 sous le signe de la convivialit\u00e9, de l\u2019authenticit\u00e9, de l\u2019humilit\u00e9 et de la solidarit\u00e9, entend s\u2019imposer davantage comme un rendez-vous majeur du trail au Maroc, tout en contribuant \u00e0 la valorisation des richesses naturelles et culturelles de la \u00abVall\u00e9e Heureuse\u00bb.<br \/>Sous le slogan \u00abLe sport au service du tourisme\u00bb, l\u2019\u00e9dition 2026 ambitionne de r\u00e9unir pr\u00e8s d\u2019un millier de coureurs marocains et \u00e9trangers autour d\u2019une exp\u00e9rience associant sport de montagne, immersion culturelle et d\u00e9couverte des paysages exceptionnels du Haut Atlas.<br \/>Des participants venus notamment de France, d\u2019Espagne, du Portugal, de Belgique, d\u2019Italie, des Pays-Bas, d\u2019Allemagne, de Suisse, d\u2019Autriche, de R\u00e9publique tch\u00e8que, du Royaume-Uni, ainsi que d\u2019Australie et des \u00c9tats-Unis, sont attendus \u00e0 cette manifestation qui accorde \u00e9galement une place privil\u00e9gi\u00e9e \u00e0 la participation f\u00e9minine.<\/p>\n<p><strong>Des parcours au c\u0153ur d\u2019un patrimoine naturel exceptionnel<\/strong><br \/>Les diff\u00e9rentes \u00e9preuves permettront aux participants de d\u00e9couvrir les paysages montagneux et les villages amazighs de la vall\u00e9e d\u2019A\u00eft Bouguemez, tout en \u00e9voluant dans un environnement naturel d\u2019une grande richesse.<br \/>Au programme figurent notamment le marathon de 42 km, le trail de 27 km, les courses de 21 km et 10 km, ainsi qu\u2019un trail destin\u00e9 aux enfants. L\u2019\u00e9dition 2026 sera \u00e9galement marqu\u00e9e par l\u2019introduction de nouvelles \u00e9preuves, dont le Kilom\u00e8tre Vertical de Bouberden, une mont\u00e9e particuli\u00e8rement exigeante vers les hauteurs du massif d\u2019Igoudamen, ainsi qu\u2019un nouveau parcours baptis\u00e9 Atlas Sky Race, avec l\u2019ascension du sommet d\u2019Igoudamen culminant \u00e0 quelque 3.560 m\u00e8tres.<br \/>La marche nordique fera \u00e9galement son entr\u00e9e dans la programmation, avec des parcours de 10 et 21 km, offrant aux familles, aux amateurs de nature et aux sportifs de diff\u00e9rents niveaux la possibilit\u00e9 de participer \u00e0 l\u2019\u00e9v\u00e9nement.<br \/>Au-del\u00e0 de la performance, l\u2019Atlas Marathon Trail entend ainsi proposer une v\u00e9ritable exp\u00e9rience de pleine nature, permettant aux participants de d\u00e9couvrir les villages amazighs du Haut Atlas central et les paysages qui s\u2019\u00e9tendent jusqu\u2019aux confins m\u00e9ridionaux de la cha\u00eene montagneuse.<\/p>\n<p><strong>Le G\u00e9oparc M\u2019Goun, \u00e9crin de la manifestation<\/strong><br \/>Situ\u00e9e au pied du M\u2019Goun, dont le sommet atteint 4.071 m\u00e8tres, la vall\u00e9e d\u2019A\u00eft Bouguemez constitue l\u2019un des territoires embl\u00e9matiques du Haut Atlas central.<br \/>Le G\u00e9oparc Unesco du M\u2019Goun, premier G\u00e9oparc du Maroc, d\u2019Afrique et du monde arabe, constitue \u00e0 cet \u00e9gard un cadre privil\u00e9gi\u00e9 pour l\u2019organisation de cette manifestation. Ce territoire abrite une remarquable diversit\u00e9 de g\u00e9osites, ainsi qu\u2019un patrimoine naturel, arch\u00e9ologique, historique et culturel particuli\u00e8rement riche.<br \/>\u00c0 travers le trail, les organisateurs souhaitent contribuer \u00e0 faire conna\u00eetre ce patrimoine aupr\u00e8s d\u2019un public national et international et renforcer l\u2019attractivit\u00e9 touristique de la vall\u00e9e, tout en sensibilisant les visiteurs \u00e0 la n\u00e9cessit\u00e9 de pr\u00e9server ses \u00e9quilibres naturels.<\/p>\n<p><strong>Sport, culture et animation au c\u0153ur du village de course<\/strong><br \/>Durant les trois jours de la manifestation, le village de course accueillera les participants et leurs accompagnateurs autour d\u2019un programme d\u2019animations destin\u00e9 \u00e0 faire de l\u2019Atlas Marathon Trail une v\u00e9ritable f\u00eate du sport outdoor.<br \/>Des ateliers de peinture pour enfants, une toile collective, des activit\u00e9s li\u00e9es \u00e0 l\u2019architecture et au design, ainsi que des rencontres culturelles sont pr\u00e9vus. Le programme comprend \u00e9galement un caf\u00e9 culturel, des repr\u00e9sentations th\u00e9\u00e2trales, de la po\u00e9sie amazighe, des expositions consacr\u00e9es notamment aux gravures rupestres et des prestations de groupes folkloriques locaux.<br \/>La musique, avec des expressions associant patrimoine amazigh et influences internationales, la tbourida locale et diverses animations contribueront \u00e9galement \u00e0 cr\u00e9er un espace de rencontre et d\u2019\u00e9change entre les participants, les visiteurs et les habitants de la vall\u00e9e.<br \/>L\u2019artisanat et les produits du terroir seront, pour leur part, mis \u00e0 l\u2019honneur \u00e0 travers des expositions consacr\u00e9es aux coop\u00e9ratives locales, offrant ainsi aux visiteurs l\u2019occasion de d\u00e9couvrir le savoir-faire des populations de la r\u00e9gion et de contribuer \u00e0 la promotion de l\u2019\u00e9conomie locale.<\/p>\n<p><strong>Une manifestation plac\u00e9e sous le signe de l\u2019environnement<\/strong><br \/>La dimension environnementale constitue \u00e9galement l\u2019un des piliers de l\u2019Atlas Marathon Trail. Les organisateurs pr\u00e9voient notamment des op\u00e9rations de plantation d\u2019arbres, des campagnes de sensibilisation \u00e0 la gestion rationnelle de l\u2019eau et des actions en faveur du tri et de la gestion des d\u00e9chets m\u00e9nagers. Un \u00abGreen Trek Atlas Marathon\u00bb, consacr\u00e9 \u00e0 la d\u00e9couverte de la faune et de la flore locales, permettra par ailleurs de sensibiliser les participants \u00e0 la richesse \u00e9cologique de la vall\u00e9e et \u00e0 l\u2019importance de sa pr\u00e9servation. Dans cette m\u00eame logique, un sentier de randonn\u00e9e sera am\u00e9nag\u00e9 et des randonn\u00e9es p\u00e9destres et \u00e9questres ainsi que des activit\u00e9s de marche nordique seront propos\u00e9es dans la vall\u00e9e. L\u2019objectif affich\u00e9 est de promouvoir une pratique sportive responsable, respectueuse des paysages et des ressources naturelles, tout en favorisant un mod\u00e8le de tourisme durable adapt\u00e9 aux territoires de montagne.<\/p>\n<p><strong>Une dimension solidaire au service des populations locales<\/strong><br \/>Au-del\u00e0 de la comp\u00e9tition, l\u2019Atlas Marathon Trail revendique une forte dimension humaine et solidaire. Une partie des recettes issues des inscriptions doit ainsi \u00eatre consacr\u00e9e au soutien de projets \u00e0 caract\u00e8re social dans la vall\u00e9e. Cette d\u00e9marche vise \u00e0 faire b\u00e9n\u00e9ficier directement les populations locales des retomb\u00e9es de la manifestation et \u00e0 renforcer le lien entre l\u2019\u00e9v\u00e9nement sportif et son territoire d\u2019accueil. Dans le m\u00eame esprit, les participants sont invit\u00e9s \u00e0 privil\u00e9gier les commerces et services locaux et \u00e0 adopter, durant leur s\u00e9jour, un comportement responsable \u00e0 l\u2019\u00e9gard des habitants, du patrimoine et de l\u2019environnement. Un s\u00e9minaire consacr\u00e9 au G\u00e9oparc Unesco du M\u2019Goun, au tourisme durable et aux sports de montagne est \u00e9galement pr\u00e9vu afin de favoriser la r\u00e9flexion et les \u00e9changes autour des perspectives de d\u00e9veloppement de ces territoires.<\/p>\n<p><strong>Une vitrine pour la Vall\u00e9e Heureuse<\/strong><br \/>Pour les organisateurs, l\u2019Atlas Marathon Trail ne se limite donc pas \u00e0 une succession d\u2019\u00e9preuves sportives. Il constitue un outil de promotion territoriale destin\u00e9 \u00e0 faire de la vall\u00e9e d\u2019A\u00eft Bouguemez une destination privil\u00e9gi\u00e9e pour les amateurs de montagne, de nature et de tourisme responsable.<br \/>Des packages touristiques seront propos\u00e9s aux participants et \u00e0 leurs accompagnateurs afin de leur permettre de prolonger leur s\u00e9jour et de d\u00e9couvrir les diff\u00e9rentes richesses naturelles, culturelles et humaines de la r\u00e9gion. Des s\u00e9jours d\u2019entra\u00eenement sont \u00e9galement envisag\u00e9s tout au long de l\u2019ann\u00e9e.<br \/>Cette approche, qui associe sport, tourisme, culture, environnement et solidarit\u00e9, devrait contribuer \u00e0 renforcer la visibilit\u00e9 de la vall\u00e9e sur la sc\u00e8ne nationale et internationale et \u00e0 promouvoir un tourisme de montagne fond\u00e9 sur la valorisation du patrimoine et l\u2019implication des communaut\u00e9s locales.<br \/>\u00c0 travers cette quatri\u00e8me \u00e9dition, l\u2019Association Vivante entend ainsi consolider l\u2019Atlas Marathon Trail comme un rendez-vous sportif et touristique majeur du Haut Atlas central, en faisant de la \u00abVall\u00e9e Heureuse\u00bb un espace de rencontre entre sportifs, amoureux de la nature, acteurs touristiques et populations locales.<br \/>Plus qu\u2019une comp\u00e9tition, l\u2019\u00e9v\u00e9nement se veut une aventure humaine et collective au service d\u2019un territoire, de son patrimoine et de son d\u00e9veloppement durable.<\/p>\n<p>Auteur: Said Frix<br \/>\n<a href=\"https:\/\/aujourdhui.ma\/une\/ait-bouguemez-le-4eme-atlas-marathon-trail-celebre-le-sport-la-montagne-et-le-tourisme-durable\">Cliquez ici pour lire l&rsquo;article depuis sa source.<\/a><\/p>\n","protected":false},"excerpt":{"rendered":"<p>AventureLa vall\u00e9e d\u2019A\u00eft Bouguemez, au c\u0153ur du Haut Atlas central, s\u2019appr\u00eate \u00e0 vivre, du 23 au 25 octobre 2026, au rythme de la quatri\u00e8me \u00e9dition de l\u2019Atlas Marathon Trail, un rendez-vous sportif qui ambitionne de conjuguer d\u00e9passement de soi, d\u00e9couverte du patrimoine, promotion touristique et solidarit\u00e9 au sein du G\u00e9oparc Unesco du M\u2019Goun. Organis\u00e9 par [&hellip;]<\/p>\n","protected":false},"author":1759,"featured_media":191566,"comment_status":"closed","ping_status":"closed","sticky":false,"template":"","format":"standard","meta":{"fifu_image_url":"https:\/\/aujourdhui.ma\/wp-content\/uploads\/2026\/09\/Pages-de-marathon-1-Ait-Bouguemez-large.jpg","fifu_image_alt":"A\u00eft Bouguemez: Le 4\u00e8me Atlas Marathon Trail c\u00e9l\u00e8bre le sport, la montagne et le tourisme durable","footnotes":""},"categories":[73,54],"tags":[],"class_list":["post-191565","post","type-post","status-publish","format-standard","has-post-thumbnail","hentry","category-actualite","category-maroc"],"_links":{"self":[{"href":"https:\/\/linitiative.ca\/International\/wp-json\/wp\/v2\/posts\/191565","targetHints":{"allow":["GET"]}}],"collection":[{"href":"https:\/\/linitiative.ca\/International\/wp-json\/wp\/v2\/posts"}],"about":[{"href":"https:\/\/linitiative.ca\/International\/wp-json\/wp\/v2\/types\/post"}],"author":[{"embeddable":true,"href":"https:\/\/linitiative.ca\/International\/wp-json\/wp\/v2\/users\/1759"}],"replies":[{"embeddable":true,"href":"https:\/\/linitiative.ca\/International\/wp-json\/wp\/v2\/comments?post=191565"}],"version-history":[{"count":0,"href":"https:\/\/linitiative.ca\/International\/wp-json\/wp\/v2\/posts\/191565\/revisions"}],"wp:featuredmedia":[{"embeddable":true,"href":"https:\/\/linitiative.ca\/International\/wp-json\/wp\/v2\/media\/191566"}],"wp:attachment":[{"href":"https:\/\/linitiative.ca\/International\/wp-json\/wp\/v2\/media?parent=191565"}],"wp:term":[{"taxonomy":"category","embeddable":true,"href":"https:\/\/linitiative.ca\/International\/wp-json\/wp\/v2\/categories?post=191565"},{"taxonomy":"post_tag","embeddable":true,"href":"https:\/\/linitiative.ca\/International\/wp-json\/wp\/v2\/tags?post=191565"}],"curies":[{"name":"wp","href":"https:\/\/api.w.org\/{rel}","templated":true}]}}