{"id":191567,"date":"2026-09-02T07:13:12","date_gmt":"2026-09-02T11:13:12","guid":{"rendered":"https:\/\/linitiative.ca\/International\/patrimoine-humain-et-pont-dechange-culturel-la-19eme-edition-du-moussem-de-tan-tan-du-3-au-7-octobre-2026\/"},"modified":"2026-09-02T07:13:12","modified_gmt":"2026-09-02T11:13:12","slug":"patrimoine-humain-et-pont-dechange-culturel-la-19eme-edition-du-moussem-de-tan-tan-du-3-au-7-octobre-2026","status":"publish","type":"post","link":"https:\/\/linitiative.ca\/International\/patrimoine-humain-et-pont-dechange-culturel-la-19eme-edition-du-moussem-de-tan-tan-du-3-au-7-octobre-2026\/","title":{"rendered":"Patrimoine humain et pont d\u2019\u00e9change culturel: La 19\u00e8me \u00e9dition du Moussem  de Tan Tan du 3 au 7 octobre 2026"},"content":{"rendered":"<p><span><strong>Valorisation<\/strong><\/span><br \/><strong>Plac\u00e9e sous le Haut patronage de Sa Majest\u00e9 le Roi Mohammed VI, la 19\u00e8me \u00e9dition du Moussem de Tan Tan se tiendra du 3 au 7 octobre 2026, confirmant son statut de rendez-vous incontournable d\u00e9di\u00e9 \u00e0 la c\u00e9l\u00e9bration et \u00e0 la transmission du patrimoine culturel immat\u00e9riel des populations nomades.<\/strong><span id=\"more-527256\"\/><br \/>Inscrit en 2008 par l\u2019Unesco sur la liste repr\u00e9sentative du patrimoine culturel immat\u00e9riel de l\u2019humanit\u00e9, le Moussem constitue un symbole vivant de la richesse et de la diversit\u00e9 des traditions saharo-hassanies. Port\u00e9e par le th\u00e8me \u00abLe Moussem de Tan Tan : patrimoine humain et pont d\u2019\u00e9change culturel \u00bb, cette \u00e9dition s\u2019inscrit dans une dynamique de valorisation, de partage et d\u2019ouverture.<br \/>Fid\u00e8le \u00e0 sa dimension internationale, le Moussem accueillera les \u00c9mirats arabes unis illustrant la solidit\u00e9 d\u2019un partenariat privil\u00e9gi\u00e9 et offrant au public une immersion dans l\u2019authenticit\u00e9 du patrimoine \u00e9mirati.<br \/>Durant cinq jours, le Moussem proposera une programmation riche et immersive, marqu\u00e9e par des sc\u00e8nes musicales c\u00e9l\u00e9brant les sonorit\u00e9s du d\u00e9sert, des concerts sous la tente plongeant les visiteurs dans une ambiance authentique, ainsi que la pr\u00e9sence attendue de grandes figures de la chanson marocaine et internationale, tr\u00e8s appr\u00e9ci\u00e9es du public, venant enrichir cette c\u00e9l\u00e9bration et renforcer son attractivit\u00e9. \u00c0 cela s\u2019ajouteront les traditionnelles exhibitions de Tbourida, les parades de dromadaires et de nombreuses activit\u00e9s port\u00e9es par le tissu associatif local, contribuant \u00e0 faire vivre pleinement l\u2019esprit du Moussem et \u00e0 renforcer son ancrage territorial.<br \/>Parall\u00e8lement \u00e0 cette dimension culturelle et festive, une conf\u00e9rence d\u00e9di\u00e9e aux opportunit\u00e9s d\u2019investissement dans la r\u00e9gion viendra enrichir le programme, affirmant la vocation du Moussem en tant que plateforme de r\u00e9flexion et de promotion du d\u00e9veloppement \u00e9conomique, en lien avec les dynamiques que connaissent les provinces du Sud. \u00c0 travers cette nouvelle \u00e9dition, le Moussem de Tan Tan confirme ainsi son r\u00f4le de carrefour culturel international, de vecteur de rayonnement pour le patrimoine hassani et de levier de d\u00e9veloppement, au service d\u2019un patrimoine vivant porteur de valeurs de dialogue, de diversit\u00e9 et d\u2019ouverture.<\/p>\n<p>Auteur: ALM<br \/>\n<a href=\"https:\/\/aujourdhui.ma\/culture\/patrimoine-humain-et-pont-dechange-culturel-la-19eme-edition-du-moussem-de-tan-tan-du-3-au-7-octobre-2026\">Cliquez ici pour lire l&rsquo;article depuis sa source.<\/a><\/p>\n","protected":false},"excerpt":{"rendered":"<p>ValorisationPlac\u00e9e sous le Haut patronage de Sa Majest\u00e9 le Roi Mohammed VI, la 19\u00e8me \u00e9dition du Moussem de Tan Tan se tiendra du 3 au 7 octobre 2026, confirmant son statut de rendez-vous incontournable d\u00e9di\u00e9 \u00e0 la c\u00e9l\u00e9bration et \u00e0 la transmission du patrimoine culturel immat\u00e9riel des populations nomades.Inscrit en 2008 par l\u2019Unesco sur la [&hellip;]<\/p>\n","protected":false},"author":1759,"featured_media":191568,"comment_status":"closed","ping_status":"closed","sticky":false,"template":"","format":"standard","meta":{"fifu_image_url":"https:\/\/aujourdhui.ma\/wp-content\/uploads\/2026\/09\/MOUSSEM-TANTAN-DAY1-552-large.jpg","fifu_image_alt":"Patrimoine humain et pont d\u2019\u00e9change culturel: La 19\u00e8me \u00e9dition du Moussem de Tan Tan du 3 au 7 octobre 2026","footnotes":""},"categories":[73,54],"tags":[],"class_list":["post-191567","post","type-post","status-publish","format-standard","has-post-thumbnail","hentry","category-actualite","category-maroc"],"_links":{"self":[{"href":"https:\/\/linitiative.ca\/International\/wp-json\/wp\/v2\/posts\/191567","targetHints":{"allow":["GET"]}}],"collection":[{"href":"https:\/\/linitiative.ca\/International\/wp-json\/wp\/v2\/posts"}],"about":[{"href":"https:\/\/linitiative.ca\/International\/wp-json\/wp\/v2\/types\/post"}],"author":[{"embeddable":true,"href":"https:\/\/linitiative.ca\/International\/wp-json\/wp\/v2\/users\/1759"}],"replies":[{"embeddable":true,"href":"https:\/\/linitiative.ca\/International\/wp-json\/wp\/v2\/comments?post=191567"}],"version-history":[{"count":0,"href":"https:\/\/linitiative.ca\/International\/wp-json\/wp\/v2\/posts\/191567\/revisions"}],"wp:featuredmedia":[{"embeddable":true,"href":"https:\/\/linitiative.ca\/International\/wp-json\/wp\/v2\/media\/191568"}],"wp:attachment":[{"href":"https:\/\/linitiative.ca\/International\/wp-json\/wp\/v2\/media?parent=191567"}],"wp:term":[{"taxonomy":"category","embeddable":true,"href":"https:\/\/linitiative.ca\/International\/wp-json\/wp\/v2\/categories?post=191567"},{"taxonomy":"post_tag","embeddable":true,"href":"https:\/\/linitiative.ca\/International\/wp-json\/wp\/v2\/tags?post=191567"}],"curies":[{"name":"wp","href":"https:\/\/api.w.org\/{rel}","templated":true}]}}