{"id":191582,"date":"2026-09-02T12:42:21","date_gmt":"2026-09-02T16:42:21","guid":{"rendered":"https:\/\/linitiative.ca\/International\/la-tunisie-souhaite-attirer-davantage-dinvestissements-neerlandais-dans-des-secteurs-prometteurs-et-prioritaires\/"},"modified":"2026-09-02T12:42:21","modified_gmt":"2026-09-02T16:42:21","slug":"la-tunisie-souhaite-attirer-davantage-dinvestissements-neerlandais-dans-des-secteurs-prometteurs-et-prioritaires","status":"publish","type":"post","link":"https:\/\/linitiative.ca\/International\/la-tunisie-souhaite-attirer-davantage-dinvestissements-neerlandais-dans-des-secteurs-prometteurs-et-prioritaires\/","title":{"rendered":"La Tunisie souhaite attirer davantage d\u2019investissements n\u00e9erlandais dans des secteurs prometteurs et prioritaires"},"content":{"rendered":"<div class=\"post-cont-out\">\n<div class=\"post-cont-in no-margin\">\n<div id=\"content-main\" class=\"left relative\">\n<div class=\"simplesocialbuttons simplesocial-round-btm-border simplesocialbuttons_inline simplesocialbuttons-align-left post-1138073 post simplesocialbuttons-inline-no-animation\"><button class=\"simplesocial-fb-share\" rel=\"nofollow\" target=\"_blank\" aria-label=\"Facebook Share\" data-href=\"https:\/\/www.facebook.com\/sharer\/sharer.php?u=https:\/\/www.tunisienumerique.com\/la-tunisie-souhaite-attirer-davantage-dinvestissements-neerlandais-dans-des-secteurs-prometteurs-et-prioritaires\/\" onclick=\"javascript:window.open(this.dataset.href, '', 'menubar=no,toolbar=no,resizable=yes,scrollbars=yes,height=600,width=600');return false;\"><span class=\"simplesocialtxt\">Facebook<\/span><\/button> <button class=\"simplesocial-twt-share\" rel=\"nofollow\" target=\"_blank\" aria-label=\"Twitter Share\" data-href=\"https:\/\/twitter.com\/intent\/tweet?text=La+Tunisie+souhaite+attirer+davantage+d%E2%80%99investissements+n%C3%A9erlandais+dans+des+secteurs+prometteurs+et+prioritaires&amp;url=https:\/\/www.tunisienumerique.com\/la-tunisie-souhaite-attirer-davantage-dinvestissements-neerlandais-dans-des-secteurs-prometteurs-et-prioritaires\/\" onclick=\"javascript:window.open(this.dataset.href, '', 'menubar=no,toolbar=no,resizable=yes,scrollbars=yes,height=600,width=600');return false;\"><span class=\"simplesocialtxt\">Twitter<\/span><\/button> <button rel=\"nofollow\" target=\"_blank\" class=\"simplesocial-linkedin-share\" aria-label=\"LinkedIn Share\" data-href=\"https:\/\/www.linkedin.com\/sharing\/share-offsite\/?url=https:\/\/www.tunisienumerique.com\/la-tunisie-souhaite-attirer-davantage-dinvestissements-neerlandais-dans-des-secteurs-prometteurs-et-prioritaires\/\" onclick=\"javascript:window.open(this.dataset.href, '', 'menubar=no,toolbar=no,resizable=yes,scrollbars=yes,height=600,width=600');return false;\"><span class=\"simplesocialtxt\">LinkedIn<\/span><\/button> <button onclick=\"javascript:window.open(this.dataset.href, '_blank' );return false;\" class=\"simplesocial-whatsapp-share\" rel=\"nofollow\" target=\"_blank\" aria-label=\"WhatsApp Share\" data-href=\"https:\/\/api.whatsapp.com\/send?text=https:\/\/www.tunisienumerique.com\/la-tunisie-souhaite-attirer-davantage-dinvestissements-neerlandais-dans-des-secteurs-prometteurs-et-prioritaires\/\"><span class=\"simplesocialtxt\">WhatsApp<\/span><\/button><\/p>\n<\/div>\n<p><button class=\"simplefavorite-button\" data-postid=\"1138073\" data-siteid=\"1\" data-groupid=\"1\" data-favoritecount=\"0\"> Lire plus tard<\/button><\/p>\n<p>Le minist\u00e8re des Affaires \u00e9trang\u00e8res, de la Migration et des Tunisiens \u00e0 l\u2019\u00e9tranger a annonc\u00e9 que Mohamed Ali Nafti, ministre des Affaires \u00e9trang\u00e8res, de la Migration et des Tunisiens \u00e0 l\u2019\u00e9tranger, a re\u00e7u, le 2 septembre 2026 au si\u00e8ge du minist\u00e8re, Dewi van de Weerd, qui lui a remis une copie de ses lettres de cr\u00e9ance en qualit\u00e9 d\u2019ambassadrice du Royaume des Pays-Bas en Tunisie.<\/p>\n<p>Lors de cette rencontre, le ministre a salu\u00e9 les relations anciennes et privil\u00e9gi\u00e9es d\u2019amiti\u00e9 et de coop\u00e9ration entre les deux pays, dont les origines remontent \u00e0 la fin du XVIIe si\u00e8cle. Il a \u00e9galement mis en avant le d\u00e9veloppement notable qu\u2019elles ont connu ces derni\u00e8res ann\u00e9es dans plusieurs domaines strat\u00e9giques, notamment l\u2019agriculture, l\u2019eau, l\u2019environnement, le d\u00e9veloppement durable, l\u2019emploi ainsi que les programmes d\u2019int\u00e9gration des jeunes et des femmes.<\/p>\n<p>\u00c0 cette occasion, Mohamed Ali Nafti a r\u00e9affirm\u00e9 la volont\u00e9 de la Tunisie de renforcer davantage la coop\u00e9ration avec les Pays-Bas dans les diff\u00e9rents domaines d\u2019int\u00e9r\u00eat commun, notamment dans les secteurs scientifique et acad\u00e9mique.<\/p>\n<p>Le ministre s\u2019est \u00e9galement f\u00e9licit\u00e9 du niveau du partenariat et des investissements n\u00e9erlandais en Tunisie. Au total, 101 entreprises n\u00e9erlandaises op\u00e8rent dans le pays sous forme d\u2019investissements directs ou de partenariats, g\u00e9n\u00e9rant environ 20 000 emplois.<\/p>\n<p>Il a exprim\u00e9 le souhait de voir davantage d\u2019investissements n\u00e9erlandais affluer vers des secteurs consid\u00e9r\u00e9s comme prometteurs et prioritaires pour la Tunisie, en particulier les \u00e9nergies renouvelables et l\u2019environnement, compte tenu des incitations et des avantages pr\u00e9f\u00e9rentiels propos\u00e9s par le pays dans ces domaines.<\/p>\n<p>De son c\u00f4t\u00e9, l\u2019ambassadrice des Pays-Bas a affirm\u00e9 sa volont\u00e9 de contribuer au d\u00e9veloppement de la coop\u00e9ration bilat\u00e9rale, \u00e0 l\u2019\u00e9largissement de sa base et \u00e0 la diversification de ses domaines.<\/p>\n<p>Elle a \u00e9galement soulign\u00e9 la d\u00e9termination de son pays \u00e0 poursuivre le renforcement des relations de partenariat avec la Tunisie dans les domaines \u00e9conomique, culturel, scientifique et acad\u00e9mique, au service des int\u00e9r\u00eats communs des deux pays.<\/p>\n<div class=\"simplesocialbuttons simplesocial-round-btm-border simplesocialbuttons_inline simplesocialbuttons-align-left post-1138073 post simplesocialbuttons-inline-no-animation\"><button class=\"simplesocial-fb-share\" rel=\"nofollow\" target=\"_blank\" aria-label=\"Facebook Share\" data-href=\"https:\/\/www.facebook.com\/sharer\/sharer.php?u=https:\/\/www.tunisienumerique.com\/la-tunisie-souhaite-attirer-davantage-dinvestissements-neerlandais-dans-des-secteurs-prometteurs-et-prioritaires\/\" onclick=\"javascript:window.open(this.dataset.href, '', 'menubar=no,toolbar=no,resizable=yes,scrollbars=yes,height=600,width=600');return false;\"><span class=\"simplesocialtxt\">Facebook<\/span><\/button> <button class=\"simplesocial-twt-share\" rel=\"nofollow\" target=\"_blank\" aria-label=\"Twitter Share\" data-href=\"https:\/\/twitter.com\/intent\/tweet?text=La+Tunisie+souhaite+attirer+davantage+d%E2%80%99investissements+n%C3%A9erlandais+dans+des+secteurs+prometteurs+et+prioritaires&amp;url=https:\/\/www.tunisienumerique.com\/la-tunisie-souhaite-attirer-davantage-dinvestissements-neerlandais-dans-des-secteurs-prometteurs-et-prioritaires\/\" onclick=\"javascript:window.open(this.dataset.href, '', 'menubar=no,toolbar=no,resizable=yes,scrollbars=yes,height=600,width=600');return false;\"><span class=\"simplesocialtxt\">Twitter<\/span><\/button> <button rel=\"nofollow\" target=\"_blank\" class=\"simplesocial-linkedin-share\" aria-label=\"LinkedIn Share\" data-href=\"https:\/\/www.linkedin.com\/sharing\/share-offsite\/?url=https:\/\/www.tunisienumerique.com\/la-tunisie-souhaite-attirer-davantage-dinvestissements-neerlandais-dans-des-secteurs-prometteurs-et-prioritaires\/\" onclick=\"javascript:window.open(this.dataset.href, '', 'menubar=no,toolbar=no,resizable=yes,scrollbars=yes,height=600,width=600');return false;\"><span class=\"simplesocialtxt\">LinkedIn<\/span><\/button> <button onclick=\"javascript:window.open(this.dataset.href, '_blank' );return false;\" class=\"simplesocial-whatsapp-share\" rel=\"nofollow\" target=\"_blank\" aria-label=\"WhatsApp Share\" data-href=\"https:\/\/api.whatsapp.com\/send?text=https:\/\/www.tunisienumerique.com\/la-tunisie-souhaite-attirer-davantage-dinvestissements-neerlandais-dans-des-secteurs-prometteurs-et-prioritaires\/\"><span class=\"simplesocialtxt\">WhatsApp<\/span><\/button><\/p>\n<\/div>\n<p><strong>Que se passe-t-il en Tunisie?<\/strong><br \/>Nous expliquons sur notre <a href=\"https:\/\/www.youtube.com\/channel\/UCRzypVq0B_yBad5eGrwBx0Q?sub_confirmation=1\" target=\"_blank\">cha\u00eene YouTube<\/a> . <a href=\"https:\/\/www.youtube.com\/channel\/UCRzypVq0B_yBad5eGrwBx0Q?sub_confirmation=1\" target=\"_blank\">Abonnez-vous!<\/a><\/p>\n<div class=\"mvp-org-wrap\" itemprop=\"publisher\" itemscope=\"itemscope\" itemtype=\"https:\/\/schema.org\/Organization\">\n<div class=\"mvp-org-logo\" itemprop=\"logo\" itemscope=\"itemscope\" itemtype=\"https:\/\/schema.org\/ImageObject\"><img decoding=\"async\" src=\"https:\/\/www.tunisienumerique.com\/wp-content\/uploads\/2024\/03\/Logo-Tn1-1-3.png\"\/><br \/>\n<meta itemprop=\"url\" content=\"https:\/\/www.tunisienumerique.com\/wp-content\/uploads\/2024\/03\/Logo-Tn1-1-3.png\"\/><\/div>\n<p><meta itemprop=\"name\" content=\"Tunisie Numerique\"\/><\/div>\n<div class=\"mvp-related-posts left relative\">\n<h4 class=\"post-header\"><span class=\"post-header\">LIRE AUSSI<\/span><\/h4>\n<\/div>\n<div id=\"article-ad\">\n  <ins class=\"adsbygoogle\" data-ad-client=\"ca-pub-2102118777505746\" data-ad-slot=\"6168283410\" data-ad-format=\"auto\" data-full-width-responsive=\"true\"\/>\n<\/div>\n<\/div>\n<\/div>\n<\/div>\n<p>Auteur: Mohsen Tiss<br \/>\n<a href=\"https:\/\/www.tunisienumerique.com\/la-tunisie-souhaite-attirer-davantage-dinvestissements-neerlandais-dans-des-secteurs-prometteurs-et-prioritaires\/\">Cliquez ici pour lire l&rsquo;article depuis sa source.<\/a><\/p>\n","protected":false},"excerpt":{"rendered":"<p>Facebook Twitter LinkedIn WhatsApp Lire plus tard Le minist\u00e8re des Affaires \u00e9trang\u00e8res, de la Migration et des Tunisiens \u00e0 l\u2019\u00e9tranger a annonc\u00e9 que Mohamed Ali Nafti, ministre des Affaires \u00e9trang\u00e8res, de la Migration et des Tunisiens \u00e0 l\u2019\u00e9tranger, a re\u00e7u, le 2 septembre 2026 au si\u00e8ge du minist\u00e8re, Dewi van de Weerd, qui lui a [&hellip;]<\/p>\n","protected":false},"author":1789,"featured_media":191583,"comment_status":"closed","ping_status":"closed","sticky":false,"template":"","format":"standard","meta":{"fifu_image_url":"https:\/\/www.tunisienumerique.com\/wp-content\/uploads\/2026\/09\/Tunisie-Pays-bas-cooperation.jpg","fifu_image_alt":"La Tunisie souhaite attirer davantage d\u2019investissements n\u00e9erlandais dans des secteurs prometteurs et prioritaires","footnotes":""},"categories":[73,55],"tags":[],"class_list":["post-191582","post","type-post","status-publish","format-standard","has-post-thumbnail","hentry","category-actualite","category-tunisie"],"_links":{"self":[{"href":"https:\/\/linitiative.ca\/International\/wp-json\/wp\/v2\/posts\/191582","targetHints":{"allow":["GET"]}}],"collection":[{"href":"https:\/\/linitiative.ca\/International\/wp-json\/wp\/v2\/posts"}],"about":[{"href":"https:\/\/linitiative.ca\/International\/wp-json\/wp\/v2\/types\/post"}],"author":[{"embeddable":true,"href":"https:\/\/linitiative.ca\/International\/wp-json\/wp\/v2\/users\/1789"}],"replies":[{"embeddable":true,"href":"https:\/\/linitiative.ca\/International\/wp-json\/wp\/v2\/comments?post=191582"}],"version-history":[{"count":0,"href":"https:\/\/linitiative.ca\/International\/wp-json\/wp\/v2\/posts\/191582\/revisions"}],"wp:featuredmedia":[{"embeddable":true,"href":"https:\/\/linitiative.ca\/International\/wp-json\/wp\/v2\/media\/191583"}],"wp:attachment":[{"href":"https:\/\/linitiative.ca\/International\/wp-json\/wp\/v2\/media?parent=191582"}],"wp:term":[{"taxonomy":"category","embeddable":true,"href":"https:\/\/linitiative.ca\/International\/wp-json\/wp\/v2\/categories?post=191582"},{"taxonomy":"post_tag","embeddable":true,"href":"https:\/\/linitiative.ca\/International\/wp-json\/wp\/v2\/tags?post=191582"}],"curies":[{"name":"wp","href":"https:\/\/api.w.org\/{rel}","templated":true}]}}