{"id":191584,"date":"2026-09-02T13:00:00","date_gmt":"2026-09-02T17:00:00","guid":{"rendered":"https:\/\/linitiative.ca\/International\/ebola-en-rdc-lepidemie-passe-la-barre-des-3-000-morts-selon-un-dernier-bilan-officiel\/"},"modified":"2026-09-02T13:00:00","modified_gmt":"2026-09-02T17:00:00","slug":"ebola-en-rdc-lepidemie-passe-la-barre-des-3-000-morts-selon-un-dernier-bilan-officiel","status":"publish","type":"post","link":"https:\/\/linitiative.ca\/International\/ebola-en-rdc-lepidemie-passe-la-barre-des-3-000-morts-selon-un-dernier-bilan-officiel\/","title":{"rendered":"Ebola en RDC : l\u2019\u00e9pid\u00e9mie passe la barre des 3 000 morts, selon un dernier bilan officiel"},"content":{"rendered":"<div class=\"post-cont-out\">\n<div class=\"post-cont-in no-margin\">\n<div id=\"content-main\" class=\"left relative\">\n<div class=\"simplesocialbuttons simplesocial-round-btm-border simplesocialbuttons_inline simplesocialbuttons-align-left post-1138052 post simplesocialbuttons-inline-no-animation\"><button class=\"simplesocial-fb-share\" rel=\"nofollow\" target=\"_blank\" aria-label=\"Facebook Share\" data-href=\"https:\/\/www.facebook.com\/sharer\/sharer.php?u=https:\/\/www.tunisienumerique.com\/ebola-en-rdc-lepidemie-passe-la-barre-des-3-000-morts-selon-un-dernier-bilan-officiel\/\" onclick=\"javascript:window.open(this.dataset.href, '', 'menubar=no,toolbar=no,resizable=yes,scrollbars=yes,height=600,width=600');return false;\"><span class=\"simplesocialtxt\">Facebook<\/span><\/button> <button class=\"simplesocial-twt-share\" rel=\"nofollow\" target=\"_blank\" aria-label=\"Twitter Share\" data-href=\"https:\/\/twitter.com\/intent\/tweet?text=Ebola+en+RDC+%3A+l%E2%80%99%C3%A9pid%C3%A9mie+passe+la+barre+des+3+000+morts%2C+selon+un+dernier+bilan+officiel&amp;url=https:\/\/www.tunisienumerique.com\/ebola-en-rdc-lepidemie-passe-la-barre-des-3-000-morts-selon-un-dernier-bilan-officiel\/\" onclick=\"javascript:window.open(this.dataset.href, '', 'menubar=no,toolbar=no,resizable=yes,scrollbars=yes,height=600,width=600');return false;\"><span class=\"simplesocialtxt\">Twitter<\/span><\/button> <button rel=\"nofollow\" target=\"_blank\" class=\"simplesocial-linkedin-share\" aria-label=\"LinkedIn Share\" data-href=\"https:\/\/www.linkedin.com\/sharing\/share-offsite\/?url=https:\/\/www.tunisienumerique.com\/ebola-en-rdc-lepidemie-passe-la-barre-des-3-000-morts-selon-un-dernier-bilan-officiel\/\" onclick=\"javascript:window.open(this.dataset.href, '', 'menubar=no,toolbar=no,resizable=yes,scrollbars=yes,height=600,width=600');return false;\"><span class=\"simplesocialtxt\">LinkedIn<\/span><\/button> <button onclick=\"javascript:window.open(this.dataset.href, '_blank' );return false;\" class=\"simplesocial-whatsapp-share\" rel=\"nofollow\" target=\"_blank\" aria-label=\"WhatsApp Share\" data-href=\"https:\/\/api.whatsapp.com\/send?text=https:\/\/www.tunisienumerique.com\/ebola-en-rdc-lepidemie-passe-la-barre-des-3-000-morts-selon-un-dernier-bilan-officiel\/\"><span class=\"simplesocialtxt\">WhatsApp<\/span><\/button><\/p>\n<\/div>\n<p><button class=\"simplefavorite-button\" data-postid=\"1138052\" data-siteid=\"1\" data-groupid=\"1\" data-favoritecount=\"0\"> Lire plus tard<\/button><\/p>\n<p>L\u2019\u00e9pid\u00e9mie de maladie Ebola en R\u00e9publique d\u00e9mocratique du Congo (RDC) a fait plus de 3 000 morts, d\u2019apr\u00e8s un dernier bilan annonc\u00e9 mercredi 2 septembre par les autorit\u00e9s congolaises.<\/p>\n<p>Selon la m\u00eame source, l\u2019\u00e9pid\u00e9mie progresse, avec d\u00e9sormais plus de 6 000 cas rencenc\u00e9s.<\/p>\n<p>L\u2019\u00e9pid\u00e9mie, d\u00e9clar\u00e9e officiellement mi-mai et qui s\u00e9vit dans des zones troubl\u00e9es de l\u2019est et du nord-est du vaste pays d\u2019Afrique.<\/p>\n<p>L\u2019Etat congolais fait face \u00e0 sa 17<sup>e<\/sup> \u00e9pid\u00e9mie de la maladie, et cette derni\u00e8re, d\u00e9clar\u00e9e officiellement \u00e0 la mi-mai, est plus meurtri\u00e8re que celle qui avait s\u00e9vi entre 2018 et 2020 dans le pays, atteignant un taux de l\u00e9talit\u00e9 de 48,6 %, d\u2019apr\u00e8s les chiffres de l\u2019Institut national de sant\u00e9 publique congolais.<\/p>\n<p>La maladie s\u00e9vit actuellement dans des zones troubl\u00e9es de l\u2019Est et du Nord-Est, o\u00f9 la pr\u00e9sence de l\u2019Etat est fragile et o\u00f9 des groupes arm\u00e9s entretiennent une ins\u00e9curit\u00e9 permanente.<\/p>\n<div class=\"simplesocialbuttons simplesocial-round-btm-border simplesocialbuttons_inline simplesocialbuttons-align-left post-1138052 post simplesocialbuttons-inline-no-animation\"><button class=\"simplesocial-fb-share\" rel=\"nofollow\" target=\"_blank\" aria-label=\"Facebook Share\" data-href=\"https:\/\/www.facebook.com\/sharer\/sharer.php?u=https:\/\/www.tunisienumerique.com\/ebola-en-rdc-lepidemie-passe-la-barre-des-3-000-morts-selon-un-dernier-bilan-officiel\/\" onclick=\"javascript:window.open(this.dataset.href, '', 'menubar=no,toolbar=no,resizable=yes,scrollbars=yes,height=600,width=600');return false;\"><span class=\"simplesocialtxt\">Facebook<\/span><\/button> <button class=\"simplesocial-twt-share\" rel=\"nofollow\" target=\"_blank\" aria-label=\"Twitter Share\" data-href=\"https:\/\/twitter.com\/intent\/tweet?text=Ebola+en+RDC+%3A+l%E2%80%99%C3%A9pid%C3%A9mie+passe+la+barre+des+3+000+morts%2C+selon+un+dernier+bilan+officiel&amp;url=https:\/\/www.tunisienumerique.com\/ebola-en-rdc-lepidemie-passe-la-barre-des-3-000-morts-selon-un-dernier-bilan-officiel\/\" onclick=\"javascript:window.open(this.dataset.href, '', 'menubar=no,toolbar=no,resizable=yes,scrollbars=yes,height=600,width=600');return false;\"><span class=\"simplesocialtxt\">Twitter<\/span><\/button> <button rel=\"nofollow\" target=\"_blank\" class=\"simplesocial-linkedin-share\" aria-label=\"LinkedIn Share\" data-href=\"https:\/\/www.linkedin.com\/sharing\/share-offsite\/?url=https:\/\/www.tunisienumerique.com\/ebola-en-rdc-lepidemie-passe-la-barre-des-3-000-morts-selon-un-dernier-bilan-officiel\/\" onclick=\"javascript:window.open(this.dataset.href, '', 'menubar=no,toolbar=no,resizable=yes,scrollbars=yes,height=600,width=600');return false;\"><span class=\"simplesocialtxt\">LinkedIn<\/span><\/button> <button onclick=\"javascript:window.open(this.dataset.href, '_blank' );return false;\" class=\"simplesocial-whatsapp-share\" rel=\"nofollow\" target=\"_blank\" aria-label=\"WhatsApp Share\" data-href=\"https:\/\/api.whatsapp.com\/send?text=https:\/\/www.tunisienumerique.com\/ebola-en-rdc-lepidemie-passe-la-barre-des-3-000-morts-selon-un-dernier-bilan-officiel\/\"><span class=\"simplesocialtxt\">WhatsApp<\/span><\/button><\/p>\n<\/div>\n<p><strong>Que se passe-t-il en Tunisie?<\/strong><br \/>Nous expliquons sur notre <a href=\"https:\/\/www.youtube.com\/channel\/UCRzypVq0B_yBad5eGrwBx0Q?sub_confirmation=1\" target=\"_blank\">cha\u00eene YouTube<\/a> . <a href=\"https:\/\/www.youtube.com\/channel\/UCRzypVq0B_yBad5eGrwBx0Q?sub_confirmation=1\" target=\"_blank\">Abonnez-vous!<\/a><\/p>\n<div class=\"mvp-org-wrap\" itemprop=\"publisher\" itemscope=\"itemscope\" itemtype=\"https:\/\/schema.org\/Organization\">\n<div class=\"mvp-org-logo\" itemprop=\"logo\" itemscope=\"itemscope\" itemtype=\"https:\/\/schema.org\/ImageObject\"><img decoding=\"async\" src=\"https:\/\/www.tunisienumerique.com\/wp-content\/uploads\/2024\/03\/Logo-Tn1-1-3.png\"\/><br \/>\n<meta itemprop=\"url\" content=\"https:\/\/www.tunisienumerique.com\/wp-content\/uploads\/2024\/03\/Logo-Tn1-1-3.png\"\/><\/div>\n<p><meta itemprop=\"name\" content=\"Tunisie Numerique\"\/><\/div>\n<div class=\"post-tags\"><span class=\"post-tags-header\">SUJETS CONNEXES:<\/span><\/div>\n<div id=\"article-ad\">\n  <ins class=\"adsbygoogle\" data-ad-client=\"ca-pub-2102118777505746\" data-ad-slot=\"6168283410\" data-ad-format=\"auto\" data-full-width-responsive=\"true\"\/>\n<\/div>\n<\/div>\n<\/div>\n<\/div>\n<p>Auteur: saber boubaker<br \/>\n<a href=\"https:\/\/www.tunisienumerique.com\/ebola-en-rdc-lepidemie-passe-la-barre-des-3-000-morts-selon-un-dernier-bilan-officiel\/\">Cliquez ici pour lire l&rsquo;article depuis sa source.<\/a><\/p>\n","protected":false},"excerpt":{"rendered":"<p>Facebook Twitter LinkedIn WhatsApp Lire plus tard L\u2019\u00e9pid\u00e9mie de maladie Ebola en R\u00e9publique d\u00e9mocratique du Congo (RDC) a fait plus de 3 000 morts, d\u2019apr\u00e8s un dernier bilan annonc\u00e9 mercredi 2 septembre par les autorit\u00e9s congolaises. Selon la m\u00eame source, l\u2019\u00e9pid\u00e9mie progresse, avec d\u00e9sormais plus de 6 000 cas rencenc\u00e9s. L\u2019\u00e9pid\u00e9mie, d\u00e9clar\u00e9e officiellement mi-mai et [&hellip;]<\/p>\n","protected":false},"author":1789,"featured_media":191585,"comment_status":"closed","ping_status":"closed","sticky":false,"template":"","format":"standard","meta":{"fifu_image_url":"https:\/\/www.tunisienumerique.com\/wp-content\/uploads\/2026\/05\/virus-ebola-guerison-RDC.jpg","fifu_image_alt":"Ebola en RDC : l\u2019\u00e9pid\u00e9mie passe la barre des 3 000 morts, selon un dernier bilan officiel","footnotes":""},"categories":[73,55],"tags":[],"class_list":["post-191584","post","type-post","status-publish","format-standard","has-post-thumbnail","hentry","category-actualite","category-tunisie"],"_links":{"self":[{"href":"https:\/\/linitiative.ca\/International\/wp-json\/wp\/v2\/posts\/191584","targetHints":{"allow":["GET"]}}],"collection":[{"href":"https:\/\/linitiative.ca\/International\/wp-json\/wp\/v2\/posts"}],"about":[{"href":"https:\/\/linitiative.ca\/International\/wp-json\/wp\/v2\/types\/post"}],"author":[{"embeddable":true,"href":"https:\/\/linitiative.ca\/International\/wp-json\/wp\/v2\/users\/1789"}],"replies":[{"embeddable":true,"href":"https:\/\/linitiative.ca\/International\/wp-json\/wp\/v2\/comments?post=191584"}],"version-history":[{"count":0,"href":"https:\/\/linitiative.ca\/International\/wp-json\/wp\/v2\/posts\/191584\/revisions"}],"wp:featuredmedia":[{"embeddable":true,"href":"https:\/\/linitiative.ca\/International\/wp-json\/wp\/v2\/media\/191585"}],"wp:attachment":[{"href":"https:\/\/linitiative.ca\/International\/wp-json\/wp\/v2\/media?parent=191584"}],"wp:term":[{"taxonomy":"category","embeddable":true,"href":"https:\/\/linitiative.ca\/International\/wp-json\/wp\/v2\/categories?post=191584"},{"taxonomy":"post_tag","embeddable":true,"href":"https:\/\/linitiative.ca\/International\/wp-json\/wp\/v2\/tags?post=191584"}],"curies":[{"name":"wp","href":"https:\/\/api.w.org\/{rel}","templated":true}]}}