{"id":191594,"date":"2026-09-02T09:17:56","date_gmt":"2026-09-02T13:17:56","guid":{"rendered":"https:\/\/linitiative.ca\/International\/%f0%9d%90%92%f0%9d%90%b2%f0%9d%90%a6%f0%9d%90%9b%f0%9d%90%a8%f0%9d%90%a5%f0%9d%90%9e%f0%9d%90%ac-%f0%9d%90%9e%f0%9d%90%ad-%f0%9d%90%9d%f0%9d%90%a2%f0%9d%90%ac%f0%9d%90%ad%f0%9d%90%a2%f0%9d%90%a7\/"},"modified":"2026-09-02T09:17:56","modified_gmt":"2026-09-02T13:17:56","slug":"%f0%9d%90%92%f0%9d%90%b2%f0%9d%90%a6%f0%9d%90%9b%f0%9d%90%a8%f0%9d%90%a5%f0%9d%90%9e%f0%9d%90%ac-%f0%9d%90%9e%f0%9d%90%ad-%f0%9d%90%9d%f0%9d%90%a2%f0%9d%90%ac%f0%9d%90%ad%f0%9d%90%a2%f0%9d%90%a7","status":"publish","type":"post","link":"https:\/\/linitiative.ca\/International\/%f0%9d%90%92%f0%9d%90%b2%f0%9d%90%a6%f0%9d%90%9b%f0%9d%90%a8%f0%9d%90%a5%f0%9d%90%9e%f0%9d%90%ac-%f0%9d%90%9e%f0%9d%90%ad-%f0%9d%90%9d%f0%9d%90%a2%f0%9d%90%ac%f0%9d%90%ad%f0%9d%90%a2%f0%9d%90%a7\/","title":{"rendered":"\ud835\udc12\ud835\udc32\ud835\udc26\ud835\udc1b\ud835\udc28\ud835\udc25\ud835\udc1e\ud835\udc2c \ud835\udc1e\ud835\udc2d \ud835\udc1d\ud835\udc22\ud835\udc2c\ud835\udc2d\ud835\udc22\ud835\udc27\ud835\udc1c\ud835\udc2d\ud835\udc22\ud835\udc28\ud835\udc27\ud835\udc2c \ud835\udc21\ud835\udc28\ud835\udc27\ud835\udc28\ud835\udc2b\ud835\udc22\ud835\udc1f\ud835\udc22\ud835\udc2a\ud835\udc2e\ud835\udc1e\ud835\udc2c \ud835\udc1d\ud835\udc1a\ud835\udc27\ud835\udc2c \ud835\udc25\u2019\ud835\udc00\ud835\udc04\ud835\udc12 : \u00ab \ud835\udc0d\u2019\ud835\udc1a\ud835\udc32\ud835\udc28\ud835\udc27\ud835\udc2c \ud835\udc29\ud835\udc1a\ud835\udc2c \ud835\udc29\ud835\udc1e\ud835\udc2e\ud835\udc2b \ud835\udc1d\u2019\ud835\udc1e\u0302\ud835\udc2d\ud835\udc2b\ud835\udc1e \ud835\udc1d\ud835\udc22\ud835\udc1f\ud835\udc1f\ud835\udc1e\u0301\ud835\udc2b\ud835\udc1e\ud835\udc27\ud835\udc2d\ud835\udc2c \u00bb, \ud835\udc1e\ud835\udc31\ud835\udc21\ud835\udc28\ud835\udc2b\ud835\udc2d\ud835\udc1e \ud835\udc25\ud835\udc1e \ud835\udc02\ud835\udc1a\ud835\udc26\ud835\udc1a\ud835\udc2b\ud835\udc1a\ud835\udc1d\ud835\udc1e \ud835\udc0f\ud835\udc2b\ud835\udc1e\ud835\udc26\ud835\udc22\ud835\udc1e\ud835\udc2b \ud835\udc26\ud835\udc22\ud835\udc27\ud835\udc22\ud835\udc2c\ud835\udc2d\ud835\udc2b\ud835\udc1e"},"content":{"rendered":"<div class=\"td-post-featured-image\"><a href=\"https:\/\/www.sidwaya.info\/wp-content\/uploads\/2026\/09\/P-1.jpg\" data-caption=\"\"><img loading=\"lazy\" decoding=\"async\" width=\"696\" height=\"466\" class=\"entry-thumb td-modal-image\" src=\"https:\/\/www.sidwaya.info\/wp-content\/uploads\/2026\/09\/P-1-696x466.jpg\" srcset=\"https:\/\/www.sidwaya.info\/wp-content\/uploads\/2026\/09\/P-1-696x466.jpg 696w, https:\/\/www.sidwaya.info\/wp-content\/uploads\/2026\/09\/P-1-300x201.jpg 300w, https:\/\/www.sidwaya.info\/wp-content\/uploads\/2026\/09\/P-1-768x514.jpg 768w, https:\/\/www.sidwaya.info\/wp-content\/uploads\/2026\/09\/P-1-627x420.jpg 627w, https:\/\/www.sidwaya.info\/wp-content\/uploads\/2026\/09\/P-1-150x100.jpg 150w, https:\/\/www.sidwaya.info\/wp-content\/uploads\/2026\/09\/P-1.jpg 939w\" sizes=\"auto, (max-width: 696px) 100vw, 696px\" alt=\"\" title=\"P\"\/><\/a><\/div>\n<div class=\"x14z9mp xat24cr x1lziwak x1vvkbs xtlvy1s x126k92a\" readability=\"17\">\n<p><strong>Le Premier ministre, Chef du Gouvernement, le Camarade Rimtalba Jean Emmanuel Ou\u00e9draogo, a re\u00e7u en audience, ce mercredi 2 septembre \u00e0 Ouagadougou, une d\u00e9l\u00e9gation des secr\u00e9taires g\u00e9n\u00e9raux des Grandes Chancelleries des pays membres de la Conf\u00e9d\u00e9ration des \u00c9tats du Sahel (AES). Pr\u00e9sent\u00e9e au Chef du Gouvernement par le Grand Chancelier des Ordres burkinab\u00e8, le G\u00e9n\u00e9ral de brigade \u00e0 la retraite Pingrenoma Zagr\u00e9, la d\u00e9l\u00e9gation a recueilli les orientations du Premier ministre pour renforcer la transmission des valeurs nationales \u00e0 la jeunesse et ancrer le syst\u00e8me de reconnaissance du m\u00e9rite dans les identit\u00e9s des peuples.<\/strong><\/p>\n<div dir=\"auto\"><a href=\"https:\/\/www.sidwaya.info\/%f0%9d%90%92%f0%9d%90%b2%f0%9d%90%a6%f0%9d%90%9b%f0%9d%90%a8%f0%9d%90%a5%f0%9d%90%9e%f0%9d%90%ac-%f0%9d%90%9e%f0%9d%90%ad-%f0%9d%90%9d%f0%9d%90%a2%f0%9d%90%ac%f0%9d%90%ad%f0%9d%90%a2%f0%9d%90%a7\/p1-40\/\" rel=\"attachment wp-att-168683\"><img fetchpriority=\"high\" decoding=\"async\" data-attachment-id=\"168683\" data-permalink=\"https:\/\/www.sidwaya.info\/%f0%9d%90%92%f0%9d%90%b2%f0%9d%90%a6%f0%9d%90%9b%f0%9d%90%a8%f0%9d%90%a5%f0%9d%90%9e%f0%9d%90%ac-%f0%9d%90%9e%f0%9d%90%ad-%f0%9d%90%9d%f0%9d%90%a2%f0%9d%90%ac%f0%9d%90%ad%f0%9d%90%a2%f0%9d%90%a7\/p1-40\/\" data-orig-file=\"https:\/\/www.sidwaya.info\/wp-content\/uploads\/2026\/09\/P1-1.jpg\" data-orig-size=\"968,601\" data-comments-opened=\"1\" data-image-meta=\"{&quot;aperture&quot;:&quot;0&quot;,&quot;credit&quot;:&quot;&quot;,&quot;camera&quot;:&quot;&quot;,&quot;caption&quot;:&quot;&quot;,&quot;created_timestamp&quot;:&quot;0&quot;,&quot;copyright&quot;:&quot;&quot;,&quot;focal_length&quot;:&quot;0&quot;,&quot;iso&quot;:&quot;0&quot;,&quot;shutter_speed&quot;:&quot;0&quot;,&quot;title&quot;:&quot;&quot;,&quot;orientation&quot;:&quot;0&quot;,&quot;alt&quot;:&quot;&quot;}\" data-image-title=\"P1\" data-image-description=\"\" data-image-caption=\"\" data-large-file=\"https:\/\/www.sidwaya.info\/wp-content\/uploads\/2026\/09\/P1-1.jpg\" class=\"aligncenter size-full wp-image-168683\" src=\"https:\/\/www.sidwaya.info\/wp-content\/uploads\/2026\/09\/P1-1.jpg\" alt=\"\" width=\"968\" height=\"601\" srcset=\"https:\/\/www.sidwaya.info\/wp-content\/uploads\/2026\/09\/P1-1.jpg 968w, https:\/\/www.sidwaya.info\/wp-content\/uploads\/2026\/09\/P1-1-300x186.jpg 300w, https:\/\/www.sidwaya.info\/wp-content\/uploads\/2026\/09\/P1-1-768x477.jpg 768w, https:\/\/www.sidwaya.info\/wp-content\/uploads\/2026\/09\/P1-1-676x420.jpg 676w, https:\/\/www.sidwaya.info\/wp-content\/uploads\/2026\/09\/P1-1-150x93.jpg 150w, https:\/\/www.sidwaya.info\/wp-content\/uploads\/2026\/09\/P1-1-696x432.jpg 696w, https:\/\/www.sidwaya.info\/wp-content\/uploads\/2026\/09\/P1-1-356x220.jpg 356w\" sizes=\"(max-width: 968px) 100vw, 968px\"\/><\/a><\/div>\n<\/div>\n<div class=\"x14z9mp xat24cr x1lziwak x1vvkbs xtlvy1s x126k92a\" readability=\"12\">\n<p>R\u00e9unis dans la capitale burkinab\u00e8 pour leur premi\u00e8re rencontre technique, les secr\u00e9taires g\u00e9n\u00e9raux des Grandes Chancelleries du Burkina Faso, du Mali et du Niger \u00e9changent sur les cadres juridiques et institutionnels de leurs chancelleries afin de proposer les fondements d\u2019un cadre commun de reconnaissance du m\u00e9rite dans l\u2019espace conf\u00e9d\u00e9ral.<\/p>\n<\/div>\n<div class=\"x14z9mp xat24cr x1lziwak x1vvkbs xtlvy1s x126k92a\" readability=\"14\">\n<p>Le Chef du Gouvernement a salu\u00e9 la tenue d\u2019une telle rencontre, qui s\u2019inscrit dans la dynamique de concertation pr\u00f4n\u00e9e par les leaders des pays de l\u2019AES. Pour le Camarade Premier ministre, les r\u00e9flexions men\u00e9es lors de cette rencontre doivent s\u2019inscrire pleinement dans la d\u00e9marche de rupture et d\u2019affirmation de la souverainet\u00e9 port\u00e9e par les \u00c9tats de l\u2019AES. Relevant que les pratiques de nombreuses chancelleries demeurent largement marqu\u00e9es par l\u2019h\u00e9ritage colonial, il a appel\u00e9 \u00e0 des r\u00e9formes qui accordent toute leur place aux r\u00e9f\u00e9rences historiques, aux identit\u00e9s culturelles et aux valeurs propres aux peuples de la Conf\u00e9d\u00e9ration.<\/p>\n<\/div>\n<div class=\"x14z9mp xat24cr x1lziwak x1vvkbs xtlvy1s x126k92a\" readability=\"12\">\n<p>\u00ab N\u2019ayons pas peur d\u2019\u00eatre diff\u00e9rents. Dans nos discours et dans les symboles, nous devons c\u00e9l\u00e9brer notre identit\u00e9 \u00bb, a affirm\u00e9 le Camarade Premier ministre. Il a ainsi invit\u00e9 ses interlocuteurs \u00e0 puiser dans les traditions et les r\u00e9alit\u00e9s socioculturelles des trois pays pour repenser les formes et les symboles de reconnaissance et de valorisation du m\u00e9rite.<\/p>\n<\/div>\n<div class=\"x14z9mp xat24cr x1lziwak x1vvkbs xtlvy1s x126k92a\" readability=\"14\">\n<p>Le Chef du Gouvernement a \u00e9galement exhort\u00e9 les Grandes Chancelleries \u00e0 mener une communication plus active, particuli\u00e8rement en direction de la jeunesse. Il les a engag\u00e9es \u00e0 int\u00e9grer davantage la p\u00e9dagogie et la sensibilisation dans leurs actions pour faire conna\u00eetre les symboles et les valeurs de la Nation et en expliquer la signification, afin d\u2019\u00e9veiller et de renforcer, chez les jeunes, l\u2019amour de la Patrie et le respect de ses symboles.<\/p>\n<\/div>\n<div dir=\"auto\"><a href=\"https:\/\/www.sidwaya.info\/%f0%9d%90%92%f0%9d%90%b2%f0%9d%90%a6%f0%9d%90%9b%f0%9d%90%a8%f0%9d%90%a5%f0%9d%90%9e%f0%9d%90%ac-%f0%9d%90%9e%f0%9d%90%ad-%f0%9d%90%9d%f0%9d%90%a2%f0%9d%90%ac%f0%9d%90%ad%f0%9d%90%a2%f0%9d%90%a7\/p2-24\/\" rel=\"attachment wp-att-168682\"><img loading=\"lazy\" decoding=\"async\" data-attachment-id=\"168682\" data-permalink=\"https:\/\/www.sidwaya.info\/%f0%9d%90%92%f0%9d%90%b2%f0%9d%90%a6%f0%9d%90%9b%f0%9d%90%a8%f0%9d%90%a5%f0%9d%90%9e%f0%9d%90%ac-%f0%9d%90%9e%f0%9d%90%ad-%f0%9d%90%9d%f0%9d%90%a2%f0%9d%90%ac%f0%9d%90%ad%f0%9d%90%a2%f0%9d%90%a7\/p2-24\/\" data-orig-file=\"https:\/\/www.sidwaya.info\/wp-content\/uploads\/2026\/09\/P2-1.jpg\" data-orig-size=\"1013,675\" data-comments-opened=\"1\" data-image-meta=\"{&quot;aperture&quot;:&quot;0&quot;,&quot;credit&quot;:&quot;&quot;,&quot;camera&quot;:&quot;&quot;,&quot;caption&quot;:&quot;&quot;,&quot;created_timestamp&quot;:&quot;0&quot;,&quot;copyright&quot;:&quot;&quot;,&quot;focal_length&quot;:&quot;0&quot;,&quot;iso&quot;:&quot;0&quot;,&quot;shutter_speed&quot;:&quot;0&quot;,&quot;title&quot;:&quot;&quot;,&quot;orientation&quot;:&quot;0&quot;,&quot;alt&quot;:&quot;&quot;}\" data-image-title=\"P2\" data-image-description=\"\" data-image-caption=\"\" data-large-file=\"https:\/\/www.sidwaya.info\/wp-content\/uploads\/2026\/09\/P2-1.jpg\" class=\"aligncenter size-full wp-image-168682\" src=\"https:\/\/www.sidwaya.info\/wp-content\/uploads\/2026\/09\/P2-1.jpg\" alt=\"\" width=\"1013\" height=\"675\" srcset=\"https:\/\/www.sidwaya.info\/wp-content\/uploads\/2026\/09\/P2-1.jpg 1013w, https:\/\/www.sidwaya.info\/wp-content\/uploads\/2026\/09\/P2-1-300x200.jpg 300w, https:\/\/www.sidwaya.info\/wp-content\/uploads\/2026\/09\/P2-1-768x512.jpg 768w, https:\/\/www.sidwaya.info\/wp-content\/uploads\/2026\/09\/P2-1-630x420.jpg 630w, https:\/\/www.sidwaya.info\/wp-content\/uploads\/2026\/09\/P2-1-150x100.jpg 150w, https:\/\/www.sidwaya.info\/wp-content\/uploads\/2026\/09\/P2-1-696x464.jpg 696w\" sizes=\"auto, (max-width: 1013px) 100vw, 1013px\"\/><\/a><\/div>\n<div class=\"x14z9mp xat24cr x1lziwak x1vvkbs xtlvy1s x126k92a\" readability=\"14\">\n<p>\u00c0 la sortie de l\u2019audience, le Grand Chancelier des Ordres burkinab\u00e8 a pr\u00e9cis\u00e9 la finalit\u00e9 des r\u00e9flexions en cours. \u00ab \u00c0 terme, les conclusions issues de ces travaux devront permettre de d\u00e9finir les valeurs, les crit\u00e8res et les symboles devant encadrer l\u2019attribution des distinctions honorifiques dans l\u2019espace conf\u00e9d\u00e9ral \u00bb, a-t-il soulign\u00e9.<\/p>\n<\/div>\n<div class=\"x14z9mp xat24cr x1lziwak x1vvkbs xtlvy1s x126k92a\" readability=\"13\">\n<p>Pour sa part, Adama Traor\u00e9, chef de cabinet de la Grande Chancellerie du Mali, a rappel\u00e9 que la reconnaissance du m\u00e9rite occupait d\u00e9j\u00e0 une place importante dans les soci\u00e9t\u00e9s africaines, bien avant l\u2019instauration des syst\u00e8mes modernes de d\u00e9corations.<\/p>\n<\/div>\n<div class=\"x14z9mp xat24cr x1lziwak x1vvkbs xtlvy1s x126k92a\" readability=\"12\">\n<p>\u00ab Dans nos traditions, la reconnaissance du m\u00e9rite existait au sein des communaut\u00e9s. Les hommes et les femmes qui faisaient preuve de courage, de bravoure ou qui se distinguaient par leur travail et leur contribution \u00e0 la communaut\u00e9 \u00e9taient reconnus et valoris\u00e9s \u00bb, a-t-il expliqu\u00e9.<\/p>\n<\/div>\n<div dir=\"auto\"><a href=\"https:\/\/www.sidwaya.info\/%f0%9d%90%92%f0%9d%90%b2%f0%9d%90%a6%f0%9d%90%9b%f0%9d%90%a8%f0%9d%90%a5%f0%9d%90%9e%f0%9d%90%ac-%f0%9d%90%9e%f0%9d%90%ad-%f0%9d%90%9d%f0%9d%90%a2%f0%9d%90%ac%f0%9d%90%ad%f0%9d%90%a2%f0%9d%90%a7\/p3-20\/\" rel=\"attachment wp-att-168681\"><img loading=\"lazy\" decoding=\"async\" data-attachment-id=\"168681\" data-permalink=\"https:\/\/www.sidwaya.info\/%f0%9d%90%92%f0%9d%90%b2%f0%9d%90%a6%f0%9d%90%9b%f0%9d%90%a8%f0%9d%90%a5%f0%9d%90%9e%f0%9d%90%ac-%f0%9d%90%9e%f0%9d%90%ad-%f0%9d%90%9d%f0%9d%90%a2%f0%9d%90%ac%f0%9d%90%ad%f0%9d%90%a2%f0%9d%90%a7\/p3-20\/\" data-orig-file=\"https:\/\/www.sidwaya.info\/wp-content\/uploads\/2026\/09\/P3.jpg\" data-orig-size=\"850,1080\" data-comments-opened=\"1\" data-image-meta=\"{&quot;aperture&quot;:&quot;0&quot;,&quot;credit&quot;:&quot;&quot;,&quot;camera&quot;:&quot;&quot;,&quot;caption&quot;:&quot;&quot;,&quot;created_timestamp&quot;:&quot;0&quot;,&quot;copyright&quot;:&quot;&quot;,&quot;focal_length&quot;:&quot;0&quot;,&quot;iso&quot;:&quot;0&quot;,&quot;shutter_speed&quot;:&quot;0&quot;,&quot;title&quot;:&quot;&quot;,&quot;orientation&quot;:&quot;0&quot;,&quot;alt&quot;:&quot;&quot;}\" data-image-title=\"P3\" data-image-description=\"\" data-image-caption=\"\" data-large-file=\"https:\/\/www.sidwaya.info\/wp-content\/uploads\/2026\/09\/P3-806x1024.jpg\" class=\"aligncenter size-full wp-image-168681\" src=\"https:\/\/www.sidwaya.info\/wp-content\/uploads\/2026\/09\/P3.jpg\" alt=\"\" width=\"850\" height=\"1080\" srcset=\"https:\/\/www.sidwaya.info\/wp-content\/uploads\/2026\/09\/P3.jpg 850w, https:\/\/www.sidwaya.info\/wp-content\/uploads\/2026\/09\/P3-236x300.jpg 236w, https:\/\/www.sidwaya.info\/wp-content\/uploads\/2026\/09\/P3-806x1024.jpg 806w, https:\/\/www.sidwaya.info\/wp-content\/uploads\/2026\/09\/P3-768x976.jpg 768w, https:\/\/www.sidwaya.info\/wp-content\/uploads\/2026\/09\/P3-331x420.jpg 331w, https:\/\/www.sidwaya.info\/wp-content\/uploads\/2026\/09\/P3-150x191.jpg 150w, https:\/\/www.sidwaya.info\/wp-content\/uploads\/2026\/09\/P3-300x381.jpg 300w, https:\/\/www.sidwaya.info\/wp-content\/uploads\/2026\/09\/P3-696x884.jpg 696w\" sizes=\"auto, (max-width: 850px) 100vw, 850px\"\/><\/a><\/div>\n<div class=\"x14z9mp xat24cr x1lziwak x1vvkbs xtlvy1s x126k92a\" readability=\"14\">\n<p>Selon lui, les travaux qui les r\u00e9unissent \u00e0 Ouagadougou aux c\u00f4t\u00e9s de leurs homologues burkinab\u00e8 doivent permettre de remettre en lumi\u00e8re ces m\u00e9canismes traditionnels et de les adapter aux r\u00e9alit\u00e9s contemporaines de la Conf\u00e9d\u00e9ration. L\u2019ambition est \u00e9galement de promouvoir une reconnaissance du m\u00e9rite qui valorise toute personne contribuant de mani\u00e8re remarquable, par son engagement, son travail ou sa bravoure, \u00e0 l\u2019\u00e9dification de la Nation et de l\u2019espace conf\u00e9d\u00e9ral.<\/p>\n<\/div>\n<div class=\"x14z9mp xat24cr x1lziwak x1vvkbs xtlvy1s x126k92a\" readability=\"9.2405063291139\">\n<p>Les orientations du Premier ministre invitent ainsi les Grandes Chancelleries \u00e0 conjuguer reconnaissance du m\u00e9rite et transmission des valeurs pour faire des distinctions honorifiques une expression de l\u2019identit\u00e9, du patriotisme et de la souverainet\u00e9 des peuples de l\u2019AES.<\/p>\n<\/div>\n<div class=\"x14z9mp xat24cr x1lziwak x1vvkbs xtlvy1s x126k92a\">\n<p>DCRP\/Primature<\/p>\n<\/div>\n<p>Auteur: BH SIDWAYA<br \/>\n<a href=\"https:\/\/www.sidwaya.info\/%F0%9D%90%92%F0%9D%90%B2%F0%9D%90%A6%F0%9D%90%9B%F0%9D%90%A8%F0%9D%90%A5%F0%9D%90%9E%F0%9D%90%AC-%F0%9D%90%9E%F0%9D%90%AD-%F0%9D%90%9D%F0%9D%90%A2%F0%9D%90%AC%F0%9D%90%AD%F0%9D%90%A2%F0%9D%90%A7\/\">Cliquez ici pour lire l&rsquo;article depuis sa source.<\/a><\/p>\n","protected":false},"excerpt":{"rendered":"<p>Le Premier ministre, Chef du Gouvernement, le Camarade Rimtalba Jean Emmanuel Ou\u00e9draogo, a re\u00e7u en audience, ce mercredi 2 septembre \u00e0 Ouagadougou, une d\u00e9l\u00e9gation des secr\u00e9taires g\u00e9n\u00e9raux des Grandes Chancelleries des pays membres de la Conf\u00e9d\u00e9ration des \u00c9tats du Sahel (AES). Pr\u00e9sent\u00e9e au Chef du Gouvernement par le Grand Chancelier des Ordres burkinab\u00e8, le G\u00e9n\u00e9ral [&hellip;]<\/p>\n","protected":false},"author":1816,"featured_media":191595,"comment_status":"closed","ping_status":"closed","sticky":false,"template":"","format":"standard","meta":{"fifu_image_url":"https:\/\/www.sidwaya.info\/wp-content\/uploads\/2026\/09\/P-1.jpg","fifu_image_alt":"\ud835\udc12\ud835\udc32\ud835\udc26\ud835\udc1b\ud835\udc28\ud835\udc25\ud835\udc1e\ud835\udc2c \ud835\udc1e\ud835\udc2d \ud835\udc1d\ud835\udc22\ud835\udc2c\ud835\udc2d\ud835\udc22\ud835\udc27\ud835\udc1c\ud835\udc2d\ud835\udc22\ud835\udc28\ud835\udc27\ud835\udc2c \ud835\udc21\ud835\udc28\ud835\udc27\ud835\udc28\ud835\udc2b\ud835\udc22\ud835\udc1f\ud835\udc22\ud835\udc2a\ud835\udc2e\ud835\udc1e\ud835\udc2c \ud835\udc1d\ud835\udc1a\ud835\udc27\ud835\udc2c \ud835\udc25\u2019\ud835\udc00\ud835\udc04\ud835\udc12 : \u00ab \ud835\udc0d\u2019\ud835\udc1a\ud835\udc32\ud835\udc28\ud835\udc27\ud835\udc2c \ud835\udc29\ud835\udc1a\ud835\udc2c \ud835\udc29\ud835\udc1e\ud835\udc2e\ud835\udc2b \ud835\udc1d\u2019\ud835\udc1e\u0302\ud835\udc2d\ud835\udc2b\ud835\udc1e \ud835\udc1d\ud835\udc22\ud835\udc1f\ud835\udc1f\ud835\udc1e\u0301\ud835\udc2b\ud835\udc1e\ud835\udc27\ud835\udc2d\ud835\udc2c \u00bb, \ud835\udc1e\ud835\udc31\ud835\udc21\ud835\udc28\ud835\udc2b\ud835\udc2d\ud835\udc1e \ud835\udc25\ud835\udc1e \ud835\udc02\ud835\udc1a\ud835\udc26\ud835\udc1a\ud835\udc2b\ud835\udc1a\ud835\udc1d\ud835\udc1e \ud835\udc0f\ud835\udc2b\ud835\udc1e\ud835\udc26\ud835\udc22\ud835\udc1e\ud835\udc2b \ud835\udc26\ud835\udc22\ud835\udc27\ud835\udc22\ud835\udc2c\ud835\udc2d\ud835\udc2b\ud835\udc1e","footnotes":""},"categories":[73,81],"tags":[],"class_list":["post-191594","post","type-post","status-publish","format-standard","has-post-thumbnail","hentry","category-actualite","category-burkina-faso"],"_links":{"self":[{"href":"https:\/\/linitiative.ca\/International\/wp-json\/wp\/v2\/posts\/191594","targetHints":{"allow":["GET"]}}],"collection":[{"href":"https:\/\/linitiative.ca\/International\/wp-json\/wp\/v2\/posts"}],"about":[{"href":"https:\/\/linitiative.ca\/International\/wp-json\/wp\/v2\/types\/post"}],"author":[{"embeddable":true,"href":"https:\/\/linitiative.ca\/International\/wp-json\/wp\/v2\/users\/1816"}],"replies":[{"embeddable":true,"href":"https:\/\/linitiative.ca\/International\/wp-json\/wp\/v2\/comments?post=191594"}],"version-history":[{"count":0,"href":"https:\/\/linitiative.ca\/International\/wp-json\/wp\/v2\/posts\/191594\/revisions"}],"wp:featuredmedia":[{"embeddable":true,"href":"https:\/\/linitiative.ca\/International\/wp-json\/wp\/v2\/media\/191595"}],"wp:attachment":[{"href":"https:\/\/linitiative.ca\/International\/wp-json\/wp\/v2\/media?parent=191594"}],"wp:term":[{"taxonomy":"category","embeddable":true,"href":"https:\/\/linitiative.ca\/International\/wp-json\/wp\/v2\/categories?post=191594"},{"taxonomy":"post_tag","embeddable":true,"href":"https:\/\/linitiative.ca\/International\/wp-json\/wp\/v2\/tags?post=191594"}],"curies":[{"name":"wp","href":"https:\/\/api.w.org\/{rel}","templated":true}]}}