{"id":191606,"date":"2026-09-02T08:59:46","date_gmt":"2026-09-02T12:59:46","guid":{"rendered":"https:\/\/linitiative.ca\/International\/cooperation-militaire-washington-et-yaounde-securisent-la-flotte-c-208\/"},"modified":"2026-09-02T08:59:46","modified_gmt":"2026-09-02T12:59:46","slug":"cooperation-militaire-washington-et-yaounde-securisent-la-flotte-c-208","status":"publish","type":"post","link":"https:\/\/linitiative.ca\/International\/cooperation-militaire-washington-et-yaounde-securisent-la-flotte-c-208\/","title":{"rendered":"Coop\u00e9ration militaire : Washington et Yaound\u00e9 s\u00e9curisent la flotte C-208"},"content":{"rendered":"<h3>Le Groupe militaire am\u00e9ricain (MILGP) et l\u2019arm\u00e9e de l\u2019air camerounaise ont r\u00e9alis\u00e9 le 1er septembre 2026 un inventaire conjoint de pi\u00e8ces de rechange pour avions C-208 d\u2019une valeur de 254 906 227 FCFA, confirmant l\u2019engagement am\u00e9ricain dans la lutte antiterroriste au Cameroun.<\/h3>\n<p>La coop\u00e9ration militaire am\u00e9ricano-camerounaise se renforce. Le 1er septembre 2026, \u00a0\u00bb<br \/>le Groupe militaire am\u00e9ricain au Cameroun (MILGP) s\u2019est associ\u00e9 \u00e0 l\u2019arm\u00e9e de l\u2019air camerounaise pour r\u00e9aliser un inventaire conjoint des pi\u00e8ces de rechange des avions C-208.<\/p>\n<p>Une op\u00e9ration \u00e9valu\u00e9e \u00e0 254 906 227 FCFA, soit environ 447 580,19 dollars, qui t\u00e9moigne de l\u2019investissement soutenu du gouvernement am\u00e9ricain dans les capacit\u00e9s op\u00e9rationnelles du Cameroun.<br \/>Au-del\u00e0 de l\u2019aspect logistique, cet inventaire vise \u00e0 garantir le maintien en condition op\u00e9rationnelle des moyens a\u00e9riens essentiels dans la lutte contre le terrorisme. Les C-208, appareils cl\u00e9s pour la surveillance et le transport tactique, restent ainsi pleinement mobilisables.<\/p>\n<div readability=\"7\">\n<p>LA SUITE APR\u00c8S LA PUBLICIT\u00c9<\/p>\n<p><ins class=\"adsbygoogle\" data-ad-client=\"ca-pub-9760088965124508\" data-ad-slot=\"2140806877\"\/><br \/>\n<\/div>\n<p>Un geste qui illustre la solidit\u00e9 du partenariat strat\u00e9gique entre Washington et Yaound\u00e9 face aux d\u00e9fis s\u00e9curitaires r\u00e9gionaux.<\/p>\n<p>Auteur: Arnaud Nicolas MAWEL<br \/>\n<a href=\"https:\/\/fr.journalducameroun.com\/cooperation-militaire-washington-et-yaounde-securisent-la-flotte-c-208\/\">Cliquez ici pour lire l&rsquo;article depuis sa source.<\/a><\/p>\n","protected":false},"excerpt":{"rendered":"<p>Le Groupe militaire am\u00e9ricain (MILGP) et l\u2019arm\u00e9e de l\u2019air camerounaise ont r\u00e9alis\u00e9 le 1er septembre 2026 un inventaire conjoint de pi\u00e8ces de rechange pour avions C-208 d\u2019une valeur de 254 906 227 FCFA, confirmant l\u2019engagement am\u00e9ricain dans la lutte antiterroriste au Cameroun. La coop\u00e9ration militaire am\u00e9ricano-camerounaise se renforce. Le 1er septembre 2026, \u00a0\u00bble Groupe militaire [&hellip;]<\/p>\n","protected":false},"author":1965,"featured_media":0,"comment_status":"closed","ping_status":"closed","sticky":false,"template":"","format":"standard","meta":{"fifu_image_url":"","fifu_image_alt":"","footnotes":""},"categories":[73,82],"tags":[],"class_list":["post-191606","post","type-post","status-publish","format-standard","hentry","category-actualite","category-cameroun"],"_links":{"self":[{"href":"https:\/\/linitiative.ca\/International\/wp-json\/wp\/v2\/posts\/191606","targetHints":{"allow":["GET"]}}],"collection":[{"href":"https:\/\/linitiative.ca\/International\/wp-json\/wp\/v2\/posts"}],"about":[{"href":"https:\/\/linitiative.ca\/International\/wp-json\/wp\/v2\/types\/post"}],"author":[{"embeddable":true,"href":"https:\/\/linitiative.ca\/International\/wp-json\/wp\/v2\/users\/1965"}],"replies":[{"embeddable":true,"href":"https:\/\/linitiative.ca\/International\/wp-json\/wp\/v2\/comments?post=191606"}],"version-history":[{"count":0,"href":"https:\/\/linitiative.ca\/International\/wp-json\/wp\/v2\/posts\/191606\/revisions"}],"wp:attachment":[{"href":"https:\/\/linitiative.ca\/International\/wp-json\/wp\/v2\/media?parent=191606"}],"wp:term":[{"taxonomy":"category","embeddable":true,"href":"https:\/\/linitiative.ca\/International\/wp-json\/wp\/v2\/categories?post=191606"},{"taxonomy":"post_tag","embeddable":true,"href":"https:\/\/linitiative.ca\/International\/wp-json\/wp\/v2\/tags?post=191606"}],"curies":[{"name":"wp","href":"https:\/\/api.w.org\/{rel}","templated":true}]}}