{"id":191607,"date":"2026-09-02T08:41:47","date_gmt":"2026-09-02T12:41:47","guid":{"rendered":"https:\/\/linitiative.ca\/International\/grand-prix-c2d-afop-2026-martial-essomba-bala-decroche-la-palme\/"},"modified":"2026-09-02T08:41:47","modified_gmt":"2026-09-02T12:41:47","slug":"grand-prix-c2d-afop-2026-martial-essomba-bala-decroche-la-palme","status":"publish","type":"post","link":"https:\/\/linitiative.ca\/International\/grand-prix-c2d-afop-2026-martial-essomba-bala-decroche-la-palme\/","title":{"rendered":"Grand Prix C2D-AFOP 2026 : Martial Essomba Bala d\u00e9croche la palme"},"content":{"rendered":"<div class=\"td-post-featured-image\"><a href=\"https:\/\/journaldiapason.com\/wp-content\/uploads\/2026\/09\/IMG-20260902-WA0305.jpg\" data-caption=\"\"><img loading=\"lazy\" decoding=\"async\" width=\"444\" height=\"491\" class=\"entry-thumb td-modal-image\" src=\"https:\/\/journaldiapason.com\/wp-content\/uploads\/2026\/09\/IMG-20260902-WA0305.jpg\" srcset=\"https:\/\/journaldiapason.com\/wp-content\/uploads\/2026\/09\/IMG-20260902-WA0305.jpg 444w, https:\/\/journaldiapason.com\/wp-content\/uploads\/2026\/09\/IMG-20260902-WA0305-271x300.jpg 271w, https:\/\/journaldiapason.com\/wp-content\/uploads\/2026\/09\/IMG-20260902-WA0305-380x420.jpg 380w\" sizes=\"auto, (max-width: 444px) 100vw, 444px\" alt=\"\" title=\"IMG-20260902-WA0305\"\/><\/a><\/div>\n<p class=\"wp-block-paragraph\">Le jeune entrepreneur de la r\u00e9gion du Centre a remport\u00e9, le 28 ao\u00fbt \u00e0 Yaound\u00e9, la finale nationale qui r\u00e9unissait les dix laur\u00e9ats r\u00e9gionaux, avec \u00e0 la cl\u00e9 2 millions de Fcfa de financement.<\/p>\n<p class=\"wp-block-paragraph\">Ils \u00e9taient dix. Ils ne sont plus que trois sur le podium. \u00c0 l\u2019issue d\u2019une finale nationale disput\u00e9e le 28 ao\u00fbt 2026 \u00e0 Yaound\u00e9, Martial Essomba Bala, repr\u00e9sentant de la r\u00e9gion du Centre, a remport\u00e9 le Grand Prix de l\u2019entrepreneuriat jeunes C2D-AFOP 2026. Face \u00e0 un jury pr\u00e9sid\u00e9 par Thierry Nyamen, PDG de la marque Tanty, le jeune entrepreneur a su convaincre par la pertinence et le potentiel de son projet.Cette victoire lui permet d\u2019obtenir une prime suppl\u00e9mentaire de 1,5 million de Fcfa, destin\u00e9e au financement de son activit\u00e9.<\/p>\n<figure class=\"wp-block-image size-large\"><img fetchpriority=\"high\" decoding=\"async\" width=\"672\" height=\"1024\" src=\"https:\/\/journaldiapason.com\/wp-content\/uploads\/2026\/09\/208131-672x1024.jpg\" alt=\"\" class=\"wp-image-2580\" srcset=\"https:\/\/journaldiapason.com\/wp-content\/uploads\/2026\/09\/208131-672x1024.jpg 672w, https:\/\/journaldiapason.com\/wp-content\/uploads\/2026\/09\/208131-197x300.jpg 197w, https:\/\/journaldiapason.com\/wp-content\/uploads\/2026\/09\/208131-229x349.jpg 229w, https:\/\/journaldiapason.com\/wp-content\/uploads\/2026\/09\/208131-262x399.jpg 262w, https:\/\/journaldiapason.com\/wp-content\/uploads\/2026\/09\/208131-640x974.jpg 640w, https:\/\/journaldiapason.com\/wp-content\/uploads\/2026\/09\/208131-600x913.jpg 600w, https:\/\/journaldiapason.com\/wp-content\/uploads\/2026\/09\/208131.jpg 681w\" sizes=\"(max-width: 672px) 100vw, 672px\"\/><\/figure>\n<p class=\"wp-block-paragraph\">Il devance Sadam Hissein, repr\u00e9sentant de l\u2019Adamaoua, class\u00e9 deuxi\u00e8me et r\u00e9compens\u00e9 de 1 million de Fcfa, tandis que Yven Landry Kouk am, candidat de la r\u00e9gion de l\u2019Ouest, compl\u00e8te le podium avec une prime de 500 000 Fcfa.Ces r\u00e9compenses viennent saluer des parcours entrepreneuriaux construits dans le cadre de l\u2019accompagnement du C2D \u2013 Formation et insertion des jeunes. Chacun des trois laur\u00e9ats avait d\u00e9j\u00e0 re\u00e7u une prime de 500 000 Fcfa apr\u00e8s sa victoire lors de la finale r\u00e9gionale.Le Grand Prix s\u2019inscrit ainsi dans une dynamique plus large : valoriser les jeunes qui transforment les comp\u00e9tences acquises en v\u00e9ritables initiatives \u00e9conomiques et mettre en lumi\u00e8re les r\u00e9ussites issues de l\u2019accompagnement du C2D. Le programme a permis de former pr\u00e8s de 21 836 jeunes dans les secteurs de l\u2019agriculture, de l\u2019\u00e9levage et de la p\u00eache. Parmi eux, 4 886 jeunes ins\u00e9r\u00e9s ont b\u00e9n\u00e9fici\u00e9 d\u2019un financement non remboursable de 1,5 million de Fcfa pour mettre en \u0153uvre un projet jug\u00e9 viable.Pour cette \u00e9dition, l\u2019innovation et le num\u00e9rique occupent une place importante. IA for Africa Initiatives, partenaire technique de la comp\u00e9tition, accompagne les finalistes dans la d\u00e9couverte et l\u2019utilisation de solutions d\u2019intelligence artificielle adapt\u00e9es \u00e0 leurs activit\u00e9s. Une mani\u00e8re de rappeler que l\u2019entrepreneuriat agropastoral peut aussi s\u2019appuyer sur les nouveaux outils technologiques pour gagner en productivit\u00e9 et en comp\u00e9titivit\u00e9.Cette c\u00e9l\u00e9bration rev\u00eat une port\u00e9e particuli\u00e8re en 2026, ann\u00e9e qui marque les 20 ans du Contrat de D\u00e9sendettement et de D\u00e9veloppement (C2D) au Cameroun.<\/p>\n<figure class=\"wp-block-image size-large\"><img loading=\"lazy\" decoding=\"async\" width=\"1024\" height=\"759\" src=\"https:\/\/journaldiapason.com\/wp-content\/uploads\/2026\/09\/208105-1024x759.jpg\" alt=\"\" class=\"wp-image-2581\" srcset=\"https:\/\/journaldiapason.com\/wp-content\/uploads\/2026\/09\/208105-1024x759.jpg 1024w, https:\/\/journaldiapason.com\/wp-content\/uploads\/2026\/09\/208105-300x222.jpg 300w, https:\/\/journaldiapason.com\/wp-content\/uploads\/2026\/09\/208105-80x59.jpg 80w, https:\/\/journaldiapason.com\/wp-content\/uploads\/2026\/09\/208105-767x569.jpg 767w, https:\/\/journaldiapason.com\/wp-content\/uploads\/2026\/09\/208105-100x75.jpg 100w, https:\/\/journaldiapason.com\/wp-content\/uploads\/2026\/09\/208105-215x159.jpg 215w, https:\/\/journaldiapason.com\/wp-content\/uploads\/2026\/09\/208105-261x194.jpg 261w, https:\/\/journaldiapason.com\/wp-content\/uploads\/2026\/09\/208105-299x222.jpg 299w, https:\/\/journaldiapason.com\/wp-content\/uploads\/2026\/09\/208105-296x219.jpg 296w, https:\/\/journaldiapason.com\/wp-content\/uploads\/2026\/09\/208105-340x252.jpg 340w, https:\/\/journaldiapason.com\/wp-content\/uploads\/2026\/09\/208105-485x360.jpg 485w, https:\/\/journaldiapason.com\/wp-content\/uploads\/2026\/09\/208105-639x474.jpg 639w, https:\/\/journaldiapason.com\/wp-content\/uploads\/2026\/09\/208105-472x350.jpg 472w, https:\/\/journaldiapason.com\/wp-content\/uploads\/2026\/09\/208105-539x400.jpg 539w, https:\/\/journaldiapason.com\/wp-content\/uploads\/2026\/09\/208105-680x504.jpg 680w, https:\/\/journaldiapason.com\/wp-content\/uploads\/2026\/09\/208105-655x486.jpg 655w, https:\/\/journaldiapason.com\/wp-content\/uploads\/2026\/09\/208105-782x580.jpg 782w, https:\/\/journaldiapason.com\/wp-content\/uploads\/2026\/09\/208105-599x444.jpg 599w, https:\/\/journaldiapason.com\/wp-content\/uploads\/2026\/09\/208105.jpg 1052w\" sizes=\"auto, (max-width: 1024px) 100vw, 1024px\"\/><\/figure>\n<p class=\"wp-block-paragraph\">Mis en place en 2006 dans le cadre de la coop\u00e9ration entre le Cameroun et la France, le m\u00e9canisme consiste \u00e0 r\u00e9affecter les remboursements de dette du Cameroun \u00e0 la France au financement de projets de d\u00e9veloppement.En vingt ans, le C2D a soutenu plusieurs secteurs strat\u00e9giques, notamment les infrastructures, l\u2019agriculture, le d\u00e9veloppement rural, la sant\u00e9, l\u2019\u00e9ducation et la formation professionnelle. Le troisi\u00e8me C2D, sign\u00e9 le 30 juin 2016 pour un montant de 401 milliards de Fcfa, a notamment plac\u00e9 la croissance \u00e9conomique, la cr\u00e9ation d\u2019emplois et la r\u00e9duction durable de la pauvret\u00e9 au c\u0153ur de ses priorit\u00e9s.\u00c0 travers le sacre de Martial Essomba Bala, la distinction de Sadam Hissein et Yven Landry Kouk am, le Grand Prix C2D-AFOP 2026 entend donc faire plus que r\u00e9compenser trois jeunes entrepreneurs : il met en vitrine une g\u00e9n\u00e9ration appel\u00e9e \u00e0 faire de l\u2019agriculture, de l\u2019\u00e9levage et de la p\u00eache des leviers d\u2019innovation, d\u2019emploi et de croissance au Cameroun.<\/p>\n<p class=\"wp-block-paragraph\"><strong>L\u00e9on Mgba<\/strong><\/p>\n<p>Auteur: Diapason Media Group Diapason Media Group<br \/>\n<a href=\"https:\/\/journaldiapason.com\/2026\/09\/02\/grand-prix-c2d-afop-2026-martial-essomba-bala-decroche-la-palme\/\">Cliquez ici pour lire l&rsquo;article depuis sa source.<\/a><\/p>\n","protected":false},"excerpt":{"rendered":"<p>Le jeune entrepreneur de la r\u00e9gion du Centre a remport\u00e9, le 28 ao\u00fbt \u00e0 Yaound\u00e9, la finale nationale qui r\u00e9unissait les dix laur\u00e9ats r\u00e9gionaux, avec \u00e0 la cl\u00e9 2 millions de Fcfa de financement. Ils \u00e9taient dix. Ils ne sont plus que trois sur le podium. \u00c0 l\u2019issue d\u2019une finale nationale disput\u00e9e le 28 ao\u00fbt [&hellip;]<\/p>\n","protected":false},"author":1966,"featured_media":191608,"comment_status":"closed","ping_status":"closed","sticky":false,"template":"","format":"standard","meta":{"fifu_image_url":"http:\/\/journaldiapason.com\/wp-content\/uploads\/2026\/09\/IMG-20260902-WA0305.jpg","fifu_image_alt":"Grand Prix C2D-AFOP 2026 : Martial Essomba Bala d\u00e9croche la palme","footnotes":""},"categories":[73,82],"tags":[],"class_list":["post-191607","post","type-post","status-publish","format-standard","has-post-thumbnail","hentry","category-actualite","category-cameroun"],"_links":{"self":[{"href":"https:\/\/linitiative.ca\/International\/wp-json\/wp\/v2\/posts\/191607","targetHints":{"allow":["GET"]}}],"collection":[{"href":"https:\/\/linitiative.ca\/International\/wp-json\/wp\/v2\/posts"}],"about":[{"href":"https:\/\/linitiative.ca\/International\/wp-json\/wp\/v2\/types\/post"}],"author":[{"embeddable":true,"href":"https:\/\/linitiative.ca\/International\/wp-json\/wp\/v2\/users\/1966"}],"replies":[{"embeddable":true,"href":"https:\/\/linitiative.ca\/International\/wp-json\/wp\/v2\/comments?post=191607"}],"version-history":[{"count":0,"href":"https:\/\/linitiative.ca\/International\/wp-json\/wp\/v2\/posts\/191607\/revisions"}],"wp:featuredmedia":[{"embeddable":true,"href":"https:\/\/linitiative.ca\/International\/wp-json\/wp\/v2\/media\/191608"}],"wp:attachment":[{"href":"https:\/\/linitiative.ca\/International\/wp-json\/wp\/v2\/media?parent=191607"}],"wp:term":[{"taxonomy":"category","embeddable":true,"href":"https:\/\/linitiative.ca\/International\/wp-json\/wp\/v2\/categories?post=191607"},{"taxonomy":"post_tag","embeddable":true,"href":"https:\/\/linitiative.ca\/International\/wp-json\/wp\/v2\/tags?post=191607"}],"curies":[{"name":"wp","href":"https:\/\/api.w.org\/{rel}","templated":true}]}}