{"id":191609,"date":"2026-09-02T09:14:06","date_gmt":"2026-09-02T13:14:06","guid":{"rendered":"https:\/\/linitiative.ca\/International\/douala-le-gouvernement-mise-sur-les-cga-pour-sortir-les-pme-de-linformel\/"},"modified":"2026-09-02T09:14:06","modified_gmt":"2026-09-02T13:14:06","slug":"douala-le-gouvernement-mise-sur-les-cga-pour-sortir-les-pme-de-linformel","status":"publish","type":"post","link":"https:\/\/linitiative.ca\/International\/douala-le-gouvernement-mise-sur-les-cga-pour-sortir-les-pme-de-linformel\/","title":{"rendered":"Douala: Le gouvernement mise sur les CGA pour sortir les PME de l\u2019informel"},"content":{"rendered":"<div class=\"td-post-featured-image\"><a href=\"https:\/\/journaldiapason.com\/wp-content\/uploads\/2026\/09\/IMG-20260902-WA0283.jpg\" data-caption=\"\"><img loading=\"lazy\" decoding=\"async\" width=\"640\" height=\"303\" class=\"entry-thumb td-modal-image\" src=\"https:\/\/journaldiapason.com\/wp-content\/uploads\/2026\/09\/IMG-20260902-WA0283-640x303.jpg\" srcset=\"https:\/\/journaldiapason.com\/wp-content\/uploads\/2026\/09\/IMG-20260902-WA0283-640x303.jpg 640w, https:\/\/journaldiapason.com\/wp-content\/uploads\/2026\/09\/IMG-20260902-WA0283-300x142.jpg 300w, https:\/\/journaldiapason.com\/wp-content\/uploads\/2026\/09\/IMG-20260902-WA0283-681x322.jpg 681w, https:\/\/journaldiapason.com\/wp-content\/uploads\/2026\/09\/IMG-20260902-WA0283-600x284.jpg 600w, https:\/\/journaldiapason.com\/wp-content\/uploads\/2026\/09\/IMG-20260902-WA0283.jpg 768w\" sizes=\"auto, (max-width: 640px) 100vw, 640px\" alt=\"\" title=\"IMG-20260902-WA0283\"\/><\/a><\/div>\n<p class=\"wp-block-paragraph\">Du 1er au 2 septembre 2026, la salle des f\u00eates d\u2019Akwa accueille entrepreneurs, responsables des CGA et partenaires institutionnels autour du th\u00e8me : \u00ab Optimisation du dispositif d\u2019accompagnement des entrepreneurs dans les CGA : d\u00e9fis, strat\u00e9gies et perspectives \u00bb.<\/p>\n<p class=\"wp-block-paragraph\">L\u2019\u00e9conomie camerounaise ne se fera pas sans ses entrepreneurs. Le message fort a \u00e9t\u00e9 lanc\u00e9 le 1er septembre 2026 \u00e0 Douala, \u00e0 l\u2019occasion du lancement de la 11e \u00e9dition de la caravane de sensibilisation \u00e0 l\u2019adh\u00e9sion des PME aux Centres de Gestion Agr\u00e9\u00e9s (CGA). La c\u00e9r\u00e9monie d\u2019ouverture a \u00e9t\u00e9 pr\u00e9sid\u00e9e par le ministre des Petites et Moyennes Entreprises, de l\u2019\u00c9conomie Sociale et de l\u2019Artisanat, Achille Bassilekin III, en pr\u00e9sence du gouverneur de la r\u00e9gion du Littoral, Samuel Dieudonn\u00e9 Ivaha Diboua. Le choix de Douala n\u2019est pas anodin. La r\u00e9gion du Littoral concentre une part majeure des tr\u00e8s petites, petites et moyennes entreprises du pays. L\u2019objectif du gouvernement est de rapprocher ces acteurs des dispositifs publics et acc\u00e9l\u00e9rer leur passage du secteur informel vers le formel.<\/p>\n<p class=\"wp-block-paragraph\">Pour convaincre, Achille Bassilekin III a mis en avant les avantages pr\u00e9vus par la loi de finances 2026, dont la reconduction est envisag\u00e9e pour 2027 : *Un cong\u00e9 fiscal de trois ans* pour faciliter le d\u00e9marrage et la consolidation des jeunes entreprises. *Un abattement suppl\u00e9mentaire de 20% sur l\u2019imp\u00f4t* pour les PME qui recrutent et forment des jeunes et des femmes.Un acc\u00e8s facilit\u00e9 \u00e0 la commande publique et des m\u00e9canismes d\u2019accompagnement d\u00e9di\u00e9s \u00e0 l\u2019autonomisation \u00e9conomique des jeunes et des femmes.<\/p>\n<figure class=\"wp-block-image size-large\"><img fetchpriority=\"high\" decoding=\"async\" width=\"1024\" height=\"576\" src=\"https:\/\/journaldiapason.com\/wp-content\/uploads\/2026\/09\/208280-1024x576.jpg\" alt=\"\" class=\"wp-image-2585\" srcset=\"https:\/\/journaldiapason.com\/wp-content\/uploads\/2026\/09\/208280-1024x576.jpg 1024w, https:\/\/journaldiapason.com\/wp-content\/uploads\/2026\/09\/208280-300x169.jpg 300w, https:\/\/journaldiapason.com\/wp-content\/uploads\/2026\/09\/208280-767x431.jpg 767w, https:\/\/journaldiapason.com\/wp-content\/uploads\/2026\/09\/208280-284x160.jpg 284w, https:\/\/journaldiapason.com\/wp-content\/uploads\/2026\/09\/208280-299x168.jpg 299w, https:\/\/journaldiapason.com\/wp-content\/uploads\/2026\/09\/208280-340x191.jpg 340w, https:\/\/journaldiapason.com\/wp-content\/uploads\/2026\/09\/208280-639x359.jpg 639w, https:\/\/journaldiapason.com\/wp-content\/uploads\/2026\/09\/208280-622x350.jpg 622w, https:\/\/journaldiapason.com\/wp-content\/uploads\/2026\/09\/208280-680x382.jpg 680w, https:\/\/journaldiapason.com\/wp-content\/uploads\/2026\/09\/208280-600x337.jpg 600w, https:\/\/journaldiapason.com\/wp-content\/uploads\/2026\/09\/208280.jpg 1080w\" sizes=\"(max-width: 1024px) 100vw, 1024px\"\/><\/figure>\n<p class=\"wp-block-paragraph\">\u00ab Nous avons jug\u00e9 utile de r\u00e9unir les Centres de gestion agr\u00e9\u00e9s avec l\u2019ensemble de ces acteurs pour faire le point sur la mise en \u0153uvre de ces facilit\u00e9s, mais \u00e9galement sur les adh\u00e9sions \u00bb, a expliqu\u00e9 le ministre.<\/p>\n<p class=\"wp-block-paragraph\"><strong>Mobilisation collective pour formaliser l\u2019\u00e9conomie<\/strong><\/p>\n<p class=\"wp-block-paragraph\">\u00ab La question de la formalisation de notre \u00e9conomie est une question collective, une question qui doit nous mobiliser tous. L\u2019\u00e9conomie camerounaise ne peut \u00eatre port\u00e9e par la seule administration \u00bb, a insist\u00e9 Achille Bassilekin III.Cette 11e caravane sert aussi de plateforme d\u2019\u00e9coute. Les pr\u00e9occupations et propositions collect\u00e9es durant ces deux jours \u00e0 Douala devraient nourrir la pr\u00e9paration de la loi de finances 2027, afin de mieux adapter les mesures aux r\u00e9alit\u00e9s des TPE et PME.En multipliant ces caravanes, le gouvernement entend poursuivre sa strat\u00e9gie de structuration du tissu \u00e9conomique national, en ligne avec la vision du Chef de l\u2019\u00c9tat Paul Biya, pour une participation accrue du secteur priv\u00e9 \u00e0 la croissance.<\/p>\n<p class=\"wp-block-paragraph\"><strong>Line<\/strong> <strong>Charlotte Batoum<\/strong><\/p>\n<p>Auteur: Diapason Media Group Diapason Media Group<br \/>\n<a href=\"https:\/\/journaldiapason.com\/2026\/09\/02\/douala-le-gouvernement-mise-sur-les-cga-pour-sortir-les-pme-de-linformel\/\">Cliquez ici pour lire l&rsquo;article depuis sa source.<\/a><\/p>\n","protected":false},"excerpt":{"rendered":"<p>Du 1er au 2 septembre 2026, la salle des f\u00eates d\u2019Akwa accueille entrepreneurs, responsables des CGA et partenaires institutionnels autour du th\u00e8me : \u00ab Optimisation du dispositif d\u2019accompagnement des entrepreneurs dans les CGA : d\u00e9fis, strat\u00e9gies et perspectives \u00bb. L\u2019\u00e9conomie camerounaise ne se fera pas sans ses entrepreneurs. Le message fort a \u00e9t\u00e9 lanc\u00e9 le [&hellip;]<\/p>\n","protected":false},"author":1966,"featured_media":191610,"comment_status":"closed","ping_status":"closed","sticky":false,"template":"","format":"standard","meta":{"fifu_image_url":"http:\/\/journaldiapason.com\/wp-content\/uploads\/2026\/09\/IMG-20260902-WA0283.jpg","fifu_image_alt":"Douala: Le gouvernement mise sur les CGA pour sortir les PME de l\u2019informel","footnotes":""},"categories":[73,82],"tags":[],"class_list":["post-191609","post","type-post","status-publish","format-standard","has-post-thumbnail","hentry","category-actualite","category-cameroun"],"_links":{"self":[{"href":"https:\/\/linitiative.ca\/International\/wp-json\/wp\/v2\/posts\/191609","targetHints":{"allow":["GET"]}}],"collection":[{"href":"https:\/\/linitiative.ca\/International\/wp-json\/wp\/v2\/posts"}],"about":[{"href":"https:\/\/linitiative.ca\/International\/wp-json\/wp\/v2\/types\/post"}],"author":[{"embeddable":true,"href":"https:\/\/linitiative.ca\/International\/wp-json\/wp\/v2\/users\/1966"}],"replies":[{"embeddable":true,"href":"https:\/\/linitiative.ca\/International\/wp-json\/wp\/v2\/comments?post=191609"}],"version-history":[{"count":0,"href":"https:\/\/linitiative.ca\/International\/wp-json\/wp\/v2\/posts\/191609\/revisions"}],"wp:featuredmedia":[{"embeddable":true,"href":"https:\/\/linitiative.ca\/International\/wp-json\/wp\/v2\/media\/191610"}],"wp:attachment":[{"href":"https:\/\/linitiative.ca\/International\/wp-json\/wp\/v2\/media?parent=191609"}],"wp:term":[{"taxonomy":"category","embeddable":true,"href":"https:\/\/linitiative.ca\/International\/wp-json\/wp\/v2\/categories?post=191609"},{"taxonomy":"post_tag","embeddable":true,"href":"https:\/\/linitiative.ca\/International\/wp-json\/wp\/v2\/tags?post=191609"}],"curies":[{"name":"wp","href":"https:\/\/api.w.org\/{rel}","templated":true}]}}