{"id":191612,"date":"2026-09-02T11:45:08","date_gmt":"2026-09-02T15:45:08","guid":{"rendered":"https:\/\/linitiative.ca\/International\/riz-paddy-la-semry-prevoit-6-milliards-fcfa-dinvestissements-pour-accelerer-sa-production\/"},"modified":"2026-09-02T11:45:08","modified_gmt":"2026-09-02T15:45:08","slug":"riz-paddy-la-semry-prevoit-6-milliards-fcfa-dinvestissements-pour-accelerer-sa-production","status":"publish","type":"post","link":"https:\/\/linitiative.ca\/International\/riz-paddy-la-semry-prevoit-6-milliards-fcfa-dinvestissements-pour-accelerer-sa-production\/","title":{"rendered":"Riz Paddy : la Semry pr\u00e9voit 6 milliards FCFA d\u2019investissements pour acc\u00e9l\u00e9rer sa production"},"content":{"rendered":"<div>La Soci\u00e9t\u00e9 d\u2019expansion et de modernisation de la riziculture de Yagoua (Semry) veut acc\u00e9l\u00e9rer sa production de riz Paddy en misant sur la m\u00e9canisation des r\u00e9coltes et le renforcement de l\u2019achat aupr\u00e8s des producteurs.<\/div>\n<p>Auteur: Vicky BAGAL<br \/>\n<a href=\"https:\/\/ecomatin.net\/riz-paddy-la-semry-prevoit-6-milliards-fcfa-dinvestissements-pour-accelerer-sa-production\">Cliquez ici pour lire l&rsquo;article depuis sa source.<\/a><\/p>\n","protected":false},"excerpt":{"rendered":"<p>La Soci\u00e9t\u00e9 d\u2019expansion et de modernisation de la riziculture de Yagoua (Semry) veut acc\u00e9l\u00e9rer sa production de riz Paddy en misant sur la m\u00e9canisation des r\u00e9coltes et le renforcement de l\u2019achat aupr\u00e8s des producteurs. Auteur: Vicky BAGAL Cliquez ici pour lire l&rsquo;article depuis sa source.<\/p>\n","protected":false},"author":1969,"featured_media":0,"comment_status":"closed","ping_status":"closed","sticky":false,"template":"","format":"standard","meta":{"fifu_image_url":"","fifu_image_alt":"","footnotes":""},"categories":[82,78],"tags":[],"class_list":["post-191612","post","type-post","status-publish","format-standard","hentry","category-cameroun","category-economie"],"_links":{"self":[{"href":"https:\/\/linitiative.ca\/International\/wp-json\/wp\/v2\/posts\/191612","targetHints":{"allow":["GET"]}}],"collection":[{"href":"https:\/\/linitiative.ca\/International\/wp-json\/wp\/v2\/posts"}],"about":[{"href":"https:\/\/linitiative.ca\/International\/wp-json\/wp\/v2\/types\/post"}],"author":[{"embeddable":true,"href":"https:\/\/linitiative.ca\/International\/wp-json\/wp\/v2\/users\/1969"}],"replies":[{"embeddable":true,"href":"https:\/\/linitiative.ca\/International\/wp-json\/wp\/v2\/comments?post=191612"}],"version-history":[{"count":0,"href":"https:\/\/linitiative.ca\/International\/wp-json\/wp\/v2\/posts\/191612\/revisions"}],"wp:attachment":[{"href":"https:\/\/linitiative.ca\/International\/wp-json\/wp\/v2\/media?parent=191612"}],"wp:term":[{"taxonomy":"category","embeddable":true,"href":"https:\/\/linitiative.ca\/International\/wp-json\/wp\/v2\/categories?post=191612"},{"taxonomy":"post_tag","embeddable":true,"href":"https:\/\/linitiative.ca\/International\/wp-json\/wp\/v2\/tags?post=191612"}],"curies":[{"name":"wp","href":"https:\/\/api.w.org\/{rel}","templated":true}]}}