{"id":191620,"date":"2026-09-03T06:00:56","date_gmt":"2026-09-03T10:00:56","guid":{"rendered":"https:\/\/linitiative.ca\/International\/neil-el-aynaoui-rejoint-le-rb-leipzig\/"},"modified":"2026-09-03T06:00:56","modified_gmt":"2026-09-03T10:00:56","slug":"neil-el-aynaoui-rejoint-le-rb-leipzig","status":"publish","type":"post","link":"https:\/\/linitiative.ca\/International\/neil-el-aynaoui-rejoint-le-rb-leipzig\/","title":{"rendered":"Neil El Aynaoui rejoint le RB Leipzig"},"content":{"rendered":"<p><strong>Pr\u00eat<\/strong><br \/><strong>L\u2019international marocain Neil El Aynaoui a rejoint le RB Leipzig sous la forme d\u2019un pr\u00eat en provenance de l\u2019AS Rome pour la saison 2026-2027, a annonc\u00e9 mardi le club de Bundesliga.<\/strong><span id=\"more-527340\"\/><br \/>Le club de Leipzig a pr\u00e9cis\u00e9 dans un communiqu\u00e9 qu\u2019il dispose \u00e9galement d\u2019une option d\u2019achat sur le milieu de terrain de 25 ans, qui \u00e9voluera sous le num\u00e9ro 21.<br \/>Le directeur sportif du club, Marcel Sch\u00e4fer, a soulign\u00e9 les qualit\u00e9s du joueur marocain, notamment son activit\u00e9, son agressivit\u00e9 et son intensit\u00e9 sans ballon, ainsi que sa capacit\u00e9 \u00e0 apporter de la dynamique et de la cr\u00e9ativit\u00e9 au milieu de terrain.<br \/>De son c\u00f4t\u00e9, El Aynaoui a estim\u00e9 que le style de jeu du RB Leipzig, caract\u00e9ris\u00e9 par \u201cune forte intensit\u00e9\u201d et \u201cbeaucoup de dynamisme\u201d, correspond bien \u00e0 ses qualit\u00e9s, se disant impatient de d\u00e9couvrir son nouveau club et la ville, et de relever les d\u00e9fis sportifs en Bundesliga, en Ligue des champions et en Coupe d\u2019Allemagne.<br \/>N\u00e9 en France, El Aynaoui a effectu\u00e9 ses d\u00e9buts professionnels \u00e0 l\u2019AS Nancy avant de rejoindre le RC Lens en 2023, puis l\u2019AS Rome en 2025.<br \/>International marocain, le milieu de terrain a \u00e9galement pris part avec les Lions de l\u2019Atlas \u00e0 la Coupe du monde 2026.<br \/>Le transfert d\u2019El Aynaoui vers le championnat allemand intervient le m\u00eame jour que celui de l\u2019autre international marocain Zakaria El Ouahdi, qui a quitt\u00e9 le KRC Genk pour rejoindre le Hamburger SV apr\u00e8s trois saisons en Belgique..<\/p>\n<p>Auteur: ALM<br \/>\n<a href=\"https:\/\/aujourdhui.ma\/sports\/neil-el-aynaoui-rejoint-le-rb-leipzig\">Cliquez ici pour lire l&rsquo;article depuis sa source.<\/a><\/p>\n","protected":false},"excerpt":{"rendered":"<p>Pr\u00eatL\u2019international marocain Neil El Aynaoui a rejoint le RB Leipzig sous la forme d\u2019un pr\u00eat en provenance de l\u2019AS Rome pour la saison 2026-2027, a annonc\u00e9 mardi le club de Bundesliga.Le club de Leipzig a pr\u00e9cis\u00e9 dans un communiqu\u00e9 qu\u2019il dispose \u00e9galement d\u2019une option d\u2019achat sur le milieu de terrain de 25 ans, qui \u00e9voluera [&hellip;]<\/p>\n","protected":false},"author":1759,"featured_media":191621,"comment_status":"closed","ping_status":"closed","sticky":false,"template":"","format":"standard","meta":{"fifu_image_url":"https:\/\/aujourdhui.ma\/wp-content\/uploads\/2026\/09\/Neil-El-Aynaoui-large.jpg","fifu_image_alt":"Neil El Aynaoui rejoint le RB Leipzig","footnotes":""},"categories":[73,54],"tags":[],"class_list":["post-191620","post","type-post","status-publish","format-standard","has-post-thumbnail","hentry","category-actualite","category-maroc"],"_links":{"self":[{"href":"https:\/\/linitiative.ca\/International\/wp-json\/wp\/v2\/posts\/191620","targetHints":{"allow":["GET"]}}],"collection":[{"href":"https:\/\/linitiative.ca\/International\/wp-json\/wp\/v2\/posts"}],"about":[{"href":"https:\/\/linitiative.ca\/International\/wp-json\/wp\/v2\/types\/post"}],"author":[{"embeddable":true,"href":"https:\/\/linitiative.ca\/International\/wp-json\/wp\/v2\/users\/1759"}],"replies":[{"embeddable":true,"href":"https:\/\/linitiative.ca\/International\/wp-json\/wp\/v2\/comments?post=191620"}],"version-history":[{"count":0,"href":"https:\/\/linitiative.ca\/International\/wp-json\/wp\/v2\/posts\/191620\/revisions"}],"wp:featuredmedia":[{"embeddable":true,"href":"https:\/\/linitiative.ca\/International\/wp-json\/wp\/v2\/media\/191621"}],"wp:attachment":[{"href":"https:\/\/linitiative.ca\/International\/wp-json\/wp\/v2\/media?parent=191620"}],"wp:term":[{"taxonomy":"category","embeddable":true,"href":"https:\/\/linitiative.ca\/International\/wp-json\/wp\/v2\/categories?post=191620"},{"taxonomy":"post_tag","embeddable":true,"href":"https:\/\/linitiative.ca\/International\/wp-json\/wp\/v2\/tags?post=191620"}],"curies":[{"name":"wp","href":"https:\/\/api.w.org\/{rel}","templated":true}]}}