{"id":191622,"date":"2026-09-03T06:02:17","date_gmt":"2026-09-03T10:02:17","guid":{"rendered":"https:\/\/linitiative.ca\/International\/khenifra-mise-sur-la-mobilisation-collective-et-la-coordination\/"},"modified":"2026-09-03T06:02:17","modified_gmt":"2026-09-03T10:02:17","slug":"khenifra-mise-sur-la-mobilisation-collective-et-la-coordination","status":"publish","type":"post","link":"https:\/\/linitiative.ca\/International\/khenifra-mise-sur-la-mobilisation-collective-et-la-coordination\/","title":{"rendered":"Kh\u00e9nifra mise sur la mobilisation collective et la coordination"},"content":{"rendered":"<p><strong>La direction provinciale de l\u2019\u00e9ducation nationale \u00e0 Kh\u00e9nifra a tenu, lundi 31 ao\u00fbt 2026, une r\u00e9union de coordination consacr\u00e9e aux pr\u00e9paratifs de la rentr\u00e9e scolaire 2026-2027, dans le cadre du suivi des dispositions prises pour assurer le bon d\u00e9marrage de la nouvelle ann\u00e9e scolaire.<\/strong><span id=\"more-527342\"\/><\/p>\n<p>Cette r\u00e9union, pr\u00e9sid\u00e9e par la directrice provinciale, s\u2019inscrit dans le cadre de la mise en \u0153uvre de la d\u00e9cision minist\u00e9rielle n\u00b0047.26 du 3 juillet 2026 relative \u00e0 l\u2019organisation de l\u2019ann\u00e9e scolaire 2026-2027, ainsi que dans le prolongement des conclusions de la r\u00e9union r\u00e9gionale de coordination tenue le 27 ao\u00fbt dernier autour de la rentr\u00e9e scolaire.<br \/>Elle intervient \u00e9galement dans le cadre du d\u00e9ploiement du plan provincial de communication et de mobilisation, visant \u00e0 renforcer la coordination et la communication entre les diff\u00e9rents acteurs concern\u00e9s par la pr\u00e9paration de cette \u00e9ch\u00e9ance.<br \/>La rencontre, \u00e0 laquelle ont pris part les chefs des diff\u00e9rents services de la Direction provinciale, a \u00e9t\u00e9 consacr\u00e9e \u00e0 l\u2019examen et au suivi des diff\u00e9rentes op\u00e9rations et mesures \u00e0 mettre en \u0153uvre afin de garantir une rentr\u00e9e scolaire r\u00e9ussie et dans les meilleures conditions.<br \/>Dans son allocution d\u2019ouverture, la directrice provinciale a salu\u00e9 les efforts d\u00e9ploy\u00e9s par l\u2019ensemble des services au cours de l\u2019ann\u00e9e scolaire pr\u00e9c\u00e9dente, soulignant l\u2019importance particuli\u00e8re de la rentr\u00e9e actuelle au regard des enjeux strat\u00e9giques qui se posent au syst\u00e8me \u00e9ducatif, notamment la poursuite de la mise en \u0153uvre des projets de la feuille de route pour la r\u00e9forme du syst\u00e8me \u00e9ducatif.<br \/>Les travaux de cette r\u00e9union ont notamment port\u00e9 sur le degr\u00e9 de pr\u00e9paration des \u00e9tablissements scolaires des diff\u00e9rents cycles \u2013 primaire, coll\u00e9gial et qualifiant \u2013 \u00e0 accueillir les \u00e9l\u00e8ves dans de bonnes conditions.<br \/>Les participants ont ainsi examin\u00e9 l\u2019\u00e9tat d\u2019avancement de la pr\u00e9paration des nouveaux \u00e9tablissements scolaires, notamment leur raccordement aux r\u00e9seaux essentiels, tels que l\u2019eau, l\u2019\u00e9lectricit\u00e9 et Internet, ainsi que les conditions d\u2019hygi\u00e8ne, de gardiennage et la disponibilit\u00e9 des \u00e9quipements et besoins logistiques n\u00e9cessaires.<br \/>La r\u00e9union a \u00e9galement permis de faire le point sur les diff\u00e9rentes op\u00e9rations li\u00e9es au soutien social, notamment la g\u00e9n\u00e9ralisation du syst\u00e8me de restauration scolaire, ainsi que sur la gestion des ressources humaines, avec pour objectif d\u2019achever l\u2019ensemble des op\u00e9rations y aff\u00e9rentes avant le 7 septembre 2026.<br \/>Les \u00e9changes ont, par ailleurs, port\u00e9 sur le d\u00e9veloppement de l\u2019enseignement pr\u00e9scolaire, les \u00e9coles de la deuxi\u00e8me chance et la poursuite du d\u00e9ploiement du programme des \u00ab\u00e9tablissements pionniers\u00bb, avec la mise en place des \u00e9valuations, des formations et des \u00e9quipements qui leur sont associ\u00e9s.<br \/>La ma\u00eetrise des structures p\u00e9dagogiques et la mise en \u0153uvre des projets relatifs \u00e0 \u00abl\u2019\u00e9tablissement int\u00e9gr\u00e9\u00bb ont \u00e9galement figur\u00e9 parmi les principaux points examin\u00e9s lors de cette r\u00e9union.<br \/>Au terme de la rencontre, la directrice provinciale a insist\u00e9 sur la n\u00e9cessit\u00e9 de poursuivre la mobilisation collective et de renforcer la coordination entre les diff\u00e9rents services, \u00e0 travers l\u2019\u00e9laboration d\u2019un plan d\u2019action provincial assorti de m\u00e9canismes pr\u00e9cis de suivi et d\u2019\u00e9valuation continue, sous la supervision du comit\u00e9 provincial de pilotage.<br \/>Cette d\u00e9marche vise \u00e0 garantir une rentr\u00e9e scolaire r\u00e9ussie, \u00e0 consolider les principes d\u2019\u00e9galit\u00e9 des chances et \u00e0 am\u00e9liorer la qualit\u00e9 des apprentissages, conform\u00e9ment aux orientations de la feuille de route 2022-2026 et dans le cadre de la mise en \u0153uvre effective du principe \u00abPour une \u00e9cole de qualit\u00e9 pour tous\u00bb.<\/p>\n<p>Auteur: Said Frix<br \/>\n<a href=\"https:\/\/aujourdhui.ma\/actualite\/khenifra-mise-sur-la-mobilisation-collective-et-la-coordination\">Cliquez ici pour lire l&rsquo;article depuis sa source.<\/a><\/p>\n","protected":false},"excerpt":{"rendered":"<p>La direction provinciale de l\u2019\u00e9ducation nationale \u00e0 Kh\u00e9nifra a tenu, lundi 31 ao\u00fbt 2026, une r\u00e9union de coordination consacr\u00e9e aux pr\u00e9paratifs de la rentr\u00e9e scolaire 2026-2027, dans le cadre du suivi des dispositions prises pour assurer le bon d\u00e9marrage de la nouvelle ann\u00e9e scolaire. Cette r\u00e9union, pr\u00e9sid\u00e9e par la directrice provinciale, s\u2019inscrit dans le cadre [&hellip;]<\/p>\n","protected":false},"author":1759,"featured_media":191623,"comment_status":"closed","ping_status":"closed","sticky":false,"template":"","format":"standard","meta":{"fifu_image_url":"https:\/\/aujourdhui.ma\/wp-content\/uploads\/2026\/09\/Khenifra-large.jpg","fifu_image_alt":"Kh\u00e9nifra mise sur la mobilisation collective et la coordination","footnotes":""},"categories":[73,54],"tags":[],"class_list":["post-191622","post","type-post","status-publish","format-standard","has-post-thumbnail","hentry","category-actualite","category-maroc"],"_links":{"self":[{"href":"https:\/\/linitiative.ca\/International\/wp-json\/wp\/v2\/posts\/191622","targetHints":{"allow":["GET"]}}],"collection":[{"href":"https:\/\/linitiative.ca\/International\/wp-json\/wp\/v2\/posts"}],"about":[{"href":"https:\/\/linitiative.ca\/International\/wp-json\/wp\/v2\/types\/post"}],"author":[{"embeddable":true,"href":"https:\/\/linitiative.ca\/International\/wp-json\/wp\/v2\/users\/1759"}],"replies":[{"embeddable":true,"href":"https:\/\/linitiative.ca\/International\/wp-json\/wp\/v2\/comments?post=191622"}],"version-history":[{"count":0,"href":"https:\/\/linitiative.ca\/International\/wp-json\/wp\/v2\/posts\/191622\/revisions"}],"wp:featuredmedia":[{"embeddable":true,"href":"https:\/\/linitiative.ca\/International\/wp-json\/wp\/v2\/media\/191623"}],"wp:attachment":[{"href":"https:\/\/linitiative.ca\/International\/wp-json\/wp\/v2\/media?parent=191622"}],"wp:term":[{"taxonomy":"category","embeddable":true,"href":"https:\/\/linitiative.ca\/International\/wp-json\/wp\/v2\/categories?post=191622"},{"taxonomy":"post_tag","embeddable":true,"href":"https:\/\/linitiative.ca\/International\/wp-json\/wp\/v2\/tags?post=191622"}],"curies":[{"name":"wp","href":"https:\/\/api.w.org\/{rel}","templated":true}]}}