{"id":191624,"date":"2026-09-03T06:03:22","date_gmt":"2026-09-03T10:03:22","guid":{"rendered":"https:\/\/linitiative.ca\/International\/la-26eme-edition-du-festival-national-du-film-de-tanger-reportee-a-mars-prochain\/"},"modified":"2026-09-03T06:03:22","modified_gmt":"2026-09-03T10:03:22","slug":"la-26eme-edition-du-festival-national-du-film-de-tanger-reportee-a-mars-prochain","status":"publish","type":"post","link":"https:\/\/linitiative.ca\/International\/la-26eme-edition-du-festival-national-du-film-de-tanger-reportee-a-mars-prochain\/","title":{"rendered":"La 26\u00e8me \u00e9dition du Festival national du film de Tanger report\u00e9e \u00e0 mars prochain"},"content":{"rendered":"<p><strong>Concertation<\/strong><br \/><strong>Le Centre cin\u00e9matographique marocain (CCM) a d\u00e9cid\u00e9 de reprogrammer la 26\u00e8me \u00e9dition du Festival national du film de Tanger au mois de mars 2027, au lieu de la p\u00e9riode initialement pr\u00e9vue du 23 au 31 octobre 2026.<\/strong><span id=\"more-527345\"\/><\/p>\n<p>Cette d\u00e9cision intervient \u00e0 la suite des demandes et propositions formul\u00e9es par plusieurs organisations professionnelles et acteurs de l\u2019industrie cin\u00e9matographique, en faveur du report de la 26\u00e8me \u00e9dition, indique le CCM dans un communiqu\u00e9.<br \/>Cette d\u00e9cision s\u2019inscrit dans \u00able prolongement de l\u2019approche participative que le Centre cin\u00e9matographique marocain privil\u00e9gie dans ses relations avec les diff\u00e9rentes composantes du secteur\u00bb, poursuit la m\u00eame source, ajoutant qu\u2019elle \u00abtraduit sa volont\u00e9 constante d\u2019\u00eatre \u00e0 l\u2019\u00e9coute des attentes des professionnels et de prendre en consid\u00e9ration les propositions de leurs organisations repr\u00e9sentatives, chaque fois qu\u2019elles sont susceptibles de contribuer \u00e0 l\u2019am\u00e9lioration des conditions d\u2019organisation des manifestations cin\u00e9matographiques nationales et au renforcement de leur rayonnement\u00bb.<br \/>A ce propos, le Centre explique qu\u2019il a, notamment, pris en consid\u00e9ration les observations exprim\u00e9es par les professionnels concernant la forte concentration de festivals et de manifestations cin\u00e9matographiques, tant nationales qu\u2019internationales, durant le mois d\u2019octobre, ainsi que les risques de chevauchement des calendriers susceptibles de limiter la participation des professionnels et des films marocains \u00e0 ces rendez-vous.<br \/>\u00abCette situation est d\u2019autant plus importante que plusieurs festivals internationaux de premier plan appliquent des crit\u00e8res exigeant que les \u0153uvres pr\u00e9sent\u00e9es b\u00e9n\u00e9ficient d\u2019un statut de premi\u00e8re projection\u00bb, pr\u00e9cise le CCM.<br \/>Dans cette perspective, le report du Festival national du film au mois de mars permettra, non seulement de r\u00e9pondre \u00e0 ces pr\u00e9occupations l\u00e9gitimes, mais \u00e9galement de repositionner le Festival dans le calendrier national comme le premier grand rendez-vous cin\u00e9matographique de l\u2019ann\u00e9e, soutient le Centre, ajoutant qu\u2019il marquera, ainsi, le lancement de la saison cin\u00e9matographique nationale, laquelle trouvera son aboutissement, dans sa dimension internationale, avec le Festival international du film de Marrakech.<br \/>\u00abEn acc\u00e9dant \u00e0 cette demande des professionnels, le CCM r\u00e9affirme son engagement \u00e0 poursuivre une d\u00e9marche fond\u00e9e sur la concertation, le dialogue et la coordination avec l\u2019ensemble des acteurs du secteur\u00bb, lit-on dans le communiqu\u00e9.<br \/>Le Centre \u00abentend ainsi r\u00e9unir les meilleures conditions organisationnelles, artistiques et professionnelles pour assurer le succ\u00e8s de la 26\u00e8me \u00e9dition du Festival national du film de Tanger et conforter sa position en tant que rendez-vous incontournable de valorisation de la production cin\u00e9matographique marocaine, de promotion des talents nationaux et de c\u00e9l\u00e9bration de l\u2019ensemble des composantes de l\u2019industrie cin\u00e9matographique\u00bb.<\/p>\n<p>Auteur: ALM<br \/>\n<a href=\"https:\/\/aujourdhui.ma\/culture\/la-26eme-edition-du-festival-national-du-film-de-tanger-reportee-a-mars-prochain\">Cliquez ici pour lire l&rsquo;article depuis sa source.<\/a><\/p>\n","protected":false},"excerpt":{"rendered":"<p>ConcertationLe Centre cin\u00e9matographique marocain (CCM) a d\u00e9cid\u00e9 de reprogrammer la 26\u00e8me \u00e9dition du Festival national du film de Tanger au mois de mars 2027, au lieu de la p\u00e9riode initialement pr\u00e9vue du 23 au 31 octobre 2026. Cette d\u00e9cision intervient \u00e0 la suite des demandes et propositions formul\u00e9es par plusieurs organisations professionnelles et acteurs de [&hellip;]<\/p>\n","protected":false},"author":1759,"featured_media":191625,"comment_status":"closed","ping_status":"closed","sticky":false,"template":"","format":"standard","meta":{"fifu_image_url":"https:\/\/aujourdhui.ma\/wp-content\/uploads\/2026\/09\/marrakech-film-large.jpg","fifu_image_alt":"La 26\u00e8me \u00e9dition du Festival national du film de Tanger report\u00e9e \u00e0 mars prochain","footnotes":""},"categories":[73,54],"tags":[],"class_list":["post-191624","post","type-post","status-publish","format-standard","has-post-thumbnail","hentry","category-actualite","category-maroc"],"_links":{"self":[{"href":"https:\/\/linitiative.ca\/International\/wp-json\/wp\/v2\/posts\/191624","targetHints":{"allow":["GET"]}}],"collection":[{"href":"https:\/\/linitiative.ca\/International\/wp-json\/wp\/v2\/posts"}],"about":[{"href":"https:\/\/linitiative.ca\/International\/wp-json\/wp\/v2\/types\/post"}],"author":[{"embeddable":true,"href":"https:\/\/linitiative.ca\/International\/wp-json\/wp\/v2\/users\/1759"}],"replies":[{"embeddable":true,"href":"https:\/\/linitiative.ca\/International\/wp-json\/wp\/v2\/comments?post=191624"}],"version-history":[{"count":0,"href":"https:\/\/linitiative.ca\/International\/wp-json\/wp\/v2\/posts\/191624\/revisions"}],"wp:featuredmedia":[{"embeddable":true,"href":"https:\/\/linitiative.ca\/International\/wp-json\/wp\/v2\/media\/191625"}],"wp:attachment":[{"href":"https:\/\/linitiative.ca\/International\/wp-json\/wp\/v2\/media?parent=191624"}],"wp:term":[{"taxonomy":"category","embeddable":true,"href":"https:\/\/linitiative.ca\/International\/wp-json\/wp\/v2\/categories?post=191624"},{"taxonomy":"post_tag","embeddable":true,"href":"https:\/\/linitiative.ca\/International\/wp-json\/wp\/v2\/tags?post=191624"}],"curies":[{"name":"wp","href":"https:\/\/api.w.org\/{rel}","templated":true}]}}