{"id":191626,"date":"2026-09-03T13:00:38","date_gmt":"2026-09-03T17:00:38","guid":{"rendered":"https:\/\/linitiative.ca\/International\/linstitut-des-regions-arides-ira-de-medenine-pourrait-il-devenir-pole-scientifique-de-reference-sur-les-zones-arides-et-desertiques\/"},"modified":"2026-09-03T13:00:38","modified_gmt":"2026-09-03T17:00:38","slug":"linstitut-des-regions-arides-ira-de-medenine-pourrait-il-devenir-pole-scientifique-de-reference-sur-les-zones-arides-et-desertiques","status":"publish","type":"post","link":"https:\/\/linitiative.ca\/International\/linstitut-des-regions-arides-ira-de-medenine-pourrait-il-devenir-pole-scientifique-de-reference-sur-les-zones-arides-et-desertiques\/","title":{"rendered":"L\u2019Institut des R\u00e9gions Arides (IRA) de M\u00e9denine pourrait-il devenir p\u00f4le scientifique de r\u00e9f\u00e9rence sur les zones arides et d\u00e9sertiques?"},"content":{"rendered":"<p><span><span><strong>Par Chadli Laroussi &#8211;<\/strong><\/span><\/span> <strong>L\u2019Institut des R\u00e9gions Arides (IRA) de M\u00e9denine m\u00e9rite d\u2019\u00eatre consid\u00e9r\u00e9 comme beaucoup plus qu\u2019un institut r\u00e9gional tunisien. Il constitue progressivement un p\u00f4le scientifique de r\u00e9f\u00e9rence sur les zones arides et d\u00e9sertiques, avec une vocation africaine, m\u00e9diterran\u00e9enne et internationale.<\/strong><\/p>\n<p>Cr\u00e9\u00e9 par la loi n\u00b0 76\/6 du 7 janvier 1976, l\u2019IRA a \u00e9t\u00e9 charg\u00e9 de d\u00e9velopper la recherche agricole dans les milieux arides, de prot\u00e9ger les ressources naturelles et de lutter contre la d\u00e9sertification. Ses travaux couvrent notamment l\u2019\u00e9r\u00e9mologie, l\u2019aridoculture et les oasis, les \u00e9cosyst\u00e8mes pastoraux, l\u2019\u00e9levage et la faune sauvage ainsi que l\u2019\u00e9conomie et les soci\u00e9t\u00e9s rurales.<\/p>\n<p><span><span><strong>1. Pourquoi l&rsquo;IRA de M\u00e9denine est-il devenu important?<br \/><\/strong><\/span><\/span><\/p>\n<p>La particularit\u00e9 de l&rsquo;IRA est d&rsquo;avoir construit sa comp\u00e9tence scientifique <strong>\u00e0 partir d&rsquo;un territoire r\u00e9el confront\u00e9 \u00e0 l&rsquo;aridit\u00e9.<\/strong><\/p>\n<p>Le Sud tunisien constitue en quelque sorte un laboratoire naturel o\u00f9 se rencontrent:<\/p>\n<p><span><strong>\u2022<\/strong><\/span> la raret\u00e9 de l&rsquo;eau;<br \/><span><strong>\u2022<\/strong><\/span> la d\u00e9sertification;<br \/><span><strong>\u2022<\/strong><\/span> la d\u00e9gradation des sols;<br \/><span><strong>\u2022<\/strong><\/span> la s\u00e9cheresse et les changements climatiques;<br \/><span><strong>\u2022<\/strong><\/span> les syst\u00e8mes oasiens;<br \/><span><strong>\u2022<\/strong><\/span> l&rsquo;\u00e9levage pastoral;<br \/><span><strong>\u2022<\/strong><\/span> les plantes adapt\u00e9es \u00e0 la s\u00e9cheresse;<br \/><span><strong>\u2022<\/strong><\/span> les techniques traditionnelles de gestion de l&rsquo;eau;<br \/><span><strong>\u2022<\/strong><\/span> les probl\u00e8mes socio-\u00e9conomiques des populations rurales.<\/p>\n<p>L&rsquo;IRA ne travaille donc pas seulement sur \u00able d\u00e9sert\u00bb au sens g\u00e9ographique: il \u00e9tudie <strong>les relations entre environnement, agriculture, eau, biodiversit\u00e9, \u00e9conomie et soci\u00e9t\u00e9s humaines.<\/strong><br \/>Cette approche explique son ouverture internationale.<\/p>\n<p><span><span><strong>2. Les cinq grands domaines qui constituent son rayonnement<\/strong><\/span><\/span><\/p>\n<p>L&rsquo;organisation scientifique de l&rsquo;IRA repose notamment sur cinq grands domaines: <strong>\u00e9r\u00e9mologie et lutte contre la d\u00e9sertification; aridoculture et cultures oasiennes; \u00e9cosyst\u00e8mes pastoraux; \u00e9levage et faune sauvage; \u00e9conomie et soci\u00e9t\u00e9s rurales.<\/strong><\/p>\n<p><span><span><strong>A. Lutte contre la d\u00e9sertification<\/strong><\/span><\/span><\/p>\n<p>L&rsquo;IRA a accumul\u00e9 une exp\u00e9rience consid\u00e9rable sur:<\/p>\n<p><span><strong>\u2022<\/strong><\/span> l&rsquo;\u00e9rosion \u00e9olienne et hydrique;<br \/><span><strong>\u2022<\/strong><\/span> l&rsquo;ensablement;<br \/><span><strong>\u2022<\/strong><\/span> la restauration des terres d\u00e9grad\u00e9es;<br \/><span><strong>\u2022<\/strong><\/span> la conservation des sols;<br \/><span><strong>\u2022<\/strong><\/span> la v\u00e9g\u00e9tation adapt\u00e9e aux milieux secs;<br \/><span><strong>\u2022<\/strong><\/span> la surveillance de la d\u00e9sertification.<\/p>\n<p>Ces connaissances int\u00e9ressent directement les pays du <strong>Maghreb, du Sahel et du Sahara<\/strong>.<\/p>\n<p><span><span><strong>B. Agriculture en milieu aride<\/strong><\/span><\/span><\/p>\n<p>L&rsquo;une des grandes contributions de l&rsquo;IRA concerne l&rsquo;<strong>aridoculture<\/strong>: comment produire dans un environnement o\u00f9 l&rsquo;eau constitue le principal facteur limitant.<br \/>Cela concerne notamment:<\/p>\n<p><span><strong>\u2022<\/strong><\/span> les cultures r\u00e9sistantes \u00e0 la s\u00e9cheresse;<br \/><span><strong>\u2022<\/strong><\/span> les syst\u00e8mes oasiens;<br \/><span><strong>\u2022<\/strong><\/span> l&rsquo;agriculture sous serre;<br \/><span><strong>\u2022<\/strong><\/span> l&rsquo;irrigation efficiente;<br \/><span><strong>\u2022<\/strong><\/span> la valorisation des ressources locales;<br \/><span><strong>\u2022<\/strong><\/span> l&rsquo;adaptation de l&rsquo;agriculture au changement climatique.<\/p>\n<p><span><span><strong>C. Pastoralisme et \u00e9levage<\/strong><\/span><\/span><\/p>\n<p>L&rsquo;exp\u00e9rience de M\u00e9denine est particuli\u00e8rement int\u00e9ressante pour les r\u00e9gions o\u00f9 l&rsquo;\u00e9levage constitue une activit\u00e9 \u00e9conomique essentielle.<\/p>\n<p>Les recherches concernent notamment:<\/p>\n<p><span><strong>\u2022<\/strong><\/span> les parcours;<br \/><span><strong>\u2022<\/strong><\/span> les petits ruminants;<br \/><span><strong>\u2022<\/strong><\/span> les cam\u00e9lid\u00e9s;<br \/><span><strong>\u2022<\/strong><\/span> les plantes fourrag\u00e8res;<br \/><span><strong>\u2022<\/strong><\/span> la biodiversit\u00e9 pastorale;<br \/><span><strong>\u2022<\/strong><\/span> l&rsquo;adaptation des syst\u00e8mes d&rsquo;\u00e9levage au changement climatique.<\/p>\n<p>En 2026, des partenariats de recherche de l&rsquo;IRA portant sur <strong>les cam\u00e9lid\u00e9s, les petits ruminants et les parcours<\/strong> ont encore \u00e9t\u00e9 mis en avant dans le cadre de collaborations tunisiennes et internationales.<\/p>\n<p><span><span><strong>D. Oasis et gestion de l&rsquo;eau<\/strong><\/span><\/span><\/p>\n<p>C&rsquo;est probablement l&rsquo;un des domaines o\u00f9 l&rsquo;exp\u00e9rience tunisienne poss\u00e8de le plus fort potentiel international.<\/p>\n<p>L&rsquo;oasis repr\u00e9sente un mod\u00e8le ancien d&rsquo;<strong>adaptation humaine \u00e0 l&rsquo;aridit\u00e9<\/strong>:<\/p>\n<p><strong>eau rare <span>\u2192<\/span> organisation collective\u00a0<span>\u2192<\/span> agriculture adapt\u00e9e\u00a0<span>\u2192<\/span> biodiversit\u00e9\u00a0<span>\u2192<\/span> \u00e9conomie locale.<\/strong><\/p>\n<p>L&rsquo;exp\u00e9rience de l&rsquo;IRA peut ainsi int\u00e9resser les pays confront\u00e9s \u00e0 la diminution des ressources hydriques et \u00e0 la d\u00e9sertification.<\/p>\n<p><span><span><strong>3. Le rayonnement africain: un changement d&rsquo;\u00e9chelle<\/strong><\/span><\/span><\/p>\n<p>C&rsquo;est probablement aujourd&rsquo;hui l&rsquo;aspect le plus int\u00e9ressant.<\/p>\n<p>En <strong>mars-avril 2026,<\/strong> l&rsquo;IRA de M\u00e9denine a accueilli une formation consacr\u00e9e \u00e0 <strong>l&rsquo;irrigation et aux techniques de culture sous serre,<\/strong> organis\u00e9e avec l&rsquo;Agence tunisienne de coop\u00e9ration technique (ATCT), l&rsquo;AFTAAC et l&rsquo;UA-SAFGRAD.<\/p>\n<p>La formation a r\u00e9uni <strong>12 cadres provenant de 11 pays africains francophones.<\/strong> L&rsquo;objectif \u00e9tait notamment de leur permettre d&rsquo;acqu\u00e9rir des comp\u00e9tences pratiques qu&rsquo;ils pourraient ensuite transf\u00e9rer dans leurs propres pays.<\/p>\n<p>C&rsquo;est un \u00e9l\u00e9ment tr\u00e8s r\u00e9v\u00e9lateur du rayonnement de l&rsquo;IRA:<br \/><strong>M\u00e9denine n&rsquo;est plus seulement un lieu o\u00f9 l&rsquo;on fait de la recherche sur les r\u00e9gions arides; elle devient un lieu o\u00f9 des experts africains viennent apprendre des solutions applicables dans leurs propres territoires.<\/strong><\/p>\n<p><span><span><strong>4. De M\u00e9denine vers le Sahel<\/strong><\/span><\/span><\/p>\n<p>Le potentiel de coop\u00e9ration est particuli\u00e8rement important avec:<\/p>\n<p><span><strong>\u2022<\/strong><\/span> Mauritanie;<br \/><span><strong>\u2022<\/strong><\/span> Mali;<br \/><span><strong>\u2022<\/strong><\/span> Niger;<br \/><span><strong>\u2022<\/strong><\/span> Tchad;<br \/><span><strong>\u2022<\/strong><\/span> Burkina Faso;<br \/><span><strong>\u2022<\/strong><\/span> S\u00e9n\u00e9gal;<br \/><span><strong>\u2022<\/strong><\/span> Maroc;<br \/><span><strong>\u2022<\/strong><\/span> Alg\u00e9rie;<br \/><span><strong>\u2022<\/strong><\/span> Libye;<br \/><span><strong>\u2022<\/strong><\/span> \u00c9gypte;<br \/><span><strong>\u2022<\/strong><\/span> et, plus largement, les pays africains confront\u00e9s \u00e0 la s\u00e9cheresse et \u00e0 la d\u00e9gradation des terres.<\/p>\n<p>Il existe \u00e9videmment des diff\u00e9rences consid\u00e9rables entre le Sud tunisien et le Sahel. Mais les <strong>probl\u00e9matiques communes<\/strong> sont nombreuses: eau, s\u00e9cheresse, pastoralisme, s\u00e9curit\u00e9 alimentaire, d\u00e9sertification, adaptation climatique et d\u00e9veloppement rural.<\/p>\n<p>L&rsquo;int\u00e9r\u00eat de l&rsquo;IRA est pr\u00e9cis\u00e9ment de pouvoir contribuer \u00e0 l&rsquo;adaptation des solutions plut\u00f4t qu&rsquo;\u00e0 leur simple reproduction.<\/p>\n<p><span><span><strong>5. Un rayonnement \u00e9galement m\u00e9diterran\u00e9en et international<\/strong><\/span><\/span><\/p>\n<p>Le rayonnement de l&rsquo;IRA ne se limite pas \u00e0 l&rsquo;Afrique.<\/p>\n<p>Ses chercheurs ont particip\u00e9 \u00e0 des collaborations scientifiques internationales sur des questions aussi diverses que la t\u00e9l\u00e9d\u00e9tection, l&rsquo;\u00e9rosion \u00e9olienne, les sols, les oasis ou les syst\u00e8mes arides.<\/p>\n<p>Un exemple int\u00e9ressant est une \u00e9tude scientifique internationale publi\u00e9e dans le <em>Journal of Geophysical Research,<\/em> associant notamment un chercheur de l&rsquo;IRA de M\u00e9denine \u00e0 des chercheurs fran\u00e7ais sur la rugosit\u00e9 des surfaces arides et son rapport avec la t\u00e9l\u00e9d\u00e9tection radar.<\/p>\n<p>L&rsquo;IRA a \u00e9galement d\u00e9velopp\u00e9 historiquement des collaborations avec des institutions fran\u00e7aises, europ\u00e9ennes et internationales, notamment autour de la recherche et de la formation sur les zones arides.<\/p>\n<p><span><span><strong>6. Un institut \u00e0 l&rsquo;interface entre science et d\u00e9veloppement<\/strong><\/span><\/span><\/p>\n<p>C&rsquo;est, \u00e0 mon avis, <strong>l&rsquo;une des grandes originalit\u00e9s de l&rsquo;IRA<\/strong>.<\/p>\n<p>Il ne s&rsquo;agit pas uniquement d&rsquo;un laboratoire universitaire produisant des publications.<\/p>\n<p>Son mandat comprend \u00e9galement:<\/p>\n<p><strong>Recherche\u00a0<\/strong><strong><span>\u2192<\/span><\/strong> <strong>exp\u00e9rimentation\u00a0<\/strong><strong><span>\u2192<\/span><\/strong> <strong>formation\u00a0<\/strong><strong><span>\u2192<\/span><\/strong> <strong>transfert de technologie\u00a0<\/strong><strong><span>\u2192<\/span><\/strong> <strong>d\u00e9veloppement rural.<\/strong><\/p>\n<p>Cette cha\u00eene est essentielle pour les r\u00e9gions pauvres en ressources.<\/p>\n<p>L&rsquo;Organisation des Nations unies pour l&rsquo;alimentation et l&rsquo;agriculture (FAO) reconna\u00eet d&rsquo;ailleurs \u00e0 l&rsquo;IRA des fonctions de recherche, de formation, de renforcement des capacit\u00e9s, d&rsquo;appui technique et de collaboration internationale.<\/p>\n<p><span><span><strong>7. L&rsquo;IRA face au changement climatique: une nouvelle dimension<\/strong><\/span><\/span><\/p>\n<p>Le contexte actuel donne \u00e0 l&rsquo;IRA une importance nouvelle.<br \/>Le probl\u00e8me n&rsquo;est plus seulement:<br \/><strong>Comment vivre dans une r\u00e9gion aride?<\/strong><br \/>mais:<br \/><strong>Comment rendre les territoires arides r\u00e9silients face \u00e0 une aridit\u00e9 qui s&rsquo;intensifie?<\/strong><br \/>Cela transforme les priorit\u00e9s scientifiques:<\/p>\n<table width=\"100%\" border=\"1\" cellpadding=\"1\" cellspacing=\"1\">\n<tbody readability=\"7\">\n<tr>\n<td><span><strong>Hier<\/strong><\/span><\/td>\n<td><strong><span>Aujourd&rsquo;hui<\/span><\/strong><\/td>\n<\/tr>\n<tr readability=\"2\">\n<td>Lutte contre la d\u00e9sertification<\/td>\n<td>R\u00e9silience climatique<\/td>\n<\/tr>\n<tr readability=\"4\">\n<td>Agriculture en milieu aride<\/td>\n<td>Agriculture climato-intelligente<\/td>\n<\/tr>\n<tr readability=\"2\">\n<td>Gestion de l&rsquo;eau<\/td>\n<td>\u00c9conomie et s\u00e9curit\u00e9 hydrique<\/td>\n<\/tr>\n<tr readability=\"2\">\n<td>Protection des parcours<\/td>\n<td>Gestion durable des \u00e9cosyst\u00e8mes<\/td>\n<\/tr>\n<tr>\n<td>Oasis<\/td>\n<td>Oasis r\u00e9silientes<\/td>\n<\/tr>\n<tr readability=\"2\">\n<td>\u00c9levage traditionnel<\/td>\n<td>\u00c9levage adapt\u00e9 au changement climatique<\/td>\n<\/tr>\n<tr readability=\"2\">\n<td>Recherche locale<\/td>\n<td>R\u00e9seaux scientifiques internationaux<\/td>\n<\/tr>\n<tr>\n<td>Formation nationale<\/td>\n<td>Coop\u00e9ration Sud-Sud<\/td>\n<\/tr>\n<\/tbody>\n<\/table>\n<p>La formation africaine organis\u00e9e \u00e0 M\u00e9denine en 2026 sur l&rsquo;irrigation et les serres illustre parfaitement cette \u00e9volution.<\/p>\n<p><span><span><strong>8. Une hypoth\u00e8se int\u00e9ressante: faire de M\u00e9denine une \u00abcapitale scientifique des r\u00e9gions arides\u00bb<\/strong><\/span><\/span><\/p>\n<p>On pourrait concevoir un projet international autour du concept:<\/p>\n<p><strong>\u00abM\u00e9denine International Hub for Arid Regions\u00bb<\/strong><\/p>\n<p>ou en fran\u00e7ais:<\/p>\n<p><strong>\u00abP\u00f4le international de M\u00e9denine pour les r\u00e9gions arides\u00bb<\/strong><\/p>\n<p>L&rsquo;IRA pourrait devenir le centre d&rsquo;un r\u00e9seau reliant:<\/p>\n<p><strong>Tunisie <span>\u2192<\/span> Maghreb\u00a0<span>\u2192<\/span> Sahel\u00a0<span>\u2192<\/span> Afrique\u00a0<span>\u2192<\/span> M\u00e9diterran\u00e9e\u00a0<span>\u2192<\/span> Moyen-Orient\u00a0<span>\u2192<\/span> autres r\u00e9gions arides du monde.<\/strong><\/p>\n<p>Ce r\u00e9seau pourrait travailler autour de <strong>six piliers:<\/strong><\/p>\n<p><span><strong>1.<\/strong><\/span><strong>\u00a0Eau et s\u00e9curit\u00e9 hydrique<br \/><span>2.<\/span> Agriculture et oasis<br \/><span>3.<\/span> D\u00e9sertification et restauration des terres<br \/><span>4.<\/span> Pastoralisme et \u00e9levage<br \/><span>5.<\/span> Changement climatique et r\u00e9silience<br \/><span>6.<\/span> T\u00e9l\u00e9d\u00e9tection, IoT, Big Data et IA appliqu\u00e9s aux zones arides<\/strong><\/p>\n<p>Le sixi\u00e8me axe serait particuli\u00e8rement strat\u00e9gique aujourd&rsquo;hui.<\/p>\n<p><span><span><strong>9. L&rsquo;IRA et le projet de \u00abSmart Water Tunisia\u00bb<\/strong><\/span><\/span><\/p>\n<p>L&rsquo;IRA pourrait constituer un <strong>terrain scientifique privil\u00e9gi\u00e9 pour exp\u00e9rimenter une gestion intelligente de l&rsquo;eau en milieu aride:<\/strong><\/p>\n<p><strong>Capteurs IoT\u00a0<\/strong><strong><span>\u2192<\/span><\/strong> <strong>donn\u00e9es hydrologiques\u00a0<\/strong><strong><span>\u2192<\/span><\/strong> <strong>satellites\u00a0<\/strong><strong><span>\u2192<\/span><\/strong> <strong>IA\u00a0<\/strong><strong><span>\u2192<\/span><\/strong> <strong>pr\u00e9vision\u00a0<\/strong><strong><span>\u2192<\/span><\/strong> <strong>irrigation intelligente\u00a0<\/strong><strong><span>\u2192<\/span><\/strong> <strong>\u00e9conomie d&rsquo;eau\u00a0<\/strong><strong><span>\u2192<\/span><\/strong> <strong>d\u00e9cision publique.<\/strong><\/p>\n<p>Cela permettrait de passer d&rsquo;une logique de:<\/p>\n<p><strong>\u00abg\u00e9rer la p\u00e9nurie \u00e0<\/strong> une logique de:<\/p>\n<p><strong>\u00abpiloter intelligemment une ressource rare\u00bb.<\/strong><\/p>\n<p>Et cette exp\u00e9rience pourrait ensuite \u00eatre transf\u00e9r\u00e9e \u00e0 d&rsquo;autres r\u00e9gions arides d&rsquo;Afrique.<\/p>\n<p><span><span><strong>10. conclusion\u00a0\u00a0<\/strong><\/span><\/span><\/p>\n<p><strong>De M\u00e9denine au monde: l&rsquo;IRA comme laboratoire international des r\u00e9gions arides<\/strong><\/p>\n<p>Cr\u00e9\u00e9 en 1976 au c\u0153ur du Sud tunisien, l&rsquo;Institut des R\u00e9gions Arides de M\u00e9denine a progressivement transform\u00e9 une contrainte territoriale \u2014 l&rsquo;aridit\u00e9 \u2014 en un domaine d&rsquo;excellence scientifique. Par ses recherches sur la d\u00e9sertification, l&rsquo;agriculture aride, les oasis, les parcours, l&rsquo;\u00e9levage, les ressources naturelles et les soci\u00e9t\u00e9s rurales, l&rsquo;IRA a construit une expertise dont la port\u00e9e d\u00e9passe largement les fronti\u00e8res tunisiennes. Son ouverture aux partenariats internationaux et, plus r\u00e9cemment, son implication dans la formation de cadres africains, montrent une \u00e9volution importante: <strong>M\u00e9denine tend \u00e0 devenir une plateforme de coop\u00e9ration scientifique et technique entre les territoires arides du Sud.<\/strong><\/p>\n<p><strong>L&rsquo;enjeu de la prochaine \u00e9tape serait de transformer ce rayonnement scientifique en v\u00e9ritable r\u00e9seau international des r\u00e9gions arides,<\/strong> associant recherche, formation, innovation, transfert technologique et politiques publiques. Dans cette perspective, l&rsquo;IRA pourrait jouer pour les r\u00e9gions arides un r\u00f4le comparable \u00e0 celui de certains grands centres internationaux sp\u00e9cialis\u00e9s dans l&rsquo;eau, l&rsquo;agriculture ou le climat.\u00a0<\/p>\n<p><strong>Chadli Laroussi<\/strong><\/p>\n<p>Auteur:<br \/>\n<a href=\"https:\/\/www.leaders.com.tn\/article\/38412-l-institut-des-regions-arides-ira-de-medenine-pourrait-il-devenir-pole-scientifique-de-reference-sur-les-zones-arides-et-desertiques\">Cliquez ici pour lire l&rsquo;article depuis sa source.<\/a><\/p>\n","protected":false},"excerpt":{"rendered":"<p>Par Chadli Laroussi &#8211; L\u2019Institut des R\u00e9gions Arides (IRA) de M\u00e9denine m\u00e9rite d\u2019\u00eatre consid\u00e9r\u00e9 comme beaucoup plus qu\u2019un institut r\u00e9gional tunisien. Il constitue progressivement un p\u00f4le scientifique de r\u00e9f\u00e9rence sur les zones arides et d\u00e9sertiques, avec une vocation africaine, m\u00e9diterran\u00e9enne et internationale. Cr\u00e9\u00e9 par la loi n\u00b0 76\/6 du 7 janvier 1976, l\u2019IRA a \u00e9t\u00e9 [&hellip;]<\/p>\n","protected":false},"author":1772,"featured_media":191627,"comment_status":"closed","ping_status":"closed","sticky":false,"template":"","format":"standard","meta":{"fifu_image_url":"https:\/\/www.leaders.com.tn\/uploads\/content\/thumbnails\/17884246835_content.jpg","fifu_image_alt":"L\u2019Institut des R\u00e9gions Arides (IRA) de M\u00e9denine pourrait-il devenir p\u00f4le scientifique de r\u00e9f\u00e9rence sur les zones arides et d\u00e9sertiques?","footnotes":""},"categories":[73,55],"tags":[],"class_list":["post-191626","post","type-post","status-publish","format-standard","has-post-thumbnail","hentry","category-actualite","category-tunisie"],"_links":{"self":[{"href":"https:\/\/linitiative.ca\/International\/wp-json\/wp\/v2\/posts\/191626","targetHints":{"allow":["GET"]}}],"collection":[{"href":"https:\/\/linitiative.ca\/International\/wp-json\/wp\/v2\/posts"}],"about":[{"href":"https:\/\/linitiative.ca\/International\/wp-json\/wp\/v2\/types\/post"}],"author":[{"embeddable":true,"href":"https:\/\/linitiative.ca\/International\/wp-json\/wp\/v2\/users\/1772"}],"replies":[{"embeddable":true,"href":"https:\/\/linitiative.ca\/International\/wp-json\/wp\/v2\/comments?post=191626"}],"version-history":[{"count":0,"href":"https:\/\/linitiative.ca\/International\/wp-json\/wp\/v2\/posts\/191626\/revisions"}],"wp:featuredmedia":[{"embeddable":true,"href":"https:\/\/linitiative.ca\/International\/wp-json\/wp\/v2\/media\/191627"}],"wp:attachment":[{"href":"https:\/\/linitiative.ca\/International\/wp-json\/wp\/v2\/media?parent=191626"}],"wp:term":[{"taxonomy":"category","embeddable":true,"href":"https:\/\/linitiative.ca\/International\/wp-json\/wp\/v2\/categories?post=191626"},{"taxonomy":"post_tag","embeddable":true,"href":"https:\/\/linitiative.ca\/International\/wp-json\/wp\/v2\/tags?post=191626"}],"curies":[{"name":"wp","href":"https:\/\/api.w.org\/{rel}","templated":true}]}}