{"id":191640,"date":"2026-09-03T07:57:15","date_gmt":"2026-09-03T11:57:15","guid":{"rendered":"https:\/\/linitiative.ca\/International\/cooperation-bilaterale-ouagadougou-et-ankara-reaffirment-leur-volonte-de-donner-un-nouvel-elan-a-leur-cooperation\/"},"modified":"2026-09-03T07:57:15","modified_gmt":"2026-09-03T11:57:15","slug":"cooperation-bilaterale-ouagadougou-et-ankara-reaffirment-leur-volonte-de-donner-un-nouvel-elan-a-leur-cooperation","status":"publish","type":"post","link":"https:\/\/linitiative.ca\/International\/cooperation-bilaterale-ouagadougou-et-ankara-reaffirment-leur-volonte-de-donner-un-nouvel-elan-a-leur-cooperation\/","title":{"rendered":"Coop\u00e9ration bilat\u00e9rale : Ouagadougou et Ankara r\u00e9affirment leur volont\u00e9 de donner un nouvel \u00e9lan \u00e0 leur coop\u00e9ration"},"content":{"rendered":"<div class=\"td-post-featured-image\"><a href=\"https:\/\/www.sidwaya.info\/wp-content\/uploads\/2026\/09\/C-2.jpg\" data-caption=\"\"><img loading=\"lazy\" decoding=\"async\" width=\"696\" height=\"531\" class=\"entry-thumb td-modal-image\" src=\"https:\/\/www.sidwaya.info\/wp-content\/uploads\/2026\/09\/C-2-696x531.jpg\" srcset=\"https:\/\/www.sidwaya.info\/wp-content\/uploads\/2026\/09\/C-2-696x531.jpg 696w, https:\/\/www.sidwaya.info\/wp-content\/uploads\/2026\/09\/C-2-300x229.jpg 300w, https:\/\/www.sidwaya.info\/wp-content\/uploads\/2026\/09\/C-2-1024x781.jpg 1024w, https:\/\/www.sidwaya.info\/wp-content\/uploads\/2026\/09\/C-2-768x586.jpg 768w, https:\/\/www.sidwaya.info\/wp-content\/uploads\/2026\/09\/C-2-1536x1171.jpg 1536w, https:\/\/www.sidwaya.info\/wp-content\/uploads\/2026\/09\/C-2-551x420.jpg 551w, https:\/\/www.sidwaya.info\/wp-content\/uploads\/2026\/09\/C-2-80x60.jpg 80w, https:\/\/www.sidwaya.info\/wp-content\/uploads\/2026\/09\/C-2-150x114.jpg 150w, https:\/\/www.sidwaya.info\/wp-content\/uploads\/2026\/09\/C-2-1068x814.jpg 1068w, https:\/\/www.sidwaya.info\/wp-content\/uploads\/2026\/09\/C-2.jpg 1600w\" sizes=\"auto, (max-width: 696px) 100vw, 696px\" alt=\"\" title=\"C\"\/><\/a><\/div>\n<div class=\"x14z9mp xat24cr x1lziwak x1vvkbs xtlvy1s x126k92a\" readability=\"14\">\n<p><strong>La camarade B\u00eabgnasgnan Stella Eldine KABRE\/KABORE, ministre d\u00e9l\u00e9gu\u00e9e aupr\u00e8s du ministre des Affaires \u00e9trang\u00e8res, a re\u00e7u en audience, le mercredi 02 septembre 2026, l\u2019ambassadeur de la R\u00e9publique de T\u00fcrkiye au Burkina Faso, Son Excellence Madame Feriba Duygu Hokkac\u0131 ESIRGEN.<\/strong><\/p>\n<\/div>\n<div dir=\"auto\"><a href=\"https:\/\/www.sidwaya.info\/cooperation-bilaterale-ouagadougou-et-ankara-reaffirment-leur-volonte-de-donner-un-nouvel-elan-a-leur-cooperation\/c1-17\/\" rel=\"attachment wp-att-168796\"><img fetchpriority=\"high\" decoding=\"async\" data-attachment-id=\"168796\" data-permalink=\"https:\/\/www.sidwaya.info\/cooperation-bilaterale-ouagadougou-et-ankara-reaffirment-leur-volonte-de-donner-un-nouvel-elan-a-leur-cooperation\/c1-17\/\" data-orig-file=\"https:\/\/www.sidwaya.info\/wp-content\/uploads\/2026\/09\/C1-2.jpg\" data-orig-size=\"1600,904\" data-comments-opened=\"1\" data-image-meta=\"{&quot;aperture&quot;:&quot;0&quot;,&quot;credit&quot;:&quot;&quot;,&quot;camera&quot;:&quot;&quot;,&quot;caption&quot;:&quot;&quot;,&quot;created_timestamp&quot;:&quot;0&quot;,&quot;copyright&quot;:&quot;&quot;,&quot;focal_length&quot;:&quot;0&quot;,&quot;iso&quot;:&quot;0&quot;,&quot;shutter_speed&quot;:&quot;0&quot;,&quot;title&quot;:&quot;&quot;,&quot;orientation&quot;:&quot;0&quot;,&quot;alt&quot;:&quot;&quot;}\" data-image-title=\"C1\" data-image-description=\"\" data-image-caption=\"\" data-large-file=\"https:\/\/www.sidwaya.info\/wp-content\/uploads\/2026\/09\/C1-2-1024x579.jpg\" class=\"aligncenter size-full wp-image-168796\" src=\"https:\/\/www.sidwaya.info\/wp-content\/uploads\/2026\/09\/C1-2.jpg\" alt=\"\" width=\"1600\" height=\"904\" srcset=\"https:\/\/www.sidwaya.info\/wp-content\/uploads\/2026\/09\/C1-2.jpg 1600w, https:\/\/www.sidwaya.info\/wp-content\/uploads\/2026\/09\/C1-2-300x170.jpg 300w, https:\/\/www.sidwaya.info\/wp-content\/uploads\/2026\/09\/C1-2-1024x579.jpg 1024w, https:\/\/www.sidwaya.info\/wp-content\/uploads\/2026\/09\/C1-2-768x434.jpg 768w, https:\/\/www.sidwaya.info\/wp-content\/uploads\/2026\/09\/C1-2-1536x868.jpg 1536w, https:\/\/www.sidwaya.info\/wp-content\/uploads\/2026\/09\/C1-2-743x420.jpg 743w, https:\/\/www.sidwaya.info\/wp-content\/uploads\/2026\/09\/C1-2-150x85.jpg 150w, https:\/\/www.sidwaya.info\/wp-content\/uploads\/2026\/09\/C1-2-696x393.jpg 696w, https:\/\/www.sidwaya.info\/wp-content\/uploads\/2026\/09\/C1-2-1068x603.jpg 1068w\" sizes=\"(max-width: 1600px) 100vw, 1600px\"\/><\/a><\/div>\n<div class=\"x14z9mp xat24cr x1lziwak x1vvkbs xtlvy1s x126k92a\" readability=\"11\">\n<p>Au cours des \u00e9changes, les deux personnalit\u00e9s ont pass\u00e9 en revue plusieurs sujets d\u2019int\u00e9r\u00eat commun dans la coop\u00e9ration entre le Burkina Faso et la R\u00e9publique de T\u00fcrkiye, avec un accent particulier sur la n\u00e9cessit\u00e9 de consolider cette coop\u00e9ration.<\/p>\n<\/div>\n<div class=\"x14z9mp xat24cr x1lziwak x1vvkbs xtlvy1s x126k92a\" readability=\"9\">\n<p>Elles ont \u00e9galement \u00e9voqu\u00e9 le soutien r\u00e9ciproque des deux \u00c9tats au sein des instances internationales, traduisant ainsi une convergence de vues sur plusieurs questions d\u2019envergure mondiale.<\/p>\n<div dir=\"auto\"><a href=\"https:\/\/www.sidwaya.info\/cooperation-bilaterale-ouagadougou-et-ankara-reaffirment-leur-volonte-de-donner-un-nouvel-elan-a-leur-cooperation\/c2-14\/\" rel=\"attachment wp-att-168795\"><img loading=\"lazy\" decoding=\"async\" data-attachment-id=\"168795\" data-permalink=\"https:\/\/www.sidwaya.info\/cooperation-bilaterale-ouagadougou-et-ankara-reaffirment-leur-volonte-de-donner-un-nouvel-elan-a-leur-cooperation\/c2-14\/\" data-orig-file=\"https:\/\/www.sidwaya.info\/wp-content\/uploads\/2026\/09\/C2-2.jpg\" data-orig-size=\"1600,946\" data-comments-opened=\"1\" data-image-meta=\"{&quot;aperture&quot;:&quot;0&quot;,&quot;credit&quot;:&quot;&quot;,&quot;camera&quot;:&quot;&quot;,&quot;caption&quot;:&quot;&quot;,&quot;created_timestamp&quot;:&quot;0&quot;,&quot;copyright&quot;:&quot;&quot;,&quot;focal_length&quot;:&quot;0&quot;,&quot;iso&quot;:&quot;0&quot;,&quot;shutter_speed&quot;:&quot;0&quot;,&quot;title&quot;:&quot;&quot;,&quot;orientation&quot;:&quot;0&quot;,&quot;alt&quot;:&quot;&quot;}\" data-image-title=\"C2\" data-image-description=\"\" data-image-caption=\"\" data-large-file=\"https:\/\/www.sidwaya.info\/wp-content\/uploads\/2026\/09\/C2-2-1024x605.jpg\" class=\"aligncenter size-full wp-image-168795\" src=\"https:\/\/www.sidwaya.info\/wp-content\/uploads\/2026\/09\/C2-2.jpg\" alt=\"\" width=\"1600\" height=\"946\" srcset=\"https:\/\/www.sidwaya.info\/wp-content\/uploads\/2026\/09\/C2-2.jpg 1600w, https:\/\/www.sidwaya.info\/wp-content\/uploads\/2026\/09\/C2-2-300x177.jpg 300w, https:\/\/www.sidwaya.info\/wp-content\/uploads\/2026\/09\/C2-2-1024x605.jpg 1024w, https:\/\/www.sidwaya.info\/wp-content\/uploads\/2026\/09\/C2-2-768x454.jpg 768w, https:\/\/www.sidwaya.info\/wp-content\/uploads\/2026\/09\/C2-2-1536x908.jpg 1536w, https:\/\/www.sidwaya.info\/wp-content\/uploads\/2026\/09\/C2-2-710x420.jpg 710w, https:\/\/www.sidwaya.info\/wp-content\/uploads\/2026\/09\/C2-2-150x89.jpg 150w, https:\/\/www.sidwaya.info\/wp-content\/uploads\/2026\/09\/C2-2-696x412.jpg 696w, https:\/\/www.sidwaya.info\/wp-content\/uploads\/2026\/09\/C2-2-1068x631.jpg 1068w\" sizes=\"auto, (max-width: 1600px) 100vw, 1600px\"\/><\/a><\/div>\n<\/div>\n<div class=\"x14z9mp xat24cr x1lziwak x1vvkbs xtlvy1s x126k92a\" readability=\"13\">\n<p>Les discussions ont \u00e9galement port\u00e9 sur la tenue prochaine des consultations politiques entre les deux pays, qui devraient permettre d\u2019approfondir le dialogue bilat\u00e9ral, d\u2019identifier de nouvelles perspectives de coop\u00e9ration et de renforcer la coordination entre Ouagadougou et Ankara, au b\u00e9n\u00e9fice des peuples des deux pays.<\/p>\n<\/div>\n<div class=\"x14z9mp xat24cr x1lziwak x1vvkbs xtlvy1s x126k92a\" readability=\"10\">\n<p>La camarade ministre d\u00e9l\u00e9gu\u00e9e a surtout soulign\u00e9 l\u2019importance d\u2019un accompagnement mutuel accru entre le Burkina Faso et la R\u00e9publique de T\u00fcrkiye, afin de transformer les engagements communs en r\u00e9sultats concrets et mutuellement b\u00e9n\u00e9fiques.<\/p>\n<\/div>\n<p>Auteur: BH SIDWAYA<br \/>\n<a href=\"https:\/\/www.sidwaya.info\/cooperation-bilaterale-ouagadougou-et-ankara-reaffirment-leur-volonte-de-donner-un-nouvel-elan-a-leur-cooperation\/\">Cliquez ici pour lire l&rsquo;article depuis sa source.<\/a><\/p>\n","protected":false},"excerpt":{"rendered":"<p>La camarade B\u00eabgnasgnan Stella Eldine KABRE\/KABORE, ministre d\u00e9l\u00e9gu\u00e9e aupr\u00e8s du ministre des Affaires \u00e9trang\u00e8res, a re\u00e7u en audience, le mercredi 02 septembre 2026, l\u2019ambassadeur de la R\u00e9publique de T\u00fcrkiye au Burkina Faso, Son Excellence Madame Feriba Duygu Hokkac\u0131 ESIRGEN. Au cours des \u00e9changes, les deux personnalit\u00e9s ont pass\u00e9 en revue plusieurs sujets d\u2019int\u00e9r\u00eat commun dans [&hellip;]<\/p>\n","protected":false},"author":1816,"featured_media":191641,"comment_status":"closed","ping_status":"closed","sticky":false,"template":"","format":"standard","meta":{"fifu_image_url":"https:\/\/www.sidwaya.info\/wp-content\/uploads\/2026\/09\/C-2.jpg","fifu_image_alt":"Coop\u00e9ration bilat\u00e9rale : Ouagadougou et Ankara r\u00e9affirment leur volont\u00e9 de donner un nouvel \u00e9lan \u00e0 leur coop\u00e9ration","footnotes":""},"categories":[73,81],"tags":[],"class_list":["post-191640","post","type-post","status-publish","format-standard","has-post-thumbnail","hentry","category-actualite","category-burkina-faso"],"_links":{"self":[{"href":"https:\/\/linitiative.ca\/International\/wp-json\/wp\/v2\/posts\/191640","targetHints":{"allow":["GET"]}}],"collection":[{"href":"https:\/\/linitiative.ca\/International\/wp-json\/wp\/v2\/posts"}],"about":[{"href":"https:\/\/linitiative.ca\/International\/wp-json\/wp\/v2\/types\/post"}],"author":[{"embeddable":true,"href":"https:\/\/linitiative.ca\/International\/wp-json\/wp\/v2\/users\/1816"}],"replies":[{"embeddable":true,"href":"https:\/\/linitiative.ca\/International\/wp-json\/wp\/v2\/comments?post=191640"}],"version-history":[{"count":0,"href":"https:\/\/linitiative.ca\/International\/wp-json\/wp\/v2\/posts\/191640\/revisions"}],"wp:featuredmedia":[{"embeddable":true,"href":"https:\/\/linitiative.ca\/International\/wp-json\/wp\/v2\/media\/191641"}],"wp:attachment":[{"href":"https:\/\/linitiative.ca\/International\/wp-json\/wp\/v2\/media?parent=191640"}],"wp:term":[{"taxonomy":"category","embeddable":true,"href":"https:\/\/linitiative.ca\/International\/wp-json\/wp\/v2\/categories?post=191640"},{"taxonomy":"post_tag","embeddable":true,"href":"https:\/\/linitiative.ca\/International\/wp-json\/wp\/v2\/tags?post=191640"}],"curies":[{"name":"wp","href":"https:\/\/api.w.org\/{rel}","templated":true}]}}