{"id":191644,"date":"2026-09-03T06:33:49","date_gmt":"2026-09-03T10:33:49","guid":{"rendered":"https:\/\/linitiative.ca\/International\/koafec-2026-lia-au-coeur-du-partenariat-coree-afrique-a-seoul\/"},"modified":"2026-09-03T06:33:49","modified_gmt":"2026-09-03T10:33:49","slug":"koafec-2026-lia-au-coeur-du-partenariat-coree-afrique-a-seoul","status":"publish","type":"post","link":"https:\/\/linitiative.ca\/International\/koafec-2026-lia-au-coeur-du-partenariat-coree-afrique-a-seoul\/","title":{"rendered":"KOAFEC 2026 : L\u2019IA au c\u0153ur du partenariat Cor\u00e9e-Afrique \u00e0 S\u00e9oul"},"content":{"rendered":"<h3>Du 8 au 11 septembre \u00e0 S\u00e9oul, la 8e Conf\u00e9rence minist\u00e9rielle Cor\u00e9e-Afrique (KOAFEC) se penche sur le num\u00e9rique. En jeu : 1 000 milliards de dollars de PIB suppl\u00e9mentaires que l\u2019IA pourrait apporter \u00e0 l\u2019Afrique d\u2019ici 2035.<\/h3>\n<p>L\u2019Intelligence artificielle au coeur des enjeux. Du 8 au 11 septembre 2026, S\u00e9oul accueille la 8e Conf\u00e9rence minist\u00e9rielle sur la coop\u00e9ration \u00e9conomique Cor\u00e9e-Afrique (KOAFEC) \u00e0 l\u2019h\u00f4tel Grand Walkerhill.<br \/>Co-organis\u00e9e par le Groupe de la Banque africaine de d\u00e9veloppement, le minist\u00e8re cor\u00e9en des Finances et de l\u2019\u00c9conomie et la Banque cor\u00e9enne d\u2019import-export, la rencontre est plac\u00e9e sous le th\u00e8me \u00ab Exploiter l\u2019IA et les infrastructures num\u00e9riques pour la transformation de l\u2019Afrique \u00bb.<\/p>\n<p>L\u2019\u00e9v\u00e9nement r\u00e9unit d\u00e9cideurs politiques africains et cor\u00e9ens, partenaires de d\u00e9veloppement, investisseurs et leaders des start-up pour explorer comment la technologie peut acc\u00e9l\u00e9rer une croissance inclusive et durable.<\/p>\n<div readability=\"7\">\n<p>LA SUITE APR\u00c8S LA PUBLICIT\u00c9<\/p>\n<p><ins class=\"adsbygoogle\" data-ad-client=\"ca-pub-9760088965124508\" data-ad-slot=\"2140806877\"\/><br \/>\n<\/div>\n<p>Le potentiel est immense : l\u2019intelligence artificielle pourrait ajouter jusqu\u2019\u00e0 1 000 milliards de dollars au PIB africain d\u2019ici 2035. Le d\u00e9bat portera sur les conditions pour saisir cette opportunit\u00e9 : infrastructures, comp\u00e9tences, syst\u00e8mes \u00e9nerg\u00e9tiques, connectivit\u00e9 et politiques adapt\u00e9es.<\/p>\n<p>Auteur: Arnaud Nicolas MAWEL<br \/>\n<a href=\"https:\/\/fr.journalducameroun.com\/koafec-2026-lia-au-coeur-du-partenariat-coree-afrique-a-seoul\/\">Cliquez ici pour lire l&rsquo;article depuis sa source.<\/a><\/p>\n","protected":false},"excerpt":{"rendered":"<p>Du 8 au 11 septembre \u00e0 S\u00e9oul, la 8e Conf\u00e9rence minist\u00e9rielle Cor\u00e9e-Afrique (KOAFEC) se penche sur le num\u00e9rique. En jeu : 1 000 milliards de dollars de PIB suppl\u00e9mentaires que l\u2019IA pourrait apporter \u00e0 l\u2019Afrique d\u2019ici 2035. L\u2019Intelligence artificielle au coeur des enjeux. Du 8 au 11 septembre 2026, S\u00e9oul accueille la 8e Conf\u00e9rence minist\u00e9rielle [&hellip;]<\/p>\n","protected":false},"author":1965,"featured_media":0,"comment_status":"closed","ping_status":"closed","sticky":false,"template":"","format":"standard","meta":{"fifu_image_url":"","fifu_image_alt":"","footnotes":""},"categories":[73,82],"tags":[],"class_list":["post-191644","post","type-post","status-publish","format-standard","hentry","category-actualite","category-cameroun"],"_links":{"self":[{"href":"https:\/\/linitiative.ca\/International\/wp-json\/wp\/v2\/posts\/191644","targetHints":{"allow":["GET"]}}],"collection":[{"href":"https:\/\/linitiative.ca\/International\/wp-json\/wp\/v2\/posts"}],"about":[{"href":"https:\/\/linitiative.ca\/International\/wp-json\/wp\/v2\/types\/post"}],"author":[{"embeddable":true,"href":"https:\/\/linitiative.ca\/International\/wp-json\/wp\/v2\/users\/1965"}],"replies":[{"embeddable":true,"href":"https:\/\/linitiative.ca\/International\/wp-json\/wp\/v2\/comments?post=191644"}],"version-history":[{"count":0,"href":"https:\/\/linitiative.ca\/International\/wp-json\/wp\/v2\/posts\/191644\/revisions"}],"wp:attachment":[{"href":"https:\/\/linitiative.ca\/International\/wp-json\/wp\/v2\/media?parent=191644"}],"wp:term":[{"taxonomy":"category","embeddable":true,"href":"https:\/\/linitiative.ca\/International\/wp-json\/wp\/v2\/categories?post=191644"},{"taxonomy":"post_tag","embeddable":true,"href":"https:\/\/linitiative.ca\/International\/wp-json\/wp\/v2\/tags?post=191644"}],"curies":[{"name":"wp","href":"https:\/\/api.w.org\/{rel}","templated":true}]}}