{"id":191645,"date":"2026-09-03T06:46:42","date_gmt":"2026-09-03T10:46:42","guid":{"rendered":"https:\/\/linitiative.ca\/International\/reforme-fonciere-le-mindcaf-passe-a-laction\/"},"modified":"2026-09-03T06:46:42","modified_gmt":"2026-09-03T10:46:42","slug":"reforme-fonciere-le-mindcaf-passe-a-laction","status":"publish","type":"post","link":"https:\/\/linitiative.ca\/International\/reforme-fonciere-le-mindcaf-passe-a-laction\/","title":{"rendered":"R\u00e9forme fonci\u00e8re : le MINDCAF passe \u00e0 l\u2019action"},"content":{"rendered":"<h3>Le 1er septembre 2026 \u00e0 Yaound\u00e9, le ministre Henri Eyebe Ayissi a pr\u00e9sid\u00e9 les assises sp\u00e9ciales sur la r\u00e9forme fonci\u00e8re, annon\u00e7ant l\u2019application imm\u00e9diate des lettres-circulaires 2024-2026 et la lettre-circulaire n\u00b00005 du 31 ao\u00fbt dernier sur les Commissions consultatives.<\/h3>\n<p>Le Conseil r\u00e9gional du Centre a abrit\u00e9 le 1er septembre 2026, les assises sp\u00e9ciales consacr\u00e9es au lancement officiel des lettres-circulaires et instructions minist\u00e9rielles 2024-2026 pour la gouvernance fonci\u00e8re.<\/p>\n<p>Pr\u00e9sid\u00e9e par le ministre des Domaines, du Cadastre et des Affaires Fonci\u00e8res, Henri Eyebe Ayissi, la rencontre a r\u00e9uni autorit\u00e9s administratives, chefs traditionnels et acteurs de la cha\u00eene fonci\u00e8re.<\/p>\n<div readability=\"7\">\n<p>LA SUITE APR\u00c8S LA PUBLICIT\u00c9<\/p>\n<p><ins class=\"adsbygoogle\" data-ad-client=\"ca-pub-9760088965124508\" data-ad-slot=\"2140806877\"\/><br \/>\n<\/div>\n<p>Le ministre a rappel\u00e9 les limites de l\u2019ordonnance de 1974 face \u00e0 la pression d\u00e9mographique, l\u2019urbanisation et les contentieux, et justifi\u00e9 la r\u00e9forme engag\u00e9e dans le cadre de la SND30 et des directives de la FAO.<\/p>\n<p>Deux annonces majeures : la signature de la Lettre-Circulaire n\u00b00005 du 31 ao\u00fbt 2026 fixant les modalit\u00e9s de d\u00e9signation des notables au sein des Commissions Consultatives, et une \u00e9valuation rigoureuse lors du d\u00e9bat parlementaire sur le futur projet de loi foncier.<\/p>\n<p>Le MINDCAF a prescrit l\u2019application stricte et imm\u00e9diate : fichier annuel actualis\u00e9 des attestations des chefferies de 3e degr\u00e9, bar\u00e8mes de descente des commissions et soumission de tous les dossiers en cours aux nouvelles r\u00e8gles, sous peine de sanctions.<\/p>\n<p>Auteur: Arnaud Nicolas MAWEL<br \/>\n<a href=\"https:\/\/fr.journalducameroun.com\/reforme-fonciere-le-mindcaf-passe-a-laction\/\">Cliquez ici pour lire l&rsquo;article depuis sa source.<\/a><\/p>\n","protected":false},"excerpt":{"rendered":"<p>Le 1er septembre 2026 \u00e0 Yaound\u00e9, le ministre Henri Eyebe Ayissi a pr\u00e9sid\u00e9 les assises sp\u00e9ciales sur la r\u00e9forme fonci\u00e8re, annon\u00e7ant l\u2019application imm\u00e9diate des lettres-circulaires 2024-2026 et la lettre-circulaire n\u00b00005 du 31 ao\u00fbt dernier sur les Commissions consultatives. Le Conseil r\u00e9gional du Centre a abrit\u00e9 le 1er septembre 2026, les assises sp\u00e9ciales consacr\u00e9es au lancement [&hellip;]<\/p>\n","protected":false},"author":1965,"featured_media":0,"comment_status":"closed","ping_status":"closed","sticky":false,"template":"","format":"standard","meta":{"fifu_image_url":"","fifu_image_alt":"","footnotes":""},"categories":[73,82],"tags":[],"class_list":["post-191645","post","type-post","status-publish","format-standard","hentry","category-actualite","category-cameroun"],"_links":{"self":[{"href":"https:\/\/linitiative.ca\/International\/wp-json\/wp\/v2\/posts\/191645","targetHints":{"allow":["GET"]}}],"collection":[{"href":"https:\/\/linitiative.ca\/International\/wp-json\/wp\/v2\/posts"}],"about":[{"href":"https:\/\/linitiative.ca\/International\/wp-json\/wp\/v2\/types\/post"}],"author":[{"embeddable":true,"href":"https:\/\/linitiative.ca\/International\/wp-json\/wp\/v2\/users\/1965"}],"replies":[{"embeddable":true,"href":"https:\/\/linitiative.ca\/International\/wp-json\/wp\/v2\/comments?post=191645"}],"version-history":[{"count":0,"href":"https:\/\/linitiative.ca\/International\/wp-json\/wp\/v2\/posts\/191645\/revisions"}],"wp:attachment":[{"href":"https:\/\/linitiative.ca\/International\/wp-json\/wp\/v2\/media?parent=191645"}],"wp:term":[{"taxonomy":"category","embeddable":true,"href":"https:\/\/linitiative.ca\/International\/wp-json\/wp\/v2\/categories?post=191645"},{"taxonomy":"post_tag","embeddable":true,"href":"https:\/\/linitiative.ca\/International\/wp-json\/wp\/v2\/tags?post=191645"}],"curies":[{"name":"wp","href":"https:\/\/api.w.org\/{rel}","templated":true}]}}