{"id":191647,"date":"2026-09-03T07:43:00","date_gmt":"2026-09-03T11:43:00","guid":{"rendered":"https:\/\/linitiative.ca\/International\/yaounde-lhopital-central-celebre-la-kinesitherapie-et-la-lutte-contre-les-avc\/"},"modified":"2026-09-03T07:43:00","modified_gmt":"2026-09-03T11:43:00","slug":"yaounde-lhopital-central-celebre-la-kinesitherapie-et-la-lutte-contre-les-avc","status":"publish","type":"post","link":"https:\/\/linitiative.ca\/International\/yaounde-lhopital-central-celebre-la-kinesitherapie-et-la-lutte-contre-les-avc\/","title":{"rendered":"Yaound\u00e9 : l\u2019H\u00f4pital Central c\u00e9l\u00e8bre la kin\u00e9sith\u00e9rapie et la lutte contre les AVC"},"content":{"rendered":"<h3>Du 1er au 8 septembre 2026, l\u2019H\u00f4pital Central de Yaound\u00e9 organise une semaine d\u00e9di\u00e9e \u00e0 la kin\u00e9sith\u00e9rapie avec bilans gratuits et symposium sur les maladies cardiovasculaires et les AVC, pour promouvoir l\u2019acc\u00e8s aux soins et la r\u00e9\u00e9ducation fonctionnelle.<\/h3>\n<p>Depuis le 1er septembre 2026, l\u2019H\u00f4pital Central de Yaound\u00e9 c\u00e9l\u00e8bre la kin\u00e9sith\u00e9rapie \u00e0 travers une s\u00e9rie d\u2019activit\u00e9s sanitaires et scientifiques qui se poursuivent jusqu\u2019au 8 septembre prochain.<\/p>\n<p>Jusqu\u2019au 7 septembre, l\u2019\u00e9tablissement propose aux populations des bilans et prises en charge kin\u00e9sith\u00e9rapiques gratuits. Une initiative forte dans un contexte o\u00f9 l\u2019acc\u00e8s aux soins de r\u00e9\u00e9ducation reste un d\u00e9fi pour de nombreux Camerounais.<\/p>\n<div readability=\"7\">\n<p>LA SUITE APR\u00c8S LA PUBLICIT\u00c9<\/p>\n<p><ins class=\"adsbygoogle\" data-ad-client=\"ca-pub-9760088965124508\" data-ad-slot=\"2140806877\"\/><br \/>\n<\/div>\n<p>Selon \u00c9lys\u00e9e Mvondo, Major du Service de Physio-Kin\u00e9sith\u00e9rapie, cette campagne vise \u00e0 faciliter l\u2019acc\u00e8s aux soins, \u00e0 sensibiliser sur l\u2019importance de la r\u00e9\u00e9ducation et \u00e0 mettre en lumi\u00e8re le r\u00f4le essentiel des kin\u00e9sith\u00e9rapeutes dans la r\u00e9cup\u00e9ration fonctionnelle et l\u2019autonomie des patients, notamment apr\u00e8s un accident vasculaire c\u00e9r\u00e9bral (AVC).<\/p>\n<p>Le point d\u2019orgue est pr\u00e9vu le 8 septembre, \u00e0 l\u2019occasion de la Journ\u00e9e internationale de la kin\u00e9sith\u00e9rapie. Un symposium consacr\u00e9 aux \u00ab maladies cardiovasculaires et aux AVC \u00bb cl\u00f4turera la semaine. Ce rendez-vous scientifique r\u00e9unit m\u00e9decins, kin\u00e9sith\u00e9rapeutes et infirmiers autour de la pr\u00e9vention, de la prise en charge et de la r\u00e9\u00e9ducation de ces pathologies, premi\u00e8re cause de handicap acquis.<\/p>\n<p>\u00c0 travers cette mobilisation, l\u2019H\u00f4pital Central de Yaound\u00e9 r\u00e9affirme son engagement en faveur de soins accessibles et de qualit\u00e9, conform\u00e9ment \u00e0 sa devise : \u00ab Service \u2013 Qualit\u00e9 \u2013 Probit\u00e9 \u00bb.<\/p>\n<p>Auteur: Arnaud Nicolas MAWEL<br \/>\n<a href=\"https:\/\/fr.journalducameroun.com\/yaounde-lhopital-central-celebre-la-kinesitherapie-et-la-lutte-contre-les-avc\/\">Cliquez ici pour lire l&rsquo;article depuis sa source.<\/a><\/p>\n","protected":false},"excerpt":{"rendered":"<p>Du 1er au 8 septembre 2026, l\u2019H\u00f4pital Central de Yaound\u00e9 organise une semaine d\u00e9di\u00e9e \u00e0 la kin\u00e9sith\u00e9rapie avec bilans gratuits et symposium sur les maladies cardiovasculaires et les AVC, pour promouvoir l\u2019acc\u00e8s aux soins et la r\u00e9\u00e9ducation fonctionnelle. Depuis le 1er septembre 2026, l\u2019H\u00f4pital Central de Yaound\u00e9 c\u00e9l\u00e8bre la kin\u00e9sith\u00e9rapie \u00e0 travers une s\u00e9rie d\u2019activit\u00e9s [&hellip;]<\/p>\n","protected":false},"author":1965,"featured_media":0,"comment_status":"closed","ping_status":"closed","sticky":false,"template":"","format":"standard","meta":{"fifu_image_url":"","fifu_image_alt":"","footnotes":""},"categories":[73,82],"tags":[],"class_list":["post-191647","post","type-post","status-publish","format-standard","hentry","category-actualite","category-cameroun"],"_links":{"self":[{"href":"https:\/\/linitiative.ca\/International\/wp-json\/wp\/v2\/posts\/191647","targetHints":{"allow":["GET"]}}],"collection":[{"href":"https:\/\/linitiative.ca\/International\/wp-json\/wp\/v2\/posts"}],"about":[{"href":"https:\/\/linitiative.ca\/International\/wp-json\/wp\/v2\/types\/post"}],"author":[{"embeddable":true,"href":"https:\/\/linitiative.ca\/International\/wp-json\/wp\/v2\/users\/1965"}],"replies":[{"embeddable":true,"href":"https:\/\/linitiative.ca\/International\/wp-json\/wp\/v2\/comments?post=191647"}],"version-history":[{"count":0,"href":"https:\/\/linitiative.ca\/International\/wp-json\/wp\/v2\/posts\/191647\/revisions"}],"wp:attachment":[{"href":"https:\/\/linitiative.ca\/International\/wp-json\/wp\/v2\/media?parent=191647"}],"wp:term":[{"taxonomy":"category","embeddable":true,"href":"https:\/\/linitiative.ca\/International\/wp-json\/wp\/v2\/categories?post=191647"},{"taxonomy":"post_tag","embeddable":true,"href":"https:\/\/linitiative.ca\/International\/wp-json\/wp\/v2\/tags?post=191647"}],"curies":[{"name":"wp","href":"https:\/\/api.w.org\/{rel}","templated":true}]}}