{"id":191656,"date":"2026-09-03T12:16:26","date_gmt":"2026-09-03T16:16:26","guid":{"rendered":"https:\/\/linitiative.ca\/International\/cameroun-linvestissement-prive-atteint-un-record-de-5-110-milliards-de-fcfa-en-2025\/"},"modified":"2026-09-03T12:16:26","modified_gmt":"2026-09-03T16:16:26","slug":"cameroun-linvestissement-prive-atteint-un-record-de-5-110-milliards-de-fcfa-en-2025","status":"publish","type":"post","link":"https:\/\/linitiative.ca\/International\/cameroun-linvestissement-prive-atteint-un-record-de-5-110-milliards-de-fcfa-en-2025\/","title":{"rendered":"Cameroun : l\u2019investissement priv\u00e9 atteint un record de 5 110 milliards de FCFA en 2025"},"content":{"rendered":"<div>\u00c0 contrario, l\u2019investissement public s\u2019est contract\u00e9 de 0,2 %, apr\u00e8s avoir bondi de 18,8 % un an plus t\u00f4t. Le priv\u00e9 concentre d\u00e9sormais pr\u00e8s de 80 % de la formation brute de capital fixe du pays.<\/div>\n<p>Auteur: Laurent Onguene<br \/>\n<a href=\"https:\/\/ecomatin.net\/cameroun-linvestissement-prive-atteint-un-record-de-5-110-milliards-de-fcfa-en-2025\">Cliquez ici pour lire l&rsquo;article depuis sa source.<\/a><\/p>\n","protected":false},"excerpt":{"rendered":"<p>\u00c0 contrario, l\u2019investissement public s\u2019est contract\u00e9 de 0,2 %, apr\u00e8s avoir bondi de 18,8 % un an plus t\u00f4t. Le priv\u00e9 concentre d\u00e9sormais pr\u00e8s de 80 % de la formation brute de capital fixe du pays. Auteur: Laurent Onguene Cliquez ici pour lire l&rsquo;article depuis sa source.<\/p>\n","protected":false},"author":1969,"featured_media":0,"comment_status":"closed","ping_status":"closed","sticky":false,"template":"","format":"standard","meta":{"fifu_image_url":"","fifu_image_alt":"","footnotes":""},"categories":[82,78],"tags":[],"class_list":["post-191656","post","type-post","status-publish","format-standard","hentry","category-cameroun","category-economie"],"_links":{"self":[{"href":"https:\/\/linitiative.ca\/International\/wp-json\/wp\/v2\/posts\/191656","targetHints":{"allow":["GET"]}}],"collection":[{"href":"https:\/\/linitiative.ca\/International\/wp-json\/wp\/v2\/posts"}],"about":[{"href":"https:\/\/linitiative.ca\/International\/wp-json\/wp\/v2\/types\/post"}],"author":[{"embeddable":true,"href":"https:\/\/linitiative.ca\/International\/wp-json\/wp\/v2\/users\/1969"}],"replies":[{"embeddable":true,"href":"https:\/\/linitiative.ca\/International\/wp-json\/wp\/v2\/comments?post=191656"}],"version-history":[{"count":0,"href":"https:\/\/linitiative.ca\/International\/wp-json\/wp\/v2\/posts\/191656\/revisions"}],"wp:attachment":[{"href":"https:\/\/linitiative.ca\/International\/wp-json\/wp\/v2\/media?parent=191656"}],"wp:term":[{"taxonomy":"category","embeddable":true,"href":"https:\/\/linitiative.ca\/International\/wp-json\/wp\/v2\/categories?post=191656"},{"taxonomy":"post_tag","embeddable":true,"href":"https:\/\/linitiative.ca\/International\/wp-json\/wp\/v2\/tags?post=191656"}],"curies":[{"name":"wp","href":"https:\/\/api.w.org\/{rel}","templated":true}]}}