{"id":191659,"date":"2026-09-04T06:23:33","date_gmt":"2026-09-04T10:23:33","guid":{"rendered":"https:\/\/linitiative.ca\/International\/apres-des-semaines-riches-en-activites-culturelles-artistiques-et-sportives-clap-de-fin-pour-les-colonies-de-vacances-2026\/"},"modified":"2026-09-04T06:23:33","modified_gmt":"2026-09-04T10:23:33","slug":"apres-des-semaines-riches-en-activites-culturelles-artistiques-et-sportives-clap-de-fin-pour-les-colonies-de-vacances-2026","status":"publish","type":"post","link":"https:\/\/linitiative.ca\/International\/apres-des-semaines-riches-en-activites-culturelles-artistiques-et-sportives-clap-de-fin-pour-les-colonies-de-vacances-2026\/","title":{"rendered":"Apr\u00e8s des semaines riches en activit\u00e9s culturelles, artistiques et sportives: Clap de fin pour les colonies  de vacances 2026"},"content":{"rendered":"<p><span><strong>Chantier \u00e9ducatif<\/strong><\/span><br \/><strong>Cette \u00e9dition constitue une nouvelle \u00e9tape dans le d\u00e9veloppement du syst\u00e8me d\u2019estivage, \u00e0 travers l\u2019am\u00e9lioration des conditions d\u2019accueil et d\u2019encadrement et le renforcement de protection et s\u00e9curit\u00e9, avec l\u2019adoption des dispositions \u00e9ducatives visant le d\u00e9veloppement de la personnalit\u00e9 de l\u2019enfant et le renforcement de ses capacit\u00e9s de communication, du travail d\u2019\u00e9quipe et de sens de responsabilit\u00e9.<\/strong><\/p>\n<p><span id=\"more-527414\"\/><br \/>Les centres d\u2019estivage ne sont pas seulement un espace de loisirs et de d\u00e9tente, mais \u00e9galement un chantier \u00e9ducatif destin\u00e9 \u00e0 contribuer \u00e0 la construction de la personnalit\u00e9 de l\u2019enfant et la cons\u00e9cration des valeurs de la citoyennet\u00e9, la cr\u00e9ativit\u00e9 et la responsabilit\u00e9. C\u2019est ce qu\u2019a affirm\u00e9 Mohamed Gliouine, pr\u00e9sident de la F\u00e9d\u00e9ration nationale des colonies de vacances, \u00e0 l\u2019occasion de la cl\u00f4ture du programme des colonies de vacances\u00a02026, apr\u00e8s des semaines riches en activit\u00e9s culturelles, artistiques et sportives.<br \/>L\u2019interlocuteur a fait part que le succ\u00e8s de cette \u00e9dition est le fruit d\u2019une mobilisation collective et d\u2019un travail commun entre le minist\u00e8re et la f\u00e9d\u00e9ration, avec l\u2019int\u00e9r\u00eat port\u00e9 au b\u00e9n\u00e9volat aupr\u00e8s de l\u2019enfance et de la jeunesse. \u00abLe suivi sur le terrain et la coordination continue\u00a0ont constitu\u00e9 un soutien essentiel pour la r\u00e9ussite des diff\u00e9rentes \u00e9tapes du programme et le renforcement de la qualit\u00e9 de l\u2019action \u00e9ducative\u00bb, a dit M. Gliouine, tout en soulignant l\u2019importance de la prochaine \u00e9tape pour faire des colonies de vacances un espace de meilleure qualit\u00e9, capable de r\u00e9pondre aux transformations et aux attentes des enfants et leurs familles.<\/p>\n<p>Plac\u00e9e sous le Haut patronage de SM le Roi Mohammed VI, cette \u00e9dition \u2013 dont les travaux ont \u00e9t\u00e9 organis\u00e9s \u00e0 l\u2019initiative du minist\u00e8re de la jeunesse, de la culture et de la communication (\u00e0 travers de d\u00e9partement de la jeunesse) \u2013 constitue une nouvelle \u00e9tape dans le d\u00e9veloppement du syst\u00e8me d\u2019estivage, \u00e0 travers la diversification des programmes, l\u2019am\u00e9lioration des conditions d\u2019accueil et d\u2019encadrement et le renforcement de celles de protection et s\u00e9curit\u00e9, avec l\u2019adoption des dispositions \u00e9ducatives visant le d\u00e9veloppement de la personnalit\u00e9 de l\u2019enfant et le renforcement de ses capacit\u00e9s de communication, du travail d\u2019\u00e9quipe et de sens de responsabilit\u00e9. \u00abLes diff\u00e9rents espaces d\u2019estivage ont v\u00e9cu au rythme des activit\u00e9s diversifi\u00e9es englobant le sport, l\u2019art, la musique, le th\u00e9\u00e2tre, les ateliers cr\u00e9atifs. En plus de l\u2019\u00e9ducation \u00e0 la citoyennet\u00e9, aux droits de l\u2019enfant, aux activit\u00e9s environnementales et d\u2019exploration\u00bb, selon les organisateurs.<\/p>\n<p>Cet \u00e9v\u00e9nement a constitu\u00e9, a fait savoir la m\u00eame source, une opportunit\u00e9 pour les enfants et les jeunes d\u2019allier divertissement, apprentissage et d\u00e9couverte de soi. \u00abLes associations et les cadres de l\u2019\u00e9ducation ont constitu\u00e9 un axe essentiel pour la r\u00e9ussite de cette exp\u00e9rience. \u00e0 travers la pr\u00e9sence quotidienne et l\u2019accompagnement des b\u00e9n\u00e9ficiaires. Ils ont fait preuve de d\u00e9vouement et sens du b\u00e9n\u00e9volat dans l\u2019exercice de leurs missions\u00bb, a-t-on rapport\u00e9, avant d\u2019ajouter que les cadres du d\u00e9partement de la jeunesse ont \u00e9galement contribu\u00e9 dans l\u2019accompagnement des diff\u00e9rentes \u00e9tapes du programme, \u00ab\u00e0 travers le suivi, la coordination et le soutien sur le terrain\u00bb.<\/p>\n<p>Auteur: ALM<br \/>\n<a href=\"https:\/\/aujourdhui.ma\/societe\/apres-des-semaines-riches-en-activites-culturelles-artistiques-et-sportives-clap-de-fin-pour-les-colonies-de-vacances-2026\">Cliquez ici pour lire l&rsquo;article depuis sa source.<\/a><\/p>\n","protected":false},"excerpt":{"rendered":"<p>Chantier \u00e9ducatifCette \u00e9dition constitue une nouvelle \u00e9tape dans le d\u00e9veloppement du syst\u00e8me d\u2019estivage, \u00e0 travers l\u2019am\u00e9lioration des conditions d\u2019accueil et d\u2019encadrement et le renforcement de protection et s\u00e9curit\u00e9, avec l\u2019adoption des dispositions \u00e9ducatives visant le d\u00e9veloppement de la personnalit\u00e9 de l\u2019enfant et le renforcement de ses capacit\u00e9s de communication, du travail d\u2019\u00e9quipe et de sens [&hellip;]<\/p>\n","protected":false},"author":1759,"featured_media":191660,"comment_status":"closed","ping_status":"closed","sticky":false,"template":"","format":"standard","meta":{"fifu_image_url":"https:\/\/aujourdhui.ma\/wp-content\/uploads\/2026\/09\/Apres-des-semaines-riches-en-activites-culturelles-artistiques-et-sportives-Clap-de-fin-pour-les-colonies-de-vacances-2026-large.jpg","fifu_image_alt":"Apr\u00e8s des semaines riches en activit\u00e9s culturelles, artistiques et sportives: Clap de fin pour les colonies de vacances 2026","footnotes":""},"categories":[73,54],"tags":[],"class_list":["post-191659","post","type-post","status-publish","format-standard","has-post-thumbnail","hentry","category-actualite","category-maroc"],"_links":{"self":[{"href":"https:\/\/linitiative.ca\/International\/wp-json\/wp\/v2\/posts\/191659","targetHints":{"allow":["GET"]}}],"collection":[{"href":"https:\/\/linitiative.ca\/International\/wp-json\/wp\/v2\/posts"}],"about":[{"href":"https:\/\/linitiative.ca\/International\/wp-json\/wp\/v2\/types\/post"}],"author":[{"embeddable":true,"href":"https:\/\/linitiative.ca\/International\/wp-json\/wp\/v2\/users\/1759"}],"replies":[{"embeddable":true,"href":"https:\/\/linitiative.ca\/International\/wp-json\/wp\/v2\/comments?post=191659"}],"version-history":[{"count":0,"href":"https:\/\/linitiative.ca\/International\/wp-json\/wp\/v2\/posts\/191659\/revisions"}],"wp:featuredmedia":[{"embeddable":true,"href":"https:\/\/linitiative.ca\/International\/wp-json\/wp\/v2\/media\/191660"}],"wp:attachment":[{"href":"https:\/\/linitiative.ca\/International\/wp-json\/wp\/v2\/media?parent=191659"}],"wp:term":[{"taxonomy":"category","embeddable":true,"href":"https:\/\/linitiative.ca\/International\/wp-json\/wp\/v2\/categories?post=191659"},{"taxonomy":"post_tag","embeddable":true,"href":"https:\/\/linitiative.ca\/International\/wp-json\/wp\/v2\/tags?post=191659"}],"curies":[{"name":"wp","href":"https:\/\/api.w.org\/{rel}","templated":true}]}}