{"id":191661,"date":"2026-09-04T07:02:00","date_gmt":"2026-09-04T11:02:00","guid":{"rendered":"https:\/\/linitiative.ca\/International\/pour-renforcer-lattractivite-culturelle-et-touristique-de-la-region-ouzoud-se-dote-de-son-centre-cinematographique\/"},"modified":"2026-09-04T07:02:00","modified_gmt":"2026-09-04T11:02:00","slug":"pour-renforcer-lattractivite-culturelle-et-touristique-de-la-region-ouzoud-se-dote-de-son-centre-cinematographique","status":"publish","type":"post","link":"https:\/\/linitiative.ca\/International\/pour-renforcer-lattractivite-culturelle-et-touristique-de-la-region-ouzoud-se-dote-de-son-centre-cinematographique\/","title":{"rendered":"Pour renforcer l\u2019attractivit\u00e9 culturelle et touristique de la r\u00e9gion : Ouzoud se dote de son centre cin\u00e9matographique"},"content":{"rendered":"<p><span><strong>Valorisation<\/strong><\/span><br \/><strong>La commune d\u2019Ouzoud s\u2019appr\u00eate \u00e0 franchir une nouvelle \u00e9tape dans sa vocation de destination touristique et culturelle avec le projet de construction d\u2019un centre cin\u00e9matographique, dont l\u2019investissement pr\u00e9visionnel s\u2019\u00e9l\u00e8ve \u00e0 10 MDH.<\/strong><\/p>\n<p>Le pr\u00e9sident de la commune d\u2019A\u00eft Tagla, Khalid Ejlaydy, a soulign\u00e9 que la r\u00e9alisation de ce centre cin\u00e9matographique constitue \u00abune v\u00e9ritable valeur ajout\u00e9e pour la r\u00e9gion\u00bb, pr\u00e9cisant que la commune territoriale a toujours \u00e9t\u00e9, et continuera d\u2019\u00eatre, ouverte \u00e0 l\u2019ensemble de ses partenaires, notamment la Soci\u00e9t\u00e9 r\u00e9gionale du tourisme et les diff\u00e9rents intervenants concern\u00e9s.<br \/>M. Ejlaydy a rappel\u00e9 que la r\u00e9gion a d\u00e9j\u00e0 accueilli plusieurs tournages de films et de s\u00e9ries, notamment dans la zone d\u2019Ouzoud. Il a \u00e9galement cit\u00e9 le Festival international du cin\u00e9ma de montagne, d\u00e9sormais organis\u00e9 chaque ann\u00e9e aux cascades d\u2019Ouzoud, estimant que cette manifestation contribue \u00e0 v\u00e9hiculer une image positive de la r\u00e9gion et \u00e0 renforcer sa promotion.<br \/>Le pr\u00e9sident de la commune a exprim\u00e9 l\u2019espoir que le futur centre cin\u00e9matographique puisse constituer un v\u00e9ritable espace de valorisation et d\u2019accompagnement des jeunes de la r\u00e9gion, en leur permettant de d\u00e9velopper et de perfectionner leurs talents dans le domaine du cin\u00e9ma et de l\u2019audiovisuel.<\/p>\n<p>Il a, par ailleurs, insist\u00e9 sur la n\u00e9cessit\u00e9 de poursuivre les efforts en faveur du d\u00e9veloppement et de la promotion de la r\u00e9gion. Dans ce cadre, il a affirm\u00e9 qu\u2019il \u0153uvrerait \u00e0 la r\u00e9alisation d\u2019une maison des jeunes, un \u00e9quipement r\u00e9clam\u00e9 depuis plusieurs ann\u00e9es par de nombreux jeunes et habitants de la r\u00e9gion.<br \/>\u00c0 travers cette infrastructure, les acteurs locaux entendent faire du cin\u00e9ma un v\u00e9ritable levier de valorisation du territoire, en offrant \u00e0 Ouzoud un espace d\u00e9di\u00e9 \u00e0 la cr\u00e9ation, \u00e0 la diffusion et \u00e0 la promotion de la production cin\u00e9matographique, notamment autour des th\u00e9matiques li\u00e9es \u00e0 la montagne, au patrimoine et aux paysages naturels.<br \/>Le futur centre devrait constituer un nouvel \u00e9quipement culturel susceptible d\u2019accueillir des projections, rencontres professionnelles, ateliers, formations, r\u00e9sidences artistiques et manifestations cin\u00e9matographiques. Il pourrait \u00e9galement accompagner les jeunes talents de la r\u00e9gion d\u00e9sireux de s\u2019initier aux m\u00e9tiers du cin\u00e9ma et de l\u2019audiovisuel.<\/p>\n<p><strong>Le cin\u00e9ma au service du territoire<\/strong><br \/>Au-del\u00e0 de sa dimension culturelle, le projet porte une ambition touristique importante. Ouzoud dispose d\u00e9j\u00e0 d\u2019un atout naturel exceptionnel avec ses c\u00e9l\u00e8bres cascades et son environnement montagnard. L\u2019implantation d\u2019un centre cin\u00e9matographique pourrait contribuer \u00e0 diversifier l\u2019offre touristique et \u00e0 prolonger l\u2019exp\u00e9rience des visiteurs au-del\u00e0 de la simple d\u00e9couverte du site naturel.<br \/>Le cin\u00e9ma constitue en effet un puissant outil de promotion territoriale. Les paysages, les villages, les traditions et le patrimoine de la r\u00e9gion peuvent servir de d\u00e9cors \u00e0 des \u0153uvres cin\u00e9matographiques et audiovisuelles, donnant ainsi \u00e0 Ouzoud une visibilit\u00e9 suppl\u00e9mentaire aupr\u00e8s du public national et international.<br \/>Le futur centre pourrait, dans cette perspective, jouer le r\u00f4le de plateforme de liaison entre les professionnels du cin\u00e9ma et le territoire, en facilitant l\u2019accueil de tournages, la mise en relation avec les acteurs locaux et la valorisation des potentialit\u00e9s naturelles et culturelles de la r\u00e9gion.<\/p>\n<p><strong>Un investissement aux retomb\u00e9es multiples<\/strong><br \/>Avec une enveloppe annonc\u00e9e de 10 millions de dirhams, le projet repr\u00e9sente \u00e9galement une opportunit\u00e9 en mati\u00e8re de d\u00e9veloppement \u00e9conomique local. L\u2019organisation d\u2019\u00e9v\u00e9nements cin\u00e9matographiques et l\u2019accueil de professionnels pourraient g\u00e9n\u00e9rer une activit\u00e9 suppl\u00e9mentaire au profit des \u00e9tablissements d\u2019h\u00e9bergement, des restaurants, des commerces et des diff\u00e9rents prestataires touristiques.<br \/>\u00c0 moyen terme, le centre pourrait contribuer \u00e0 cr\u00e9er un \u00e9cosyst\u00e8me autour de l\u2019image et de l\u2019audiovisuel, favorisant l\u2019\u00e9mergence de comp\u00e9tences locales et offrant de nouvelles perspectives aux jeunes de la province.<br \/>Cette dynamique s\u2019inscrit dans une conception de plus en plus large du tourisme culturel, o\u00f9 la destination ne se limite plus \u00e0 ses paysages mais devient \u00e9galement un espace de cr\u00e9ation, de rencontres et d\u2019expression artistique.<\/p>\n<p><strong>Vers une identit\u00e9 cin\u00e9matographique d\u2019Ouzoud<\/strong><br \/>La r\u00e9alisation de ce projet pourrait \u00e9galement donner une nouvelle dimension au Festival international du cin\u00e9ma de montagne d\u2019Ouzoud, en lui offrant \u00e0 terme un espace permanent susceptible d\u2019accueillir ses diff\u00e9rentes activit\u00e9s et de renforcer son rayonnement.<br \/>L\u2019objectif serait ainsi de construire progressivement une v\u00e9ritable identit\u00e9 cin\u00e9matographique d\u2019Ouzoud, en associant patrimoine naturel, culture locale et cr\u00e9ation artistique.<br \/>Dans cette perspective, le futur centre cin\u00e9matographique ne serait pas seulement un b\u00e2timent d\u00e9di\u00e9 aux projections. Il pourrait devenir un p\u00f4le culturel et touristique, capable de f\u00e9d\u00e9rer cin\u00e9astes, artistes, chercheurs, jeunes talents et visiteurs autour d\u2019une m\u00eame ambition : faire du cin\u00e9ma un instrument de promotion de la montagne, de pr\u00e9servation du patrimoine et de d\u00e9veloppement territorial.<br \/>Avec cet investissement de 10 millions de dirhams, Ouzoud entend renforcer son positionnement comme destination touristique incontournable, tout en affirmant une nouvelle vocation : celle d\u2019un territoire o\u00f9 la nature rencontre le cin\u00e9ma et o\u00f9 l\u2019image devient un outil de d\u00e9veloppement et de rayonnement.<\/p>\n<p>Auteur: Said Frix<br \/>\n<a href=\"https:\/\/aujourdhui.ma\/culture\/pour-renforcer-lattractivite-culturelle-et-touristique-de-la-region-ouzoud-se-dote-de-son-centre-cinematographique\">Cliquez ici pour lire l&rsquo;article depuis sa source.<\/a><\/p>\n","protected":false},"excerpt":{"rendered":"<p>ValorisationLa commune d\u2019Ouzoud s\u2019appr\u00eate \u00e0 franchir une nouvelle \u00e9tape dans sa vocation de destination touristique et culturelle avec le projet de construction d\u2019un centre cin\u00e9matographique, dont l\u2019investissement pr\u00e9visionnel s\u2019\u00e9l\u00e8ve \u00e0 10 MDH. Le pr\u00e9sident de la commune d\u2019A\u00eft Tagla, Khalid Ejlaydy, a soulign\u00e9 que la r\u00e9alisation de ce centre cin\u00e9matographique constitue \u00abune v\u00e9ritable valeur ajout\u00e9e [&hellip;]<\/p>\n","protected":false},"author":1759,"featured_media":191662,"comment_status":"closed","ping_status":"closed","sticky":false,"template":"","format":"standard","meta":{"fifu_image_url":"https:\/\/aujourdhui.ma\/wp-content\/uploads\/2024\/08\/Cascades_d_Ouzoud_014-large.jpg","fifu_image_alt":"Pour renforcer l\u2019attractivit\u00e9 culturelle et touristique de la r\u00e9gion : Ouzoud se dote de son centre cin\u00e9matographique","footnotes":""},"categories":[73,54],"tags":[],"class_list":["post-191661","post","type-post","status-publish","format-standard","has-post-thumbnail","hentry","category-actualite","category-maroc"],"_links":{"self":[{"href":"https:\/\/linitiative.ca\/International\/wp-json\/wp\/v2\/posts\/191661","targetHints":{"allow":["GET"]}}],"collection":[{"href":"https:\/\/linitiative.ca\/International\/wp-json\/wp\/v2\/posts"}],"about":[{"href":"https:\/\/linitiative.ca\/International\/wp-json\/wp\/v2\/types\/post"}],"author":[{"embeddable":true,"href":"https:\/\/linitiative.ca\/International\/wp-json\/wp\/v2\/users\/1759"}],"replies":[{"embeddable":true,"href":"https:\/\/linitiative.ca\/International\/wp-json\/wp\/v2\/comments?post=191661"}],"version-history":[{"count":0,"href":"https:\/\/linitiative.ca\/International\/wp-json\/wp\/v2\/posts\/191661\/revisions"}],"wp:featuredmedia":[{"embeddable":true,"href":"https:\/\/linitiative.ca\/International\/wp-json\/wp\/v2\/media\/191662"}],"wp:attachment":[{"href":"https:\/\/linitiative.ca\/International\/wp-json\/wp\/v2\/media?parent=191661"}],"wp:term":[{"taxonomy":"category","embeddable":true,"href":"https:\/\/linitiative.ca\/International\/wp-json\/wp\/v2\/categories?post=191661"},{"taxonomy":"post_tag","embeddable":true,"href":"https:\/\/linitiative.ca\/International\/wp-json\/wp\/v2\/tags?post=191661"}],"curies":[{"name":"wp","href":"https:\/\/api.w.org\/{rel}","templated":true}]}}