{"id":191667,"date":"2026-09-04T07:07:49","date_gmt":"2026-09-04T11:07:49","guid":{"rendered":"https:\/\/linitiative.ca\/International\/en-prevision-de-la-rentree-scolaire-la-rehabilitation-des-etablissements-scolaires-saccelere\/"},"modified":"2026-09-04T07:07:49","modified_gmt":"2026-09-04T11:07:49","slug":"en-prevision-de-la-rentree-scolaire-la-rehabilitation-des-etablissements-scolaires-saccelere","status":"publish","type":"post","link":"https:\/\/linitiative.ca\/International\/en-prevision-de-la-rentree-scolaire-la-rehabilitation-des-etablissements-scolaires-saccelere\/","title":{"rendered":"En pr\u00e9vision de la rentr\u00e9e scolaire: La r\u00e9habilitation des \u00e9tablissements  scolaires s\u2019acc\u00e9l\u00e8re"},"content":{"rendered":"<p><span><strong>Contraintes<\/strong><\/span><br \/><strong>Les pr\u00e9paratifs de la rentr\u00e9e scolaire 2026-2027 se poursuivent dans la province de Kh\u00e9nifra dans un contexte de mobilisation soutenue visant \u00e0 renforcer la pr\u00e9paration des \u00e9tablissements scolaires et \u00e0 am\u00e9liorer leurs espaces. Plusieurs chantiers de r\u00e9habilitation sont ainsi men\u00e9s au niveau d\u2019un certain nombre d\u2019\u00e9tablissements relevant de la direction provinciale du minist\u00e8re de l\u2019\u00e9ducation nationale, du pr\u00e9scolaire et des sports.<\/strong><\/p>\n<p><span id=\"more-527428\"\/><br \/>Dans ce cadre, la directrice provinciale, accompagn\u00e9e des chefs de services de la direction, a effectu\u00e9 des visites de terrain dans plusieurs \u00e9tablissements faisant l\u2019objet de travaux de r\u00e9habilitation. Ces d\u00e9placements ont permis de s\u2019enqu\u00e9rir de pr\u00e8s de l\u2019\u00e9tat d\u2019avancement des travaux et de suivre les diff\u00e9rentes \u00e9tapes de leur r\u00e9alisation, tout en identifiant les contraintes susceptibles d\u2019entraver le bon d\u00e9roulement des chantiers et en veillant \u00e0 leur traitement dans les meilleurs d\u00e9lais.<br \/>Ces visites s\u2019inscrivent dans le cadre d\u2019un suivi de terrain continu des travaux, men\u00e9 de jour comme de nuit, traduisant la volont\u00e9 d\u2019acc\u00e9l\u00e9rer le rythme de r\u00e9alisation des diff\u00e9rents chantiers, particuli\u00e8rement \u00e0 l\u2019approche de la rentr\u00e9e et de l\u2019accueil des \u00e9l\u00e8ves.<\/p>\n<p>Les constats effectu\u00e9s sur le terrain font ressortir une avanc\u00e9e notable de plusieurs chantiers, avec des transformations visibles au niveau des espaces scolaires. Plusieurs \u00e9quipements et fa\u00e7ades ont ainsi b\u00e9n\u00e9fici\u00e9 d\u2019am\u00e9liorations, conf\u00e9rant aux \u00e9tablissements un aspect plus organis\u00e9 et plus attrayant, tout en contribuant \u00e0 cr\u00e9er de meilleures conditions d\u2019accueil des \u00e9l\u00e8ves dans un environnement scolaire adapt\u00e9.<br \/>Ces travaux rev\u00eatent une importance particuli\u00e8re dans le cadre des pr\u00e9paratifs de la prochaine ann\u00e9e scolaire, dans la mesure o\u00f9 ils visent \u00e0 am\u00e9liorer les conditions de scolarisation et \u00e0 promouvoir la qualit\u00e9 de la vie scolaire, \u00e0 travers la mise \u00e0 disposition d\u2019espaces s\u00fbrs, adapt\u00e9s et propices \u00e0 l\u2019apprentissage.<\/p>\n<p>Cette mobilisation t\u00e9moigne \u00e9galement de l\u2019ampleur des efforts d\u00e9ploy\u00e9s par la directrice provinciale de Kh\u00e9nifra, \u00e0 travers sa pr\u00e9sence r\u00e9guli\u00e8re sur le terrain et son suivi direct des diff\u00e9rents chantiers. Elle traduit \u00e9galement son souci de veiller au bon d\u00e9roulement des op\u00e9rations de r\u00e9habilitation et son engagement en faveur de la r\u00e9ussite des pr\u00e9paratifs de la rentr\u00e9e scolaire, afin de garantir des conditions d\u2019accueil appropri\u00e9es aux \u00e9l\u00e8ves.<br \/>Cette dynamique illustre, par ailleurs, la volont\u00e9 de la direction provinciale de faire de la r\u00e9habilitation des \u00e9tablissements scolaires un axe d\u2019une vision plus large visant \u00e0 renforcer les infrastructures scolaires et \u00e0 am\u00e9liorer l\u2019attractivit\u00e9 des espaces \u00e9ducatifs, en coh\u00e9rence avec les exigences li\u00e9es \u00e0 l\u2019am\u00e9lioration de la qualit\u00e9 de la vie scolaire.<br \/>\u00c0 l\u2019approche de la rentr\u00e9e, les efforts se poursuivent afin d\u2019achever les derni\u00e8res interventions pr\u00e9vues et de permettre aux \u00e9tablissements scolaires d\u2019accueillir leurs \u00e9l\u00e8ves dans de meilleures conditions, avec des espaces r\u00e9nov\u00e9s et un environnement propice au d\u00e9marrage d\u2019une nouvelle ann\u00e9e scolaire.<\/p>\n<p>Auteur: Said Frix<br \/>\n<a href=\"https:\/\/aujourdhui.ma\/societe\/en-prevision-de-la-rentree-scolaire-la-rehabilitation-des-etablissements-scolaires-saccelere\">Cliquez ici pour lire l&rsquo;article depuis sa source.<\/a><\/p>\n","protected":false},"excerpt":{"rendered":"<p>ContraintesLes pr\u00e9paratifs de la rentr\u00e9e scolaire 2026-2027 se poursuivent dans la province de Kh\u00e9nifra dans un contexte de mobilisation soutenue visant \u00e0 renforcer la pr\u00e9paration des \u00e9tablissements scolaires et \u00e0 am\u00e9liorer leurs espaces. Plusieurs chantiers de r\u00e9habilitation sont ainsi men\u00e9s au niveau d\u2019un certain nombre d\u2019\u00e9tablissements relevant de la direction provinciale du minist\u00e8re de l\u2019\u00e9ducation [&hellip;]<\/p>\n","protected":false},"author":1759,"featured_media":191668,"comment_status":"closed","ping_status":"closed","sticky":false,"template":"","format":"standard","meta":{"fifu_image_url":"https:\/\/aujourdhui.ma\/wp-content\/uploads\/2026\/09\/La-rehabilitation-des-etablissements-large.jpg","fifu_image_alt":"En pr\u00e9vision de la rentr\u00e9e scolaire: La r\u00e9habilitation des \u00e9tablissements scolaires s\u2019acc\u00e9l\u00e8re","footnotes":""},"categories":[73,54],"tags":[],"class_list":["post-191667","post","type-post","status-publish","format-standard","has-post-thumbnail","hentry","category-actualite","category-maroc"],"_links":{"self":[{"href":"https:\/\/linitiative.ca\/International\/wp-json\/wp\/v2\/posts\/191667","targetHints":{"allow":["GET"]}}],"collection":[{"href":"https:\/\/linitiative.ca\/International\/wp-json\/wp\/v2\/posts"}],"about":[{"href":"https:\/\/linitiative.ca\/International\/wp-json\/wp\/v2\/types\/post"}],"author":[{"embeddable":true,"href":"https:\/\/linitiative.ca\/International\/wp-json\/wp\/v2\/users\/1759"}],"replies":[{"embeddable":true,"href":"https:\/\/linitiative.ca\/International\/wp-json\/wp\/v2\/comments?post=191667"}],"version-history":[{"count":0,"href":"https:\/\/linitiative.ca\/International\/wp-json\/wp\/v2\/posts\/191667\/revisions"}],"wp:featuredmedia":[{"embeddable":true,"href":"https:\/\/linitiative.ca\/International\/wp-json\/wp\/v2\/media\/191668"}],"wp:attachment":[{"href":"https:\/\/linitiative.ca\/International\/wp-json\/wp\/v2\/media?parent=191667"}],"wp:term":[{"taxonomy":"category","embeddable":true,"href":"https:\/\/linitiative.ca\/International\/wp-json\/wp\/v2\/categories?post=191667"},{"taxonomy":"post_tag","embeddable":true,"href":"https:\/\/linitiative.ca\/International\/wp-json\/wp\/v2\/tags?post=191667"}],"curies":[{"name":"wp","href":"https:\/\/api.w.org\/{rel}","templated":true}]}}