{"id":191669,"date":"2026-09-04T13:00:36","date_gmt":"2026-09-04T17:00:36","guid":{"rendered":"https:\/\/linitiative.ca\/International\/sous-la-direction-du-pr-ali-baklouti-lancement-en-france-de-la-chaire-pays-du-sud-en-sciences-mathematiques-2026\/"},"modified":"2026-09-04T13:00:36","modified_gmt":"2026-09-04T17:00:36","slug":"sous-la-direction-du-pr-ali-baklouti-lancement-en-france-de-la-chaire-pays-du-sud-en-sciences-mathematiques-2026","status":"publish","type":"post","link":"https:\/\/linitiative.ca\/International\/sous-la-direction-du-pr-ali-baklouti-lancement-en-france-de-la-chaire-pays-du-sud-en-sciences-mathematiques-2026\/","title":{"rendered":"Sous la direction du Pr. Ali Baklouti, lancement en France de la \u00abChaire Pays du Sud\u00bb en sciences math\u00e9matiques 2026"},"content":{"rendered":"<p>La Chaire \u00abPays du Sud\u00bb en sciences math\u00e9matiques 2026 entamera ses travaux le 6 septembre 2026 au Centre International de Rencontres Math\u00e9matiques (CIRM), en France, sous la direction du Professeur Ali Baklouti, Professeur de l\u2019enseignement sup\u00e9rieur \u00e0 l\u2019Universit\u00e9 de Sfax. C\u2019est l\u00e0 un nouveau t\u00e9moignage du rayonnement scientifique continu de la Tunisie et du renforcement de sa pr\u00e9sence sur la sc\u00e8ne scientifique internationale.<\/p>\n<p>Ce programme scientifique d\u2019envergure se poursuivra jusqu\u2019au 31 octobre 2026. Il constituera une importante plateforme scientifique internationale r\u00e9unissant des chercheurs, des enseignants et de jeunes chercheurs de Tunisie et de diff\u00e9rents pays du monde, autour d\u2019un programme riche visant \u00e0 d\u00e9velopper la recherche scientifique en math\u00e9matiques et \u00e0 renforcer la coop\u00e9ration ainsi que les \u00e9changes scientifiques entre les pays du Sud et la communaut\u00e9 scientifique internationale.<\/p>\n<p>Les activit\u00e9s de la Chaire comprennent notamment l\u2019organisation d\u2019une \u00e9cole de recherche internationale, ainsi que des ateliers, des rencontres scientifiques et des conf\u00e9rences sp\u00e9cialis\u00e9es, avec la participation de chercheurs de renomm\u00e9e internationale issus de diff\u00e9rentes universit\u00e9s et institutions scientifiques (24 pays, 4 continents).<\/p>\n<p>Ces activit\u00e9s offriront \u00e9galement un espace privil\u00e9gi\u00e9 pour la formation des jeunes chercheurs, le partage des connaissances et des exp\u00e9riences, ainsi que l\u2019ouverture de nouvelles perspectives de collaboration dans diff\u00e9rents domaines de la recherche math\u00e9matique.<\/p>\n<p>Cette manifestation scientifique rev\u00eat une importance particuli\u00e8re, puisqu\u2019elle s\u2019inscrit dans une vision visant \u00e0 soutenir les jeunes comp\u00e9tences scientifiques, \u00e0 encourager la mobilit\u00e9 et les \u00e9changes entre chercheurs et \u00e0 favoriser la mise en place de projets de coop\u00e9ration scientifique entre les institutions de recherche des pays du Sud et leurs homologues \u00e0 travers le monde.<\/p>\n<p>\u00c0 travers cette Chaire, la Tunisie confirme une nouvelle fois sa capacit\u00e9 \u00e0 jouer un r\u00f4le actif dans les initiatives scientifiques internationales et \u00e0 contribuer au d\u00e9veloppement de la recherche en math\u00e9matiques, ainsi qu\u2019\u00e0 la construction de partenariats scientifiques de premier plan.<\/p>\n<p>Chaire \u00abPays du Sud\u00bb 2026: de la Tunisie au monde\u2026 Math\u00e9matiques, coop\u00e9ration, savoir et nouvelles perspectives pour la recherche scientifique.<br \/>\u00a0<\/p>\n<p>Auteur:<br \/>\n<a href=\"https:\/\/www.leaders.com.tn\/article\/38415-sous-la-direction-du-pr-ali-baklouti-lancement-en-france-de-la-chaire-pays-du-sud-en-sciences-mathematiques-2026\">Cliquez ici pour lire l&rsquo;article depuis sa source.<\/a><\/p>\n","protected":false},"excerpt":{"rendered":"<p>La Chaire \u00abPays du Sud\u00bb en sciences math\u00e9matiques 2026 entamera ses travaux le 6 septembre 2026 au Centre International de Rencontres Math\u00e9matiques (CIRM), en France, sous la direction du Professeur Ali Baklouti, Professeur de l\u2019enseignement sup\u00e9rieur \u00e0 l\u2019Universit\u00e9 de Sfax. C\u2019est l\u00e0 un nouveau t\u00e9moignage du rayonnement scientifique continu de la Tunisie et du renforcement [&hellip;]<\/p>\n","protected":false},"author":1772,"featured_media":191670,"comment_status":"closed","ping_status":"closed","sticky":false,"template":"","format":"standard","meta":{"fifu_image_url":"https:\/\/www.leaders.com.tn\/uploads\/content\/thumbnails\/17885114948_content.jpg","fifu_image_alt":"Sous la direction du Pr. Ali Baklouti, lancement en France de la \u00abChaire Pays du Sud\u00bb en sciences math\u00e9matiques 2026","footnotes":""},"categories":[73,55],"tags":[],"class_list":["post-191669","post","type-post","status-publish","format-standard","has-post-thumbnail","hentry","category-actualite","category-tunisie"],"_links":{"self":[{"href":"https:\/\/linitiative.ca\/International\/wp-json\/wp\/v2\/posts\/191669","targetHints":{"allow":["GET"]}}],"collection":[{"href":"https:\/\/linitiative.ca\/International\/wp-json\/wp\/v2\/posts"}],"about":[{"href":"https:\/\/linitiative.ca\/International\/wp-json\/wp\/v2\/types\/post"}],"author":[{"embeddable":true,"href":"https:\/\/linitiative.ca\/International\/wp-json\/wp\/v2\/users\/1772"}],"replies":[{"embeddable":true,"href":"https:\/\/linitiative.ca\/International\/wp-json\/wp\/v2\/comments?post=191669"}],"version-history":[{"count":0,"href":"https:\/\/linitiative.ca\/International\/wp-json\/wp\/v2\/posts\/191669\/revisions"}],"wp:featuredmedia":[{"embeddable":true,"href":"https:\/\/linitiative.ca\/International\/wp-json\/wp\/v2\/media\/191670"}],"wp:attachment":[{"href":"https:\/\/linitiative.ca\/International\/wp-json\/wp\/v2\/media?parent=191669"}],"wp:term":[{"taxonomy":"category","embeddable":true,"href":"https:\/\/linitiative.ca\/International\/wp-json\/wp\/v2\/categories?post=191669"},{"taxonomy":"post_tag","embeddable":true,"href":"https:\/\/linitiative.ca\/International\/wp-json\/wp\/v2\/tags?post=191669"}],"curies":[{"name":"wp","href":"https:\/\/api.w.org\/{rel}","templated":true}]}}