{"id":191673,"date":"2026-09-04T13:00:39","date_gmt":"2026-09-04T17:00:39","guid":{"rendered":"https:\/\/linitiative.ca\/International\/la-marche-aquatique-lappel-de-la-mer-en-septembre\/"},"modified":"2026-09-04T13:00:39","modified_gmt":"2026-09-04T17:00:39","slug":"la-marche-aquatique-lappel-de-la-mer-en-septembre","status":"publish","type":"post","link":"https:\/\/linitiative.ca\/International\/la-marche-aquatique-lappel-de-la-mer-en-septembre\/","title":{"rendered":"La marche aquatique: l\u2019appel de la mer en septembre"},"content":{"rendered":"<p>La marche aquatique, ou longe-c\u00f4te, est une activit\u00e9 sportive douce, compl\u00e8te et accessible, particuli\u00e8rement adapt\u00e9e au mois de septembre en Tunisie. La chaleur encore agr\u00e9able de la M\u00e9diterran\u00e9e, la douceur du climat et la tranquillit\u00e9 retrouv\u00e9e des plages offrent des conditions id\u00e9ales pour pratiquer cette discipline. En marchant dans l\u2019eau jusqu\u2019aux genoux ou \u00e0 la poitrine, le corps travaille contre la r\u00e9sistance de l\u2019eau, ce qui renforce les muscles, am\u00e9liore l\u2019endurance, stimule la circulation et prot\u00e8ge les articulations. Au-del\u00e0 de ses bienfaits physiques, cette activit\u00e9 procure d\u00e9tente et bien-\u00eatre gr\u00e2ce au contact avec la mer et la nature.<img decoding=\"async\" src=\"\/uploads\/FCK_files\/30-juil.jpg\" width=\"100%\" vspace=\"5\" hspace=\"5\" align=\"middle\" alt=\"\"\/>Avec ses 1 300 km de c\u00f4tes, la Tunisie dispose de nombreux sites propices \u00e0 la marche aquatique, de Sidi Bou Sa\u00efd \u00e0 Tabarka, en passant par Hammamet, Mahdia, Monastir et Djerba. Peu exigeante en \u00e9quipement et facilement praticable en groupe, elle favorise \u00e9galement la convivialit\u00e9. Ainsi, la marche aquatique appara\u00eet comme une mani\u00e8re originale de reprendre le sport \u00e0 la rentr\u00e9e, de prendre soin de son corps et de red\u00e9couvrir le littoral tunisien, tout en adoptant un rythme plus serein \u00e0 l&rsquo;approche de l&rsquo;automne.<img decoding=\"async\" src=\"\/uploads\/FCK_files\/30-juil-moy.jpg\" width=\"100%\" vspace=\"5\" hspace=\"5\" align=\"middle\" alt=\"\"\/><\/p>\n<p>Auteur:<br \/>\n<a href=\"https:\/\/www.leaders.com.tn\/article\/38417-la-marche-aquatique-l-appel-de-la-mer-en-septembre\">Cliquez ici pour lire l&rsquo;article depuis sa source.<\/a><\/p>\n","protected":false},"excerpt":{"rendered":"<p>La marche aquatique, ou longe-c\u00f4te, est une activit\u00e9 sportive douce, compl\u00e8te et accessible, particuli\u00e8rement adapt\u00e9e au mois de septembre en Tunisie. La chaleur encore agr\u00e9able de la M\u00e9diterran\u00e9e, la douceur du climat et la tranquillit\u00e9 retrouv\u00e9e des plages offrent des conditions id\u00e9ales pour pratiquer cette discipline. En marchant dans l\u2019eau jusqu\u2019aux genoux ou \u00e0 la [&hellip;]<\/p>\n","protected":false},"author":1772,"featured_media":191674,"comment_status":"closed","ping_status":"closed","sticky":false,"template":"","format":"standard","meta":{"fifu_image_url":"https:\/\/www.leaders.com.tn\/uploads\/content\/thumbnails\/17885209870_content.jpg","fifu_image_alt":"La marche aquatique: l\u2019appel de la mer en septembre","footnotes":""},"categories":[73,55],"tags":[],"class_list":["post-191673","post","type-post","status-publish","format-standard","has-post-thumbnail","hentry","category-actualite","category-tunisie"],"_links":{"self":[{"href":"https:\/\/linitiative.ca\/International\/wp-json\/wp\/v2\/posts\/191673","targetHints":{"allow":["GET"]}}],"collection":[{"href":"https:\/\/linitiative.ca\/International\/wp-json\/wp\/v2\/posts"}],"about":[{"href":"https:\/\/linitiative.ca\/International\/wp-json\/wp\/v2\/types\/post"}],"author":[{"embeddable":true,"href":"https:\/\/linitiative.ca\/International\/wp-json\/wp\/v2\/users\/1772"}],"replies":[{"embeddable":true,"href":"https:\/\/linitiative.ca\/International\/wp-json\/wp\/v2\/comments?post=191673"}],"version-history":[{"count":0,"href":"https:\/\/linitiative.ca\/International\/wp-json\/wp\/v2\/posts\/191673\/revisions"}],"wp:featuredmedia":[{"embeddable":true,"href":"https:\/\/linitiative.ca\/International\/wp-json\/wp\/v2\/media\/191674"}],"wp:attachment":[{"href":"https:\/\/linitiative.ca\/International\/wp-json\/wp\/v2\/media?parent=191673"}],"wp:term":[{"taxonomy":"category","embeddable":true,"href":"https:\/\/linitiative.ca\/International\/wp-json\/wp\/v2\/categories?post=191673"},{"taxonomy":"post_tag","embeddable":true,"href":"https:\/\/linitiative.ca\/International\/wp-json\/wp\/v2\/tags?post=191673"}],"curies":[{"name":"wp","href":"https:\/\/api.w.org\/{rel}","templated":true}]}}