{"id":191675,"date":"2026-09-04T12:00:00","date_gmt":"2026-09-04T16:00:00","guid":{"rendered":"https:\/\/linitiative.ca\/International\/trump-hausse-le-ton-face-a-la-fed-et-reclame-des-taux-plus-bas\/"},"modified":"2026-09-04T12:00:00","modified_gmt":"2026-09-04T16:00:00","slug":"trump-hausse-le-ton-face-a-la-fed-et-reclame-des-taux-plus-bas","status":"publish","type":"post","link":"https:\/\/linitiative.ca\/International\/trump-hausse-le-ton-face-a-la-fed-et-reclame-des-taux-plus-bas\/","title":{"rendered":"Trump hausse le ton face \u00e0 la Fed et r\u00e9clame des taux plus bas"},"content":{"rendered":"<div class=\"post-cont-out\">\n<div class=\"post-cont-in no-margin\">\n<div id=\"content-main\" class=\"left relative\">\n<div class=\"simplesocialbuttons simplesocial-round-btm-border simplesocialbuttons_inline simplesocialbuttons-align-left post-1138379 post simplesocialbuttons-inline-no-animation\"><button class=\"simplesocial-fb-share\" rel=\"nofollow\" target=\"_blank\" aria-label=\"Facebook Share\" data-href=\"https:\/\/www.facebook.com\/sharer\/sharer.php?u=https:\/\/www.tunisienumerique.com\/trump-hausse-le-ton-face-a-la-fed-et-reclame-des-taux-plus-bas\/\" onclick=\"javascript:window.open(this.dataset.href, '', 'menubar=no,toolbar=no,resizable=yes,scrollbars=yes,height=600,width=600');return false;\"><span class=\"simplesocialtxt\">Facebook<\/span><\/button> <button class=\"simplesocial-twt-share\" rel=\"nofollow\" target=\"_blank\" aria-label=\"Twitter Share\" data-href=\"https:\/\/twitter.com\/intent\/tweet?text=Trump+hausse+le+ton+face+%C3%A0+la+Fed+et+r%C3%A9clame+des+taux+plus+bas&amp;url=https:\/\/www.tunisienumerique.com\/trump-hausse-le-ton-face-a-la-fed-et-reclame-des-taux-plus-bas\/\" onclick=\"javascript:window.open(this.dataset.href, '', 'menubar=no,toolbar=no,resizable=yes,scrollbars=yes,height=600,width=600');return false;\"><span class=\"simplesocialtxt\">Twitter<\/span><\/button> <button rel=\"nofollow\" target=\"_blank\" class=\"simplesocial-linkedin-share\" aria-label=\"LinkedIn Share\" data-href=\"https:\/\/www.linkedin.com\/sharing\/share-offsite\/?url=https:\/\/www.tunisienumerique.com\/trump-hausse-le-ton-face-a-la-fed-et-reclame-des-taux-plus-bas\/\" onclick=\"javascript:window.open(this.dataset.href, '', 'menubar=no,toolbar=no,resizable=yes,scrollbars=yes,height=600,width=600');return false;\"><span class=\"simplesocialtxt\">LinkedIn<\/span><\/button> <button onclick=\"javascript:window.open(this.dataset.href, '_blank' );return false;\" class=\"simplesocial-whatsapp-share\" rel=\"nofollow\" target=\"_blank\" aria-label=\"WhatsApp Share\" data-href=\"https:\/\/api.whatsapp.com\/send?text=https:\/\/www.tunisienumerique.com\/trump-hausse-le-ton-face-a-la-fed-et-reclame-des-taux-plus-bas\/\"><span class=\"simplesocialtxt\">WhatsApp<\/span><\/button><\/p>\n<\/div>\n<p><button class=\"simplefavorite-button\" data-postid=\"1138379\" data-siteid=\"1\" data-groupid=\"1\" data-favoritecount=\"0\"> Lire plus tard<\/button><\/p>\n<p>Donald Trump a r\u00e9agi, sur son r\u00e9seau Truth Social, \u00e0 la publication des derniers chiffres de l\u2019emploi aux \u00c9tats-Unis, faisant \u00e9tat de 162 000 cr\u00e9ations de postes en ao\u00fbt. Le pr\u00e9sident am\u00e9ricain a pr\u00e9sent\u00e9 ces donn\u00e9es comme la confirmation de la solidit\u00e9 de l\u2019\u00e9conomie am\u00e9ricaine et a renouvel\u00e9 sa pression sur la R\u00e9serve f\u00e9d\u00e9rale (Fed)\u00a0 pour qu\u2019elle r\u00e9duise les taux d\u2019int\u00e9r\u00eat.<\/p>\n<p>Dans son message, Donald Trump a qualifi\u00e9 les donn\u00e9es sur l\u2019emploi d\u2019\u00ab excellentes \u00bb, affirmant qu\u2019elles avaient d\u00e9pass\u00e9 largement les estimations du march\u00e9. Il a \u00e9galement assur\u00e9 que les performances \u00e9conomiques des \u00c9tats-Unis pourraient encore s\u2019am\u00e9liorer dans les prochains mois.<\/p>\n<p>Le pr\u00e9sident am\u00e9ricain a surtout utilis\u00e9 ces chiffres pour d\u00e9fendre une nouvelle baisse des taux d\u2019int\u00e9r\u00eat. Selon lui, la solidit\u00e9 \u00e9conomique et financi\u00e8re actuelle des \u00c9tats-Unis justifierait un co\u00fbt du cr\u00e9dit nettement inf\u00e9rieur.<\/p>\n<p>Trump estime m\u00eame que les \u00c9tats-Unis devraient b\u00e9n\u00e9ficier des taux d\u2019int\u00e9r\u00eat les plus bas au monde, consid\u00e9rant que la puissance \u00e9conomique du pays et sa qualit\u00e9 de cr\u00e9dit devraient lui permettre de se financer \u00e0 de meilleures conditions.<\/p>\n<p>Nouvelle pression sur la R\u00e9serve f\u00e9d\u00e9rale<br \/>Donald Trump a directement interpell\u00e9 la Fed et son conseil des gouverneurs, leur demandant d\u2019adopter une politique mon\u00e9taire plus accommodante.<\/p>\n<p>Il consid\u00e8re que le maintien de taux \u00e9lev\u00e9s place l\u2019\u00e9conomie am\u00e9ricaine dans une situation d\u00e9favorable par rapport \u00e0 d\u2019autres pays. Pour Trump, cette politique p\u00e9naliserait les \u00c9tats-Unis alors que leur situation \u00e9conomique leur permettrait, selon lui, de b\u00e9n\u00e9ficier de conditions de financement plus favorables.<\/p>\n<p>Le pr\u00e9sident am\u00e9ricain a ainsi appel\u00e9 les responsables de la Fed \u00e0 r\u00e9duire les taux, allant jusqu\u2019\u00e0 les inviter \u00e0 agir de mani\u00e8re \u00ab patriotique \u00bb.<\/p>\n<p>La question commerciale de nouveau mise en avant<br \/>Donald Trump a \u00e9galement \u00e9tabli un lien entre les taux d\u2019int\u00e9r\u00eat et sa politique commerciale. Il a menac\u00e9 de r\u00e9duire ou de suspendre les \u00e9changes avec les pays enregistrant d\u2019importants exc\u00e9dents commerciaux vis-\u00e0-vis des \u00c9tats-Unis si les conditions financi\u00e8res am\u00e9ricaines ne devenaient pas plus favorables.<\/p>\n<p>Il a pr\u00e9sent\u00e9 cette possibilit\u00e9 comme une alternative aux droits de douane, estimant que Washington dispose d\u2019importants leviers en mati\u00e8re de relations commerciales.<\/p>\n<p>Trump a par ailleurs fait r\u00e9f\u00e9rence \u00e0 une d\u00e9cision de la Cour supr\u00eame am\u00e9ricaine concernant les droits de douane, dont il a donn\u00e9 sa propre interpr\u00e9tation en affirmant qu\u2019elle reconnaissait au pr\u00e9sident une large capacit\u00e9 d\u2019action dans le domaine commercial.<\/p>\n<div class=\"simplesocialbuttons simplesocial-round-btm-border simplesocialbuttons_inline simplesocialbuttons-align-left post-1138379 post simplesocialbuttons-inline-no-animation\"><button class=\"simplesocial-fb-share\" rel=\"nofollow\" target=\"_blank\" aria-label=\"Facebook Share\" data-href=\"https:\/\/www.facebook.com\/sharer\/sharer.php?u=https:\/\/www.tunisienumerique.com\/trump-hausse-le-ton-face-a-la-fed-et-reclame-des-taux-plus-bas\/\" onclick=\"javascript:window.open(this.dataset.href, '', 'menubar=no,toolbar=no,resizable=yes,scrollbars=yes,height=600,width=600');return false;\"><span class=\"simplesocialtxt\">Facebook<\/span><\/button> <button class=\"simplesocial-twt-share\" rel=\"nofollow\" target=\"_blank\" aria-label=\"Twitter Share\" data-href=\"https:\/\/twitter.com\/intent\/tweet?text=Trump+hausse+le+ton+face+%C3%A0+la+Fed+et+r%C3%A9clame+des+taux+plus+bas&amp;url=https:\/\/www.tunisienumerique.com\/trump-hausse-le-ton-face-a-la-fed-et-reclame-des-taux-plus-bas\/\" onclick=\"javascript:window.open(this.dataset.href, '', 'menubar=no,toolbar=no,resizable=yes,scrollbars=yes,height=600,width=600');return false;\"><span class=\"simplesocialtxt\">Twitter<\/span><\/button> <button rel=\"nofollow\" target=\"_blank\" class=\"simplesocial-linkedin-share\" aria-label=\"LinkedIn Share\" data-href=\"https:\/\/www.linkedin.com\/sharing\/share-offsite\/?url=https:\/\/www.tunisienumerique.com\/trump-hausse-le-ton-face-a-la-fed-et-reclame-des-taux-plus-bas\/\" onclick=\"javascript:window.open(this.dataset.href, '', 'menubar=no,toolbar=no,resizable=yes,scrollbars=yes,height=600,width=600');return false;\"><span class=\"simplesocialtxt\">LinkedIn<\/span><\/button> <button onclick=\"javascript:window.open(this.dataset.href, '_blank' );return false;\" class=\"simplesocial-whatsapp-share\" rel=\"nofollow\" target=\"_blank\" aria-label=\"WhatsApp Share\" data-href=\"https:\/\/api.whatsapp.com\/send?text=https:\/\/www.tunisienumerique.com\/trump-hausse-le-ton-face-a-la-fed-et-reclame-des-taux-plus-bas\/\"><span class=\"simplesocialtxt\">WhatsApp<\/span><\/button><\/p>\n<\/div>\n<p><strong>Que se passe-t-il en Tunisie?<\/strong><br \/>Nous expliquons sur notre <a href=\"https:\/\/www.youtube.com\/channel\/UCRzypVq0B_yBad5eGrwBx0Q?sub_confirmation=1\" target=\"_blank\">cha\u00eene YouTube<\/a> . <a href=\"https:\/\/www.youtube.com\/channel\/UCRzypVq0B_yBad5eGrwBx0Q?sub_confirmation=1\" target=\"_blank\">Abonnez-vous!<\/a><\/p>\n<div class=\"mvp-org-wrap\" itemprop=\"publisher\" itemscope=\"itemscope\" itemtype=\"https:\/\/schema.org\/Organization\">\n<div class=\"mvp-org-logo\" itemprop=\"logo\" itemscope=\"itemscope\" itemtype=\"https:\/\/schema.org\/ImageObject\">\n<p><img loading=\"lazy\" decoding=\"async\" width=\"290\" height=\"78\" src=\"https:\/\/www.tunisienumerique.com\/wp-content\/uploads\/2024\/03\/Logo-Tn1-1-3.png\"\/><\/p>\n<p><meta itemprop=\"url\" content=\"https:\/\/www.tunisienumerique.com\/wp-content\/uploads\/2024\/03\/Logo-Tn1-1-3.png\"\/><\/div>\n<p><meta itemprop=\"name\" content=\"Tunisie Numerique\"\/><\/div>\n<div class=\"post-tags\"><span class=\"post-tags-header\">SUJETS CONNEXES:<\/span><span itemprop=\"keywords\"><a href=\"https:\/\/www.tunisienumerique.com\/tunisie-actualite\/commerce-international\/\" rel=\"tag\">commerce international<\/a>, <a href=\"https:\/\/www.tunisienumerique.com\/tunisie-actualite\/creations-demplois\/\" rel=\"tag\">cr\u00e9ations d\u2019emplois<\/a>, <a href=\"https:\/\/www.tunisienumerique.com\/tunisie-actualite\/donald-trump\/\" rel=\"tag\">donald trump<\/a>, <a href=\"https:\/\/www.tunisienumerique.com\/tunisie-actualite\/droits-de-douane\/\" rel=\"tag\">droits de douane<\/a>, <a href=\"https:\/\/www.tunisienumerique.com\/tunisie-actualite\/economie-americaine\/\" rel=\"tag\">\u00c9conomie am\u00e9ricaine<\/a>, <a href=\"https:\/\/www.tunisienumerique.com\/tunisie-actualite\/emploi-americain\/\" rel=\"tag\">emploi am\u00e9ricain<\/a>, <a href=\"https:\/\/www.tunisienumerique.com\/tunisie-actualite\/etats-unis\/\" rel=\"tag\">Etats-Unis<\/a>, <a href=\"https:\/\/www.tunisienumerique.com\/tunisie-actualite\/fed\/\" rel=\"tag\">fed<\/a>, <a href=\"https:\/\/www.tunisienumerique.com\/tunisie-actualite\/reserve-federale\/\" rel=\"tag\">R\u00e9serve f\u00e9d\u00e9rale<\/a>, <a href=\"https:\/\/www.tunisienumerique.com\/tunisie-actualite\/taux-dinteret\/\" rel=\"tag\">taux d&rsquo;int\u00e9r\u00eat<\/a>, <a href=\"https:\/\/www.tunisienumerique.com\/tunisie-actualite\/trump\/\" rel=\"tag\">trump<\/a>, <a href=\"https:\/\/www.tunisienumerique.com\/tunisie-actualite\/truth-social\/\" rel=\"tag\">Truth Social<\/a><\/span><\/div>\n<div class=\"mvp-related-posts left relative\">\n<h4 class=\"post-header\"><span class=\"post-header\">LIRE AUSSI<\/span><\/h4>\n<\/div>\n<div id=\"article-ad\">\n  <ins class=\"adsbygoogle\" data-ad-client=\"ca-pub-2102118777505746\" data-ad-slot=\"6168283410\" data-ad-format=\"auto\" data-full-width-responsive=\"true\"\/>\n<\/div>\n<\/div>\n<\/div>\n<\/div>\n<p>Auteur: Mohsen Tiss<br \/>\n<a href=\"https:\/\/www.tunisienumerique.com\/trump-hausse-le-ton-face-a-la-fed-et-reclame-des-taux-plus-bas\/\">Cliquez ici pour lire l&rsquo;article depuis sa source.<\/a><\/p>\n","protected":false},"excerpt":{"rendered":"<p>Facebook Twitter LinkedIn WhatsApp Lire plus tard Donald Trump a r\u00e9agi, sur son r\u00e9seau Truth Social, \u00e0 la publication des derniers chiffres de l\u2019emploi aux \u00c9tats-Unis, faisant \u00e9tat de 162 000 cr\u00e9ations de postes en ao\u00fbt. Le pr\u00e9sident am\u00e9ricain a pr\u00e9sent\u00e9 ces donn\u00e9es comme la confirmation de la solidit\u00e9 de l\u2019\u00e9conomie am\u00e9ricaine et a renouvel\u00e9 [&hellip;]<\/p>\n","protected":false},"author":1789,"featured_media":191676,"comment_status":"closed","ping_status":"closed","sticky":false,"template":"","format":"standard","meta":{"fifu_image_url":"https:\/\/www.tunisienumerique.com\/wp-content\/uploads\/2026\/06\/helicoptere-apache-iran-USA.jpeg","fifu_image_alt":"Trump hausse le ton face \u00e0 la Fed et r\u00e9clame des taux plus bas","footnotes":""},"categories":[73,55],"tags":[],"class_list":["post-191675","post","type-post","status-publish","format-standard","has-post-thumbnail","hentry","category-actualite","category-tunisie"],"_links":{"self":[{"href":"https:\/\/linitiative.ca\/International\/wp-json\/wp\/v2\/posts\/191675","targetHints":{"allow":["GET"]}}],"collection":[{"href":"https:\/\/linitiative.ca\/International\/wp-json\/wp\/v2\/posts"}],"about":[{"href":"https:\/\/linitiative.ca\/International\/wp-json\/wp\/v2\/types\/post"}],"author":[{"embeddable":true,"href":"https:\/\/linitiative.ca\/International\/wp-json\/wp\/v2\/users\/1789"}],"replies":[{"embeddable":true,"href":"https:\/\/linitiative.ca\/International\/wp-json\/wp\/v2\/comments?post=191675"}],"version-history":[{"count":0,"href":"https:\/\/linitiative.ca\/International\/wp-json\/wp\/v2\/posts\/191675\/revisions"}],"wp:featuredmedia":[{"embeddable":true,"href":"https:\/\/linitiative.ca\/International\/wp-json\/wp\/v2\/media\/191676"}],"wp:attachment":[{"href":"https:\/\/linitiative.ca\/International\/wp-json\/wp\/v2\/media?parent=191675"}],"wp:term":[{"taxonomy":"category","embeddable":true,"href":"https:\/\/linitiative.ca\/International\/wp-json\/wp\/v2\/categories?post=191675"},{"taxonomy":"post_tag","embeddable":true,"href":"https:\/\/linitiative.ca\/International\/wp-json\/wp\/v2\/tags?post=191675"}],"curies":[{"name":"wp","href":"https:\/\/api.w.org\/{rel}","templated":true}]}}