{"id":191679,"date":"2026-09-04T12:45:00","date_gmt":"2026-09-04T16:45:00","guid":{"rendered":"https:\/\/linitiative.ca\/International\/france-canicule-7-000-personnes-decedees-fin-juillet\/"},"modified":"2026-09-04T12:45:00","modified_gmt":"2026-09-04T16:45:00","slug":"france-canicule-7-000-personnes-decedees-fin-juillet","status":"publish","type":"post","link":"https:\/\/linitiative.ca\/International\/france-canicule-7-000-personnes-decedees-fin-juillet\/","title":{"rendered":"France \u2013 canicule: 7 000 personnes d\u00e9c\u00e9d\u00e9es fin juillet"},"content":{"rendered":"<div class=\"post-cont-out\">\n<div class=\"post-cont-in no-margin\">\n<div id=\"content-main\" class=\"left relative\">\n<div class=\"simplesocialbuttons simplesocial-round-btm-border simplesocialbuttons_inline simplesocialbuttons-align-left post-1138385 post simplesocialbuttons-inline-no-animation\"><button class=\"simplesocial-fb-share\" rel=\"nofollow\" target=\"_blank\" aria-label=\"Facebook Share\" data-href=\"https:\/\/www.facebook.com\/sharer\/sharer.php?u=https:\/\/www.tunisienumerique.com\/france-canicule-7-000-personnes-decedees-fin-juillet\/\" onclick=\"javascript:window.open(this.dataset.href, '', 'menubar=no,toolbar=no,resizable=yes,scrollbars=yes,height=600,width=600');return false;\"><span class=\"simplesocialtxt\">Facebook<\/span><\/button> <button class=\"simplesocial-twt-share\" rel=\"nofollow\" target=\"_blank\" aria-label=\"Twitter Share\" data-href=\"https:\/\/twitter.com\/intent\/tweet?text=France+%E2%80%93+canicule%3A+7+000+personnes+d%C3%A9c%C3%A9d%C3%A9es+fin+juillet&amp;url=https:\/\/www.tunisienumerique.com\/france-canicule-7-000-personnes-decedees-fin-juillet\/\" onclick=\"javascript:window.open(this.dataset.href, '', 'menubar=no,toolbar=no,resizable=yes,scrollbars=yes,height=600,width=600');return false;\"><span class=\"simplesocialtxt\">Twitter<\/span><\/button> <button rel=\"nofollow\" target=\"_blank\" class=\"simplesocial-linkedin-share\" aria-label=\"LinkedIn Share\" data-href=\"https:\/\/www.linkedin.com\/sharing\/share-offsite\/?url=https:\/\/www.tunisienumerique.com\/france-canicule-7-000-personnes-decedees-fin-juillet\/\" onclick=\"javascript:window.open(this.dataset.href, '', 'menubar=no,toolbar=no,resizable=yes,scrollbars=yes,height=600,width=600');return false;\"><span class=\"simplesocialtxt\">LinkedIn<\/span><\/button> <button onclick=\"javascript:window.open(this.dataset.href, '_blank' );return false;\" class=\"simplesocial-whatsapp-share\" rel=\"nofollow\" target=\"_blank\" aria-label=\"WhatsApp Share\" data-href=\"https:\/\/api.whatsapp.com\/send?text=https:\/\/www.tunisienumerique.com\/france-canicule-7-000-personnes-decedees-fin-juillet\/\"><span class=\"simplesocialtxt\">WhatsApp<\/span><\/button><\/p>\n<\/div>\n<p><button class=\"simplefavorite-button\" data-postid=\"1138385\" data-siteid=\"1\" data-groupid=\"1\" data-favoritecount=\"0\"> Lire plus tard<\/button><\/p>\n<p><span>Sur france.tv, St\u00e9phanie Rist, ministre de la Sant\u00e9, \u00e9tait l\u2019invit\u00e9e des \u00ab 4 V\u00e9rit\u00e9s \u00bb, pr\u00e9sent\u00e9es par Francis Letellier, pour \u00e9voquer notamment le bilan d\u2019un \u00e9t\u00e9 marqu\u00e9 par la canicule.\u00a0<\/span><\/p>\n<p><span>\u00ab Alors, \u00e7a fait trois mois qu\u2019on souffre de chaleurs \u00e0 r\u00e9p\u00e9tition. On a effectivement des constatations qu\u2019on peut faire. Un, que l\u2019h\u00f4pital tient, notre syst\u00e8me de sant\u00e9 tient. On a une surmortalit\u00e9. Les chiffres \u00e9taient de 7 000 personnes d\u00e9c\u00e9d\u00e9es fin juillet, surtout des personnes dans des milieux isol\u00e9s, qui habitent seules dans des grandes villes\u201d, a annonc\u00e9 St\u00e9phanie Rist.\u00a0<\/span><\/p>\n<p><span>Et d\u2019ajouter : \u201cQuand on se compare avec nos voisins, si je pense \u00e0 l\u2019Allemagne, on est nettement en dessous de surmortalit\u00e9, m\u00eame si un mort de plus est un mort de trop, bien \u00e9videmment. Mais je crois que notre syst\u00e8me tient. \u00bb<\/span><\/p>\n<div class=\"simplesocialbuttons simplesocial-round-btm-border simplesocialbuttons_inline simplesocialbuttons-align-left post-1138385 post simplesocialbuttons-inline-no-animation\"><button class=\"simplesocial-fb-share\" rel=\"nofollow\" target=\"_blank\" aria-label=\"Facebook Share\" data-href=\"https:\/\/www.facebook.com\/sharer\/sharer.php?u=https:\/\/www.tunisienumerique.com\/france-canicule-7-000-personnes-decedees-fin-juillet\/\" onclick=\"javascript:window.open(this.dataset.href, '', 'menubar=no,toolbar=no,resizable=yes,scrollbars=yes,height=600,width=600');return false;\"><span class=\"simplesocialtxt\">Facebook<\/span><\/button> <button class=\"simplesocial-twt-share\" rel=\"nofollow\" target=\"_blank\" aria-label=\"Twitter Share\" data-href=\"https:\/\/twitter.com\/intent\/tweet?text=France+%E2%80%93+canicule%3A+7+000+personnes+d%C3%A9c%C3%A9d%C3%A9es+fin+juillet&amp;url=https:\/\/www.tunisienumerique.com\/france-canicule-7-000-personnes-decedees-fin-juillet\/\" onclick=\"javascript:window.open(this.dataset.href, '', 'menubar=no,toolbar=no,resizable=yes,scrollbars=yes,height=600,width=600');return false;\"><span class=\"simplesocialtxt\">Twitter<\/span><\/button> <button rel=\"nofollow\" target=\"_blank\" class=\"simplesocial-linkedin-share\" aria-label=\"LinkedIn Share\" data-href=\"https:\/\/www.linkedin.com\/sharing\/share-offsite\/?url=https:\/\/www.tunisienumerique.com\/france-canicule-7-000-personnes-decedees-fin-juillet\/\" onclick=\"javascript:window.open(this.dataset.href, '', 'menubar=no,toolbar=no,resizable=yes,scrollbars=yes,height=600,width=600');return false;\"><span class=\"simplesocialtxt\">LinkedIn<\/span><\/button> <button onclick=\"javascript:window.open(this.dataset.href, '_blank' );return false;\" class=\"simplesocial-whatsapp-share\" rel=\"nofollow\" target=\"_blank\" aria-label=\"WhatsApp Share\" data-href=\"https:\/\/api.whatsapp.com\/send?text=https:\/\/www.tunisienumerique.com\/france-canicule-7-000-personnes-decedees-fin-juillet\/\"><span class=\"simplesocialtxt\">WhatsApp<\/span><\/button><\/p>\n<\/div>\n<p><strong>Que se passe-t-il en Tunisie?<\/strong><br \/>Nous expliquons sur notre <a href=\"https:\/\/www.youtube.com\/channel\/UCRzypVq0B_yBad5eGrwBx0Q?sub_confirmation=1\" target=\"_blank\">cha\u00eene YouTube<\/a> . <a href=\"https:\/\/www.youtube.com\/channel\/UCRzypVq0B_yBad5eGrwBx0Q?sub_confirmation=1\" target=\"_blank\">Abonnez-vous!<\/a><\/p>\n<div class=\"mvp-org-wrap\" itemprop=\"publisher\" itemscope=\"itemscope\" itemtype=\"https:\/\/schema.org\/Organization\">\n<div class=\"mvp-org-logo\" itemprop=\"logo\" itemscope=\"itemscope\" itemtype=\"https:\/\/schema.org\/ImageObject\">\n<p><img loading=\"lazy\" decoding=\"async\" width=\"290\" height=\"78\" src=\"https:\/\/www.tunisienumerique.com\/wp-content\/uploads\/2024\/03\/Logo-Tn1-1-3.png\"\/><\/p>\n<p><meta itemprop=\"url\" content=\"https:\/\/www.tunisienumerique.com\/wp-content\/uploads\/2024\/03\/Logo-Tn1-1-3.png\"\/><\/div>\n<p><meta itemprop=\"name\" content=\"Tunisie Numerique\"\/><\/div>\n<div class=\"mvp-related-posts left relative\">\n<h4 class=\"post-header\"><span class=\"post-header\">LIRE AUSSI<\/span><\/h4>\n<\/div>\n<div id=\"article-ad\">\n  <ins class=\"adsbygoogle\" data-ad-client=\"ca-pub-2102118777505746\" data-ad-slot=\"6168283410\" data-ad-format=\"auto\" data-full-width-responsive=\"true\"\/>\n<\/div>\n<\/div>\n<\/div>\n<\/div>\n<p>Auteur: Mohsen Tiss<br \/>\n<a href=\"https:\/\/www.tunisienumerique.com\/france-canicule-7-000-personnes-decedees-fin-juillet\/\">Cliquez ici pour lire l&rsquo;article depuis sa source.<\/a><\/p>\n","protected":false},"excerpt":{"rendered":"<p>Facebook Twitter LinkedIn WhatsApp Lire plus tard Sur france.tv, St\u00e9phanie Rist, ministre de la Sant\u00e9, \u00e9tait l\u2019invit\u00e9e des \u00ab 4 V\u00e9rit\u00e9s \u00bb, pr\u00e9sent\u00e9es par Francis Letellier, pour \u00e9voquer notamment le bilan d\u2019un \u00e9t\u00e9 marqu\u00e9 par la canicule.\u00a0 \u00ab Alors, \u00e7a fait trois mois qu\u2019on souffre de chaleurs \u00e0 r\u00e9p\u00e9tition. On a effectivement des constatations qu\u2019on [&hellip;]<\/p>\n","protected":false},"author":1789,"featured_media":191680,"comment_status":"closed","ping_status":"closed","sticky":false,"template":"","format":"standard","meta":{"fifu_image_url":"https:\/\/www.tunisienumerique.com\/wp-content\/uploads\/2026\/09\/Stephanie-Rist-canicule-france.jpg","fifu_image_alt":"France \u2013 canicule: 7 000 personnes d\u00e9c\u00e9d\u00e9es fin juillet","footnotes":""},"categories":[73,55],"tags":[],"class_list":["post-191679","post","type-post","status-publish","format-standard","has-post-thumbnail","hentry","category-actualite","category-tunisie"],"_links":{"self":[{"href":"https:\/\/linitiative.ca\/International\/wp-json\/wp\/v2\/posts\/191679","targetHints":{"allow":["GET"]}}],"collection":[{"href":"https:\/\/linitiative.ca\/International\/wp-json\/wp\/v2\/posts"}],"about":[{"href":"https:\/\/linitiative.ca\/International\/wp-json\/wp\/v2\/types\/post"}],"author":[{"embeddable":true,"href":"https:\/\/linitiative.ca\/International\/wp-json\/wp\/v2\/users\/1789"}],"replies":[{"embeddable":true,"href":"https:\/\/linitiative.ca\/International\/wp-json\/wp\/v2\/comments?post=191679"}],"version-history":[{"count":0,"href":"https:\/\/linitiative.ca\/International\/wp-json\/wp\/v2\/posts\/191679\/revisions"}],"wp:featuredmedia":[{"embeddable":true,"href":"https:\/\/linitiative.ca\/International\/wp-json\/wp\/v2\/media\/191680"}],"wp:attachment":[{"href":"https:\/\/linitiative.ca\/International\/wp-json\/wp\/v2\/media?parent=191679"}],"wp:term":[{"taxonomy":"category","embeddable":true,"href":"https:\/\/linitiative.ca\/International\/wp-json\/wp\/v2\/categories?post=191679"},{"taxonomy":"post_tag","embeddable":true,"href":"https:\/\/linitiative.ca\/International\/wp-json\/wp\/v2\/tags?post=191679"}],"curies":[{"name":"wp","href":"https:\/\/api.w.org\/{rel}","templated":true}]}}