{"id":191691,"date":"2026-09-04T10:20:37","date_gmt":"2026-09-04T14:20:37","guid":{"rendered":"https:\/\/linitiative.ca\/International\/journee-nelson-mandela-a-tenkodogo-lautosuffisance-alimentaire-au-coeur-de-la-commemoration\/"},"modified":"2026-09-04T10:20:37","modified_gmt":"2026-09-04T14:20:37","slug":"journee-nelson-mandela-a-tenkodogo-lautosuffisance-alimentaire-au-coeur-de-la-commemoration","status":"publish","type":"post","link":"https:\/\/linitiative.ca\/International\/journee-nelson-mandela-a-tenkodogo-lautosuffisance-alimentaire-au-coeur-de-la-commemoration\/","title":{"rendered":"Journ\u00e9e Nelson Mandela \u00e0 Tenkodogo: L\u2019autosuffisance alimentaire au c\u0153ur de la comm\u00e9moration"},"content":{"rendered":"<div class=\"td-post-featured-image\"><a href=\"https:\/\/www.sidwaya.info\/wp-content\/uploads\/2026\/09\/WhatsApp-Image-2026-09-04-at-14.13.45.jpeg\" data-caption=\"\"><img loading=\"lazy\" decoding=\"async\" width=\"696\" height=\"345\" class=\"entry-thumb td-modal-image\" src=\"https:\/\/www.sidwaya.info\/wp-content\/uploads\/2026\/09\/WhatsApp-Image-2026-09-04-at-14.13.45-696x345.jpeg\" srcset=\"https:\/\/www.sidwaya.info\/wp-content\/uploads\/2026\/09\/WhatsApp-Image-2026-09-04-at-14.13.45-696x345.jpeg 696w, https:\/\/www.sidwaya.info\/wp-content\/uploads\/2026\/09\/WhatsApp-Image-2026-09-04-at-14.13.45-300x149.jpeg 300w, https:\/\/www.sidwaya.info\/wp-content\/uploads\/2026\/09\/WhatsApp-Image-2026-09-04-at-14.13.45-1024x508.jpeg 1024w, https:\/\/www.sidwaya.info\/wp-content\/uploads\/2026\/09\/WhatsApp-Image-2026-09-04-at-14.13.45-768x381.jpeg 768w, https:\/\/www.sidwaya.info\/wp-content\/uploads\/2026\/09\/WhatsApp-Image-2026-09-04-at-14.13.45-846x420.jpeg 846w, https:\/\/www.sidwaya.info\/wp-content\/uploads\/2026\/09\/WhatsApp-Image-2026-09-04-at-14.13.45-150x74.jpeg 150w, https:\/\/www.sidwaya.info\/wp-content\/uploads\/2026\/09\/WhatsApp-Image-2026-09-04-at-14.13.45-1068x530.jpeg 1068w, https:\/\/www.sidwaya.info\/wp-content\/uploads\/2026\/09\/WhatsApp-Image-2026-09-04-at-14.13.45-324x160.jpeg 324w, https:\/\/www.sidwaya.info\/wp-content\/uploads\/2026\/09\/WhatsApp-Image-2026-09-04-at-14.13.45.jpeg 1080w\" sizes=\"auto, (max-width: 696px) 100vw, 696px\" alt=\"\" title=\"WhatsApp Image 2026-09-04 at 14.13.45\"\/><\/a><\/div>\n<p><strong>La Maison d\u2019arr\u00eat et de correction de Tenkodogo a accueilli, ce vendredi, 4 septembre 2026, \u00a0la c\u00e9l\u00e9bration de la Journ\u00e9e Nelson Mandela. Cette c\u00e9l\u00e9bration est consacr\u00e9e au r\u00f4le des centres p\u00e9nitentiaires agricoles dans la r\u00e9insertion et la formation professionnelle des personnes d\u00e9tenues.<\/strong><\/p>\n<p>Consacr\u00e9e \u00e0 la m\u00e9moire et \u00e0 l\u2019\u0153uvre de Nelson Mandela, cette journ\u00e9e est c\u00e9l\u00e9br\u00e9e officiellement tous les 18 juillet de chaque ann\u00e9e. Cette ann\u00e9e, c\u2019est en diff\u00e9r\u00e9 qu\u2019elle s\u2019est tenue \u00e0 la Maison d\u2019arr\u00eat et de correction de Tenkodogo (MACT) sous\u00a0le th\u00e8me\u00a0:<em>\u00ab contribution des centres p\u00e9nitentiaires agricoles \u00e0 la formation professionnelle des d\u00e9tenus et \u00e0 l\u2019atteinte de l\u2019autosuffisance alimentaire\u00a0: d\u00e9fis et perspectives \u00bb.<\/em> Selon le repr\u00e9sentant du ministre de la Justice, cette comm\u00e9moration traduit une volont\u00e9 de consid\u00e9rer la p\u00e9riode de d\u00e9tention comme une \u00e9tape pouvant \u00e9galement pr\u00e9parer l\u2019avenir. <em>\u00abLe choix du th\u00e8me s\u2019inscrit dans les \u00a0orientations du premier responsable de notre nation qui fait de l\u2019autosuffisance alimentaire un \u00e9l\u00e9ment cl\u00e9 de son action. Par cons\u00e9quent, les centres p\u00e9nitentiaires de production agricole doivent \u00eatre repens\u00e9s et contribuer non seulement \u00e0 la formation professionnelle des d\u00e9tenus mais aussi \u00e0 l\u2019autosuffisance alimentaire \u00bb,<\/em> a-t-il d\u00e9clar\u00e9<em>.<\/em><\/p>\n<p><img fetchpriority=\"high\" decoding=\"async\" data-attachment-id=\"168909\" data-permalink=\"https:\/\/www.sidwaya.info\/journee-nelson-mandela-a-tenkodogo-lautosuffisance-alimentaire-au-coeur-de-la-commemoration\/whatsapp-image-2026-09-04-at-14-12-54\/\" data-orig-file=\"https:\/\/www.sidwaya.info\/wp-content\/uploads\/2026\/09\/WhatsApp-Image-2026-09-04-at-14.12.54.jpeg\" data-orig-size=\"2080,1560\" data-comments-opened=\"1\" data-image-meta=\"{&quot;aperture&quot;:&quot;0&quot;,&quot;credit&quot;:&quot;&quot;,&quot;camera&quot;:&quot;&quot;,&quot;caption&quot;:&quot;&quot;,&quot;created_timestamp&quot;:&quot;0&quot;,&quot;copyright&quot;:&quot;&quot;,&quot;focal_length&quot;:&quot;0&quot;,&quot;iso&quot;:&quot;0&quot;,&quot;shutter_speed&quot;:&quot;0&quot;,&quot;title&quot;:&quot;&quot;,&quot;orientation&quot;:&quot;0&quot;,&quot;alt&quot;:&quot;&quot;}\" data-image-title=\"WhatsApp Image 2026-09-04 at 14.12.54\" data-image-description=\"\" data-image-caption=\"\" data-large-file=\"https:\/\/www.sidwaya.info\/wp-content\/uploads\/2026\/09\/WhatsApp-Image-2026-09-04-at-14.12.54-1024x768.jpeg\" class=\"aligncenter size-full wp-image-168909\" src=\"https:\/\/www.sidwaya.info\/wp-content\/uploads\/2026\/09\/WhatsApp-Image-2026-09-04-at-14.12.54.jpeg\" alt=\"\" width=\"2080\" height=\"1560\" srcset=\"https:\/\/www.sidwaya.info\/wp-content\/uploads\/2026\/09\/WhatsApp-Image-2026-09-04-at-14.12.54.jpeg 2080w, https:\/\/www.sidwaya.info\/wp-content\/uploads\/2026\/09\/WhatsApp-Image-2026-09-04-at-14.12.54-300x225.jpeg 300w, https:\/\/www.sidwaya.info\/wp-content\/uploads\/2026\/09\/WhatsApp-Image-2026-09-04-at-14.12.54-1024x768.jpeg 1024w, https:\/\/www.sidwaya.info\/wp-content\/uploads\/2026\/09\/WhatsApp-Image-2026-09-04-at-14.12.54-768x576.jpeg 768w, https:\/\/www.sidwaya.info\/wp-content\/uploads\/2026\/09\/WhatsApp-Image-2026-09-04-at-14.12.54-1536x1152.jpeg 1536w, https:\/\/www.sidwaya.info\/wp-content\/uploads\/2026\/09\/WhatsApp-Image-2026-09-04-at-14.12.54-2048x1536.jpeg 2048w, https:\/\/www.sidwaya.info\/wp-content\/uploads\/2026\/09\/WhatsApp-Image-2026-09-04-at-14.12.54-560x420.jpeg 560w, https:\/\/www.sidwaya.info\/wp-content\/uploads\/2026\/09\/WhatsApp-Image-2026-09-04-at-14.12.54-80x60.jpeg 80w, https:\/\/www.sidwaya.info\/wp-content\/uploads\/2026\/09\/WhatsApp-Image-2026-09-04-at-14.12.54-150x113.jpeg 150w, https:\/\/www.sidwaya.info\/wp-content\/uploads\/2026\/09\/WhatsApp-Image-2026-09-04-at-14.12.54-696x522.jpeg 696w, https:\/\/www.sidwaya.info\/wp-content\/uploads\/2026\/09\/WhatsApp-Image-2026-09-04-at-14.12.54-1068x801.jpeg 1068w, https:\/\/www.sidwaya.info\/wp-content\/uploads\/2026\/09\/WhatsApp-Image-2026-09-04-at-14.12.54-1920x1440.jpeg 1920w, https:\/\/www.sidwaya.info\/wp-content\/uploads\/2026\/09\/WhatsApp-Image-2026-09-04-at-14.12.54-265x198.jpeg 265w\" sizes=\"(max-width: 2080px) 100vw, 2080px\"\/><\/p>\n<p><em>La c\u00e9r\u00e9monie a \u00e9galement permis de r\u00e9compenser les meilleurs d\u00e9tenus ayant pris part 0 un jeu de soci\u00e9t\u00e9.<\/em> Elle s\u2019est achev\u00e9e par la visite de leurs \u0153uvres r\u00e9alis\u00e9es en milieu carc\u00e9ral et de leurs de leurs champs<em>.<\/em><\/p>\n<p><strong><em>K.A.K. et E.E.B.<\/em><\/strong><\/p>\n<p>Auteur: BS. Sidwaya<br \/>\n<a href=\"https:\/\/www.sidwaya.info\/journee-nelson-mandela-a-tenkodogo-lautosuffisance-alimentaire-au-coeur-de-la-commemoration\/\">Cliquez ici pour lire l&rsquo;article depuis sa source.<\/a><\/p>\n","protected":false},"excerpt":{"rendered":"<p>La Maison d\u2019arr\u00eat et de correction de Tenkodogo a accueilli, ce vendredi, 4 septembre 2026, \u00a0la c\u00e9l\u00e9bration de la Journ\u00e9e Nelson Mandela. Cette c\u00e9l\u00e9bration est consacr\u00e9e au r\u00f4le des centres p\u00e9nitentiaires agricoles dans la r\u00e9insertion et la formation professionnelle des personnes d\u00e9tenues. Consacr\u00e9e \u00e0 la m\u00e9moire et \u00e0 l\u2019\u0153uvre de Nelson Mandela, cette journ\u00e9e est [&hellip;]<\/p>\n","protected":false},"author":1816,"featured_media":191692,"comment_status":"closed","ping_status":"closed","sticky":false,"template":"","format":"standard","meta":{"fifu_image_url":"https:\/\/www.sidwaya.info\/wp-content\/uploads\/2026\/09\/WhatsApp-Image-2026-09-04-at-14.13.45.jpeg","fifu_image_alt":"Journ\u00e9e Nelson Mandela \u00e0 Tenkodogo: L\u2019autosuffisance alimentaire au c\u0153ur de la comm\u00e9moration","footnotes":""},"categories":[73,81],"tags":[],"class_list":["post-191691","post","type-post","status-publish","format-standard","has-post-thumbnail","hentry","category-actualite","category-burkina-faso"],"_links":{"self":[{"href":"https:\/\/linitiative.ca\/International\/wp-json\/wp\/v2\/posts\/191691","targetHints":{"allow":["GET"]}}],"collection":[{"href":"https:\/\/linitiative.ca\/International\/wp-json\/wp\/v2\/posts"}],"about":[{"href":"https:\/\/linitiative.ca\/International\/wp-json\/wp\/v2\/types\/post"}],"author":[{"embeddable":true,"href":"https:\/\/linitiative.ca\/International\/wp-json\/wp\/v2\/users\/1816"}],"replies":[{"embeddable":true,"href":"https:\/\/linitiative.ca\/International\/wp-json\/wp\/v2\/comments?post=191691"}],"version-history":[{"count":0,"href":"https:\/\/linitiative.ca\/International\/wp-json\/wp\/v2\/posts\/191691\/revisions"}],"wp:featuredmedia":[{"embeddable":true,"href":"https:\/\/linitiative.ca\/International\/wp-json\/wp\/v2\/media\/191692"}],"wp:attachment":[{"href":"https:\/\/linitiative.ca\/International\/wp-json\/wp\/v2\/media?parent=191691"}],"wp:term":[{"taxonomy":"category","embeddable":true,"href":"https:\/\/linitiative.ca\/International\/wp-json\/wp\/v2\/categories?post=191691"},{"taxonomy":"post_tag","embeddable":true,"href":"https:\/\/linitiative.ca\/International\/wp-json\/wp\/v2\/tags?post=191691"}],"curies":[{"name":"wp","href":"https:\/\/api.w.org\/{rel}","templated":true}]}}