{"id":191693,"date":"2026-09-04T11:06:15","date_gmt":"2026-09-04T15:06:15","guid":{"rendered":"https:\/\/linitiative.ca\/International\/education-nationale-le-president-du-faso-honore-les-super-enseignants-2026\/"},"modified":"2026-09-04T11:06:15","modified_gmt":"2026-09-04T15:06:15","slug":"education-nationale-le-president-du-faso-honore-les-super-enseignants-2026","status":"publish","type":"post","link":"https:\/\/linitiative.ca\/International\/education-nationale-le-president-du-faso-honore-les-super-enseignants-2026\/","title":{"rendered":"\u00c9ducation nationale : le Pr\u00e9sident du Faso honore les super-enseignants 2026"},"content":{"rendered":"<div class=\"td-post-featured-image\"><a href=\"https:\/\/www.sidwaya.info\/wp-content\/uploads\/2026\/09\/S.jpg\" data-caption=\"\"><img loading=\"lazy\" decoding=\"async\" width=\"696\" height=\"391\" class=\"entry-thumb td-modal-image\" src=\"https:\/\/www.sidwaya.info\/wp-content\/uploads\/2026\/09\/S-696x391.jpg\" srcset=\"https:\/\/www.sidwaya.info\/wp-content\/uploads\/2026\/09\/S-696x391.jpg 696w, https:\/\/www.sidwaya.info\/wp-content\/uploads\/2026\/09\/S-300x169.jpg 300w, https:\/\/www.sidwaya.info\/wp-content\/uploads\/2026\/09\/S-1024x576.jpg 1024w, https:\/\/www.sidwaya.info\/wp-content\/uploads\/2026\/09\/S-768x432.jpg 768w, https:\/\/www.sidwaya.info\/wp-content\/uploads\/2026\/09\/S-747x420.jpg 747w, https:\/\/www.sidwaya.info\/wp-content\/uploads\/2026\/09\/S-150x84.jpg 150w, https:\/\/www.sidwaya.info\/wp-content\/uploads\/2026\/09\/S-1068x600.jpg 1068w, https:\/\/www.sidwaya.info\/wp-content\/uploads\/2026\/09\/S.jpg 1080w\" sizes=\"auto, (max-width: 696px) 100vw, 696px\" alt=\"\" title=\"S\"\/><\/a><\/div>\n<p><strong>Le Pr\u00e9sident du Faso, le Capitaine Ibrahim Traor\u00e9, a pr\u00e9sid\u00e9 ce vendredi 4 septembre 2026, \u00e0 Ouagadougou, la 5e \u00e9dition de la Journ\u00e9e Nationale de l\u2019Excellence Scolaire. Plac\u00e9e sous le th\u00e8me \u00ab Cultiver l\u2019excellence scolaire dans le contexte de la refondation de l\u2019\u00e9cole burkinab\u00e8 \u00bb, la c\u00e9r\u00e9monie a mis \u00e0 l\u2019honneur deux figures embl\u00e9matiques de l\u2019enseignement : Edmond Bama pour le primaire et Didier Zongo pour le secondaire.<\/strong><\/p>\n<p><a href=\"https:\/\/www.sidwaya.info\/education-nationale-le-president-du-faso-honore-les-super-enseignants-2026\/a4-12\/\" rel=\"attachment wp-att-168917\"><img fetchpriority=\"high\" decoding=\"async\" data-attachment-id=\"168917\" data-permalink=\"https:\/\/www.sidwaya.info\/education-nationale-le-president-du-faso-honore-les-super-enseignants-2026\/a4-12\/\" data-orig-file=\"https:\/\/www.sidwaya.info\/wp-content\/uploads\/2026\/09\/A4.jpg\" data-orig-size=\"2048,1365\" data-comments-opened=\"1\" data-image-meta=\"{&quot;aperture&quot;:&quot;0&quot;,&quot;credit&quot;:&quot;&quot;,&quot;camera&quot;:&quot;&quot;,&quot;caption&quot;:&quot;&quot;,&quot;created_timestamp&quot;:&quot;0&quot;,&quot;copyright&quot;:&quot;&quot;,&quot;focal_length&quot;:&quot;0&quot;,&quot;iso&quot;:&quot;0&quot;,&quot;shutter_speed&quot;:&quot;0&quot;,&quot;title&quot;:&quot;&quot;,&quot;orientation&quot;:&quot;0&quot;,&quot;alt&quot;:&quot;&quot;}\" data-image-title=\"A4\" data-image-description=\"\" data-image-caption=\"\" data-large-file=\"https:\/\/www.sidwaya.info\/wp-content\/uploads\/2026\/09\/A4-1024x683.jpg\" class=\"aligncenter size-full wp-image-168917\" src=\"https:\/\/www.sidwaya.info\/wp-content\/uploads\/2026\/09\/A4.jpg\" alt=\"\" width=\"2048\" height=\"1365\" srcset=\"https:\/\/www.sidwaya.info\/wp-content\/uploads\/2026\/09\/A4.jpg 2048w, https:\/\/www.sidwaya.info\/wp-content\/uploads\/2026\/09\/A4-300x200.jpg 300w, https:\/\/www.sidwaya.info\/wp-content\/uploads\/2026\/09\/A4-1024x683.jpg 1024w, https:\/\/www.sidwaya.info\/wp-content\/uploads\/2026\/09\/A4-768x512.jpg 768w, https:\/\/www.sidwaya.info\/wp-content\/uploads\/2026\/09\/A4-1536x1024.jpg 1536w, https:\/\/www.sidwaya.info\/wp-content\/uploads\/2026\/09\/A4-630x420.jpg 630w, https:\/\/www.sidwaya.info\/wp-content\/uploads\/2026\/09\/A4-150x100.jpg 150w, https:\/\/www.sidwaya.info\/wp-content\/uploads\/2026\/09\/A4-696x464.jpg 696w, https:\/\/www.sidwaya.info\/wp-content\/uploads\/2026\/09\/A4-1068x712.jpg 1068w, https:\/\/www.sidwaya.info\/wp-content\/uploads\/2026\/09\/A4-1920x1280.jpg 1920w\" sizes=\"(max-width: 2048px) 100vw, 2048px\"\/><\/a><\/p>\n<p>Au Minist\u00e8re de l\u2019Enseignement de Base, de l\u2019Alphab\u00e9tisation et de la Promotion des Langues Nationales, le Super Prix a \u00e9t\u00e9 attribu\u00e9 \u00e0 Edmond Bama, Professeur Certifi\u00e9 des \u00c9coles en service \u00e0 l\u2019\u00c9cole primaire publique de Mogueya A (CEB de Didyr, province du Sangui\u00e9, r\u00e9gion de Nando). Fort de 22 ans de carri\u00e8re, il s\u2019est distingu\u00e9 avec 161 points sur 174 et un taux de r\u00e9ussite de 100 % au CEP 2026 (119 admis sur 119 candidats).<\/p>\n<p><a href=\"https:\/\/www.sidwaya.info\/education-nationale-le-president-du-faso-honore-les-super-enseignants-2026\/a-45\/\" rel=\"attachment wp-att-168921\"><img loading=\"lazy\" decoding=\"async\" data-attachment-id=\"168921\" data-permalink=\"https:\/\/www.sidwaya.info\/education-nationale-le-president-du-faso-honore-les-super-enseignants-2026\/a-45\/\" data-orig-file=\"https:\/\/www.sidwaya.info\/wp-content\/uploads\/2026\/09\/A.jpg\" data-orig-size=\"2048,1639\" data-comments-opened=\"1\" data-image-meta=\"{&quot;aperture&quot;:&quot;0&quot;,&quot;credit&quot;:&quot;&quot;,&quot;camera&quot;:&quot;&quot;,&quot;caption&quot;:&quot;&quot;,&quot;created_timestamp&quot;:&quot;0&quot;,&quot;copyright&quot;:&quot;&quot;,&quot;focal_length&quot;:&quot;0&quot;,&quot;iso&quot;:&quot;0&quot;,&quot;shutter_speed&quot;:&quot;0&quot;,&quot;title&quot;:&quot;&quot;,&quot;orientation&quot;:&quot;0&quot;,&quot;alt&quot;:&quot;&quot;}\" data-image-title=\"A\" data-image-description=\"\" data-image-caption=\"\" data-large-file=\"https:\/\/www.sidwaya.info\/wp-content\/uploads\/2026\/09\/A-1024x820.jpg\" class=\"aligncenter size-full wp-image-168921\" src=\"https:\/\/www.sidwaya.info\/wp-content\/uploads\/2026\/09\/A.jpg\" alt=\"\" width=\"2048\" height=\"1639\" srcset=\"https:\/\/www.sidwaya.info\/wp-content\/uploads\/2026\/09\/A.jpg 2048w, https:\/\/www.sidwaya.info\/wp-content\/uploads\/2026\/09\/A-300x240.jpg 300w, https:\/\/www.sidwaya.info\/wp-content\/uploads\/2026\/09\/A-1024x820.jpg 1024w, https:\/\/www.sidwaya.info\/wp-content\/uploads\/2026\/09\/A-768x615.jpg 768w, https:\/\/www.sidwaya.info\/wp-content\/uploads\/2026\/09\/A-1536x1229.jpg 1536w, https:\/\/www.sidwaya.info\/wp-content\/uploads\/2026\/09\/A-525x420.jpg 525w, https:\/\/www.sidwaya.info\/wp-content\/uploads\/2026\/09\/A-150x120.jpg 150w, https:\/\/www.sidwaya.info\/wp-content\/uploads\/2026\/09\/A-696x557.jpg 696w, https:\/\/www.sidwaya.info\/wp-content\/uploads\/2026\/09\/A-1068x855.jpg 1068w, https:\/\/www.sidwaya.info\/wp-content\/uploads\/2026\/09\/A-1920x1537.jpg 1920w\" sizes=\"auto, (max-width: 2048px) 100vw, 2048px\"\/><\/a><\/p>\n<p>Au Minist\u00e8re de l\u2019Enseignement Secondaire et de la Formation Professionnelle et Technique, Didier Zongo a \u00e9t\u00e9 d\u00e9sign\u00e9 Super enseignant du secondaire 2026. Professeur d\u2019\u00c9ducation physique et sportive (EPS) et titulaire d\u2019un Master de recherche en sciences et techniques des activit\u00e9s physiques et sportives, il compte 14 ann\u00e9es de service. Son engagement lui a \u00e9galement valu d\u2019\u00eatre d\u00e9cor\u00e9 en 2024 dans l\u2019Ordre du m\u00e9rite de la jeunesse et des sports, au grade de chevalier des Palmes acad\u00e9miques.<\/p>\n<p><a href=\"https:\/\/www.sidwaya.info\/education-nationale-le-president-du-faso-honore-les-super-enseignants-2026\/a1-19\/\" rel=\"attachment wp-att-168920\"><img loading=\"lazy\" decoding=\"async\" data-attachment-id=\"168920\" data-permalink=\"https:\/\/www.sidwaya.info\/education-nationale-le-president-du-faso-honore-les-super-enseignants-2026\/a1-19\/\" data-orig-file=\"https:\/\/www.sidwaya.info\/wp-content\/uploads\/2026\/09\/A1.jpg\" data-orig-size=\"2048,1638\" data-comments-opened=\"1\" data-image-meta=\"{&quot;aperture&quot;:&quot;0&quot;,&quot;credit&quot;:&quot;&quot;,&quot;camera&quot;:&quot;&quot;,&quot;caption&quot;:&quot;&quot;,&quot;created_timestamp&quot;:&quot;0&quot;,&quot;copyright&quot;:&quot;&quot;,&quot;focal_length&quot;:&quot;0&quot;,&quot;iso&quot;:&quot;0&quot;,&quot;shutter_speed&quot;:&quot;0&quot;,&quot;title&quot;:&quot;&quot;,&quot;orientation&quot;:&quot;0&quot;,&quot;alt&quot;:&quot;&quot;}\" data-image-title=\"A1\" data-image-description=\"\" data-image-caption=\"\" data-large-file=\"https:\/\/www.sidwaya.info\/wp-content\/uploads\/2026\/09\/A1-1024x819.jpg\" class=\"aligncenter size-full wp-image-168920\" src=\"https:\/\/www.sidwaya.info\/wp-content\/uploads\/2026\/09\/A1.jpg\" alt=\"\" width=\"2048\" height=\"1638\" srcset=\"https:\/\/www.sidwaya.info\/wp-content\/uploads\/2026\/09\/A1.jpg 2048w, https:\/\/www.sidwaya.info\/wp-content\/uploads\/2026\/09\/A1-300x240.jpg 300w, https:\/\/www.sidwaya.info\/wp-content\/uploads\/2026\/09\/A1-1024x819.jpg 1024w, https:\/\/www.sidwaya.info\/wp-content\/uploads\/2026\/09\/A1-768x614.jpg 768w, https:\/\/www.sidwaya.info\/wp-content\/uploads\/2026\/09\/A1-1536x1229.jpg 1536w, https:\/\/www.sidwaya.info\/wp-content\/uploads\/2026\/09\/A1-525x420.jpg 525w, https:\/\/www.sidwaya.info\/wp-content\/uploads\/2026\/09\/A1-150x120.jpg 150w, https:\/\/www.sidwaya.info\/wp-content\/uploads\/2026\/09\/A1-696x557.jpg 696w, https:\/\/www.sidwaya.info\/wp-content\/uploads\/2026\/09\/A1-1068x854.jpg 1068w, https:\/\/www.sidwaya.info\/wp-content\/uploads\/2026\/09\/A1-1920x1536.jpg 1920w\" sizes=\"auto, (max-width: 2048px) 100vw, 2048px\"\/><\/a><\/p>\n<p>Pour saluer leur performance remarquable, chaque laur\u00e9at s\u2019est vu attribuer une distinction comprenant :<\/p>\n<ul>\n<li>Une attestation sign\u00e9e par le Pr\u00e9sident du Faso ;<\/li>\n<li>Une villa de type F3 ;<\/li>\n<li>Une moto et un ordinateur portable ;<\/li>\n<li>Un ch\u00e8que de 5 millions de FCFA ;<\/li>\n<li>Un exemplaire du manifeste de la Refondation Patriotique Populaire (RPP).<\/li>\n<\/ul>\n<p>Prenant la parole \u00e0 cette occasion, le Pr\u00e9sident de la Fondation BOA Burkina Faso, Lassin\u00e9 Diawara, en sa qualit\u00e9 de parrain de la 5<sup>\u00e8me<\/sup> \u00e9dition, a adress\u00e9 un message fort aux \u00e9l\u00e8ves r\u00e9compens\u00e9s : \u00ab Vous \u00eates la g\u00e9n\u00e9ration qui aura la responsabilit\u00e9 de b\u00e2tir un BURKINA FASO plus fort, plus prosp\u00e8re, plus innovant et plus souverain. \u00bb Il a \u00e9galement rendu un hommage appuy\u00e9 aux enseignants et aux encadreurs p\u00e9dagogiques pour leur engagement exceptionnel, leur d\u00e9vouement et leur abn\u00e9gation au service de la jeunesse burkinab\u00e8.<\/p>\n<p><a href=\"https:\/\/www.sidwaya.info\/education-nationale-le-president-du-faso-honore-les-super-enseignants-2026\/a5-6\/\" rel=\"attachment wp-att-168923\"><img loading=\"lazy\" decoding=\"async\" data-attachment-id=\"168923\" data-permalink=\"https:\/\/www.sidwaya.info\/education-nationale-le-president-du-faso-honore-les-super-enseignants-2026\/a5-6\/\" data-orig-file=\"https:\/\/www.sidwaya.info\/wp-content\/uploads\/2026\/09\/A5.jpg\" data-orig-size=\"2048,1639\" data-comments-opened=\"1\" data-image-meta=\"{&quot;aperture&quot;:&quot;0&quot;,&quot;credit&quot;:&quot;&quot;,&quot;camera&quot;:&quot;&quot;,&quot;caption&quot;:&quot;&quot;,&quot;created_timestamp&quot;:&quot;0&quot;,&quot;copyright&quot;:&quot;&quot;,&quot;focal_length&quot;:&quot;0&quot;,&quot;iso&quot;:&quot;0&quot;,&quot;shutter_speed&quot;:&quot;0&quot;,&quot;title&quot;:&quot;&quot;,&quot;orientation&quot;:&quot;0&quot;,&quot;alt&quot;:&quot;&quot;}\" data-image-title=\"A5\" data-image-description=\"\" data-image-caption=\"\" data-large-file=\"https:\/\/www.sidwaya.info\/wp-content\/uploads\/2026\/09\/A5-1024x820.jpg\" class=\"aligncenter size-full wp-image-168923\" src=\"https:\/\/www.sidwaya.info\/wp-content\/uploads\/2026\/09\/A5.jpg\" alt=\"\" width=\"2048\" height=\"1639\" srcset=\"https:\/\/www.sidwaya.info\/wp-content\/uploads\/2026\/09\/A5.jpg 2048w, https:\/\/www.sidwaya.info\/wp-content\/uploads\/2026\/09\/A5-300x240.jpg 300w, https:\/\/www.sidwaya.info\/wp-content\/uploads\/2026\/09\/A5-1024x820.jpg 1024w, https:\/\/www.sidwaya.info\/wp-content\/uploads\/2026\/09\/A5-768x615.jpg 768w, https:\/\/www.sidwaya.info\/wp-content\/uploads\/2026\/09\/A5-1536x1229.jpg 1536w, https:\/\/www.sidwaya.info\/wp-content\/uploads\/2026\/09\/A5-525x420.jpg 525w, https:\/\/www.sidwaya.info\/wp-content\/uploads\/2026\/09\/A5-150x120.jpg 150w, https:\/\/www.sidwaya.info\/wp-content\/uploads\/2026\/09\/A5-696x557.jpg 696w, https:\/\/www.sidwaya.info\/wp-content\/uploads\/2026\/09\/A5-1068x855.jpg 1068w, https:\/\/www.sidwaya.info\/wp-content\/uploads\/2026\/09\/A5-1920x1537.jpg 1920w\" sizes=\"auto, (max-width: 2048px) 100vw, 2048px\"\/><\/a><\/p>\n<p>Au total, 187 laur\u00e9ats ont \u00e9t\u00e9 distingu\u00e9s, dont 139 \u00e9l\u00e8ves, 26 enseignants, 18 enseignants r\u00e9silients et 5 encadreurs p\u00e9dagogiques ont \u00e9t\u00e9 c\u00e9l\u00e9br\u00e9s \u00e0 l\u2019occasion de la 5<sup>\u00e8me<\/sup> \u00e9dition de la Journ\u00e9e de l\u2019Excellence Scolaire.<\/p>\n<p><a href=\"https:\/\/www.sidwaya.info\/education-nationale-le-president-du-faso-honore-les-super-enseignants-2026\/a2-18\/\" rel=\"attachment wp-att-168919\"><img loading=\"lazy\" decoding=\"async\" data-attachment-id=\"168919\" data-permalink=\"https:\/\/www.sidwaya.info\/education-nationale-le-president-du-faso-honore-les-super-enseignants-2026\/a2-18\/\" data-orig-file=\"https:\/\/www.sidwaya.info\/wp-content\/uploads\/2026\/09\/A2.jpg\" data-orig-size=\"2048,1365\" data-comments-opened=\"1\" data-image-meta=\"{&quot;aperture&quot;:&quot;0&quot;,&quot;credit&quot;:&quot;&quot;,&quot;camera&quot;:&quot;&quot;,&quot;caption&quot;:&quot;&quot;,&quot;created_timestamp&quot;:&quot;0&quot;,&quot;copyright&quot;:&quot;&quot;,&quot;focal_length&quot;:&quot;0&quot;,&quot;iso&quot;:&quot;0&quot;,&quot;shutter_speed&quot;:&quot;0&quot;,&quot;title&quot;:&quot;&quot;,&quot;orientation&quot;:&quot;0&quot;,&quot;alt&quot;:&quot;&quot;}\" data-image-title=\"A2\" data-image-description=\"\" data-image-caption=\"\" data-large-file=\"https:\/\/www.sidwaya.info\/wp-content\/uploads\/2026\/09\/A2-1024x683.jpg\" class=\"aligncenter size-full wp-image-168919\" src=\"https:\/\/www.sidwaya.info\/wp-content\/uploads\/2026\/09\/A2.jpg\" alt=\"\" width=\"2048\" height=\"1365\" srcset=\"https:\/\/www.sidwaya.info\/wp-content\/uploads\/2026\/09\/A2.jpg 2048w, https:\/\/www.sidwaya.info\/wp-content\/uploads\/2026\/09\/A2-300x200.jpg 300w, https:\/\/www.sidwaya.info\/wp-content\/uploads\/2026\/09\/A2-1024x683.jpg 1024w, https:\/\/www.sidwaya.info\/wp-content\/uploads\/2026\/09\/A2-768x512.jpg 768w, https:\/\/www.sidwaya.info\/wp-content\/uploads\/2026\/09\/A2-1536x1024.jpg 1536w, https:\/\/www.sidwaya.info\/wp-content\/uploads\/2026\/09\/A2-630x420.jpg 630w, https:\/\/www.sidwaya.info\/wp-content\/uploads\/2026\/09\/A2-150x100.jpg 150w, https:\/\/www.sidwaya.info\/wp-content\/uploads\/2026\/09\/A2-696x464.jpg 696w, https:\/\/www.sidwaya.info\/wp-content\/uploads\/2026\/09\/A2-1068x712.jpg 1068w, https:\/\/www.sidwaya.info\/wp-content\/uploads\/2026\/09\/A2-1920x1280.jpg 1920w\" sizes=\"auto, (max-width: 2048px) 100vw, 2048px\"\/><\/a><\/p>\n<p>En honorant ces acteurs de l\u2019\u00e9ducation, le Chef de l\u2019\u00c9tat a rappel\u00e9 que l\u2019\u00e9ducation demeure le socle de la souverainet\u00e9 nationale. Insistant sur la n\u00e9cessit\u00e9 de b\u00e2tir une \u00e9cole burkinab\u00e8 refond\u00e9e afin de former des citoyens responsables et les b\u00e2tisseurs du Burkina Faso nouveau, il a \u00e9galement lanc\u00e9 un appel appuy\u00e9 \u00e0 la jeunesse pour qu\u2019elle s\u2019oriente massivement vers les fili\u00e8res scientifiques et techniques.<\/p>\n<p><a href=\"https:\/\/www.sidwaya.info\/education-nationale-le-president-du-faso-honore-les-super-enseignants-2026\/a3-16\/\" rel=\"attachment wp-att-168918\"><img loading=\"lazy\" decoding=\"async\" data-attachment-id=\"168918\" data-permalink=\"https:\/\/www.sidwaya.info\/education-nationale-le-president-du-faso-honore-les-super-enseignants-2026\/a3-16\/\" data-orig-file=\"https:\/\/www.sidwaya.info\/wp-content\/uploads\/2026\/09\/A3.jpg\" data-orig-size=\"2048,1365\" data-comments-opened=\"1\" data-image-meta=\"{&quot;aperture&quot;:&quot;0&quot;,&quot;credit&quot;:&quot;&quot;,&quot;camera&quot;:&quot;&quot;,&quot;caption&quot;:&quot;&quot;,&quot;created_timestamp&quot;:&quot;0&quot;,&quot;copyright&quot;:&quot;&quot;,&quot;focal_length&quot;:&quot;0&quot;,&quot;iso&quot;:&quot;0&quot;,&quot;shutter_speed&quot;:&quot;0&quot;,&quot;title&quot;:&quot;&quot;,&quot;orientation&quot;:&quot;0&quot;,&quot;alt&quot;:&quot;&quot;}\" data-image-title=\"A3\" data-image-description=\"\" data-image-caption=\"\" data-large-file=\"https:\/\/www.sidwaya.info\/wp-content\/uploads\/2026\/09\/A3-1024x683.jpg\" class=\"aligncenter size-full wp-image-168918\" src=\"https:\/\/www.sidwaya.info\/wp-content\/uploads\/2026\/09\/A3.jpg\" alt=\"\" width=\"2048\" height=\"1365\" srcset=\"https:\/\/www.sidwaya.info\/wp-content\/uploads\/2026\/09\/A3.jpg 2048w, https:\/\/www.sidwaya.info\/wp-content\/uploads\/2026\/09\/A3-300x200.jpg 300w, https:\/\/www.sidwaya.info\/wp-content\/uploads\/2026\/09\/A3-1024x683.jpg 1024w, https:\/\/www.sidwaya.info\/wp-content\/uploads\/2026\/09\/A3-768x512.jpg 768w, https:\/\/www.sidwaya.info\/wp-content\/uploads\/2026\/09\/A3-1536x1024.jpg 1536w, https:\/\/www.sidwaya.info\/wp-content\/uploads\/2026\/09\/A3-630x420.jpg 630w, https:\/\/www.sidwaya.info\/wp-content\/uploads\/2026\/09\/A3-150x100.jpg 150w, https:\/\/www.sidwaya.info\/wp-content\/uploads\/2026\/09\/A3-696x464.jpg 696w, https:\/\/www.sidwaya.info\/wp-content\/uploads\/2026\/09\/A3-1068x712.jpg 1068w, https:\/\/www.sidwaya.info\/wp-content\/uploads\/2026\/09\/A3-1920x1280.jpg 1920w\" sizes=\"auto, (max-width: 2048px) 100vw, 2048px\"\/><\/a><\/p>\n<p>Ces distinctions traduisent la volont\u00e9 affirm\u00e9e des autorit\u00e9s de valoriser le m\u00e9rite, de stimuler la motivation au sein de la communaut\u00e9 \u00e9ducative et de renforcer la confiance dans le syst\u00e8me d\u2019enseignement national.<\/p>\n<p>#Sidwaya.info<\/p>\n<p>Auteur: BH SIDWAYA<br \/>\n<a href=\"https:\/\/www.sidwaya.info\/education-nationale-le-president-du-faso-honore-les-super-enseignants-2026\/\">Cliquez ici pour lire l&rsquo;article depuis sa source.<\/a><\/p>\n","protected":false},"excerpt":{"rendered":"<p>Le Pr\u00e9sident du Faso, le Capitaine Ibrahim Traor\u00e9, a pr\u00e9sid\u00e9 ce vendredi 4 septembre 2026, \u00e0 Ouagadougou, la 5e \u00e9dition de la Journ\u00e9e Nationale de l\u2019Excellence Scolaire. Plac\u00e9e sous le th\u00e8me \u00ab Cultiver l\u2019excellence scolaire dans le contexte de la refondation de l\u2019\u00e9cole burkinab\u00e8 \u00bb, la c\u00e9r\u00e9monie a mis \u00e0 l\u2019honneur deux figures embl\u00e9matiques de [&hellip;]<\/p>\n","protected":false},"author":1816,"featured_media":191694,"comment_status":"closed","ping_status":"closed","sticky":false,"template":"","format":"standard","meta":{"fifu_image_url":"https:\/\/www.sidwaya.info\/wp-content\/uploads\/2026\/09\/S.jpg","fifu_image_alt":"\u00c9ducation nationale : le Pr\u00e9sident du Faso honore les super-enseignants 2026","footnotes":""},"categories":[73,81],"tags":[],"class_list":["post-191693","post","type-post","status-publish","format-standard","has-post-thumbnail","hentry","category-actualite","category-burkina-faso"],"_links":{"self":[{"href":"https:\/\/linitiative.ca\/International\/wp-json\/wp\/v2\/posts\/191693","targetHints":{"allow":["GET"]}}],"collection":[{"href":"https:\/\/linitiative.ca\/International\/wp-json\/wp\/v2\/posts"}],"about":[{"href":"https:\/\/linitiative.ca\/International\/wp-json\/wp\/v2\/types\/post"}],"author":[{"embeddable":true,"href":"https:\/\/linitiative.ca\/International\/wp-json\/wp\/v2\/users\/1816"}],"replies":[{"embeddable":true,"href":"https:\/\/linitiative.ca\/International\/wp-json\/wp\/v2\/comments?post=191693"}],"version-history":[{"count":0,"href":"https:\/\/linitiative.ca\/International\/wp-json\/wp\/v2\/posts\/191693\/revisions"}],"wp:featuredmedia":[{"embeddable":true,"href":"https:\/\/linitiative.ca\/International\/wp-json\/wp\/v2\/media\/191694"}],"wp:attachment":[{"href":"https:\/\/linitiative.ca\/International\/wp-json\/wp\/v2\/media?parent=191693"}],"wp:term":[{"taxonomy":"category","embeddable":true,"href":"https:\/\/linitiative.ca\/International\/wp-json\/wp\/v2\/categories?post=191693"},{"taxonomy":"post_tag","embeddable":true,"href":"https:\/\/linitiative.ca\/International\/wp-json\/wp\/v2\/tags?post=191693"}],"curies":[{"name":"wp","href":"https:\/\/api.w.org\/{rel}","templated":true}]}}