{"id":191695,"date":"2026-09-04T13:28:13","date_gmt":"2026-09-04T17:28:13","guid":{"rendered":"https:\/\/linitiative.ca\/International\/journee-de-lexcellence-scolaire-2026-le-capitaine-ibrahim-traore-aux-jeunes-laureats-science-science-et-science-tout-est-science-cherchez-la-connaissance-scientifique-et-techno\/"},"modified":"2026-09-04T13:28:13","modified_gmt":"2026-09-04T17:28:13","slug":"journee-de-lexcellence-scolaire-2026-le-capitaine-ibrahim-traore-aux-jeunes-laureats-science-science-et-science-tout-est-science-cherchez-la-connaissance-scientifique-et-techno","status":"publish","type":"post","link":"https:\/\/linitiative.ca\/International\/journee-de-lexcellence-scolaire-2026-le-capitaine-ibrahim-traore-aux-jeunes-laureats-science-science-et-science-tout-est-science-cherchez-la-connaissance-scientifique-et-techno\/","title":{"rendered":"Journ\u00e9e de l\u2019Excellence scolaire 2026 : Le Capitaine Ibrahim TRAOR\u00c9 aux jeunes laur\u00e9ats : \u00ab science, science et science, tout est science ! Cherchez la connaissance scientifique et technologique \u00bb"},"content":{"rendered":"<div class=\"td-post-featured-image\"><a href=\"https:\/\/www.sidwaya.info\/wp-content\/uploads\/2026\/09\/P6.jpg\" data-caption=\"\"><img loading=\"lazy\" decoding=\"async\" width=\"696\" height=\"541\" class=\"entry-thumb td-modal-image\" src=\"https:\/\/www.sidwaya.info\/wp-content\/uploads\/2026\/09\/P6-696x541.jpg\" srcset=\"https:\/\/www.sidwaya.info\/wp-content\/uploads\/2026\/09\/P6-696x541.jpg 696w, https:\/\/www.sidwaya.info\/wp-content\/uploads\/2026\/09\/P6-300x233.jpg 300w, https:\/\/www.sidwaya.info\/wp-content\/uploads\/2026\/09\/P6-1024x796.jpg 1024w, https:\/\/www.sidwaya.info\/wp-content\/uploads\/2026\/09\/P6-768x597.jpg 768w, https:\/\/www.sidwaya.info\/wp-content\/uploads\/2026\/09\/P6-1536x1193.jpg 1536w, https:\/\/www.sidwaya.info\/wp-content\/uploads\/2026\/09\/P6-541x420.jpg 541w, https:\/\/www.sidwaya.info\/wp-content\/uploads\/2026\/09\/P6-150x117.jpg 150w, https:\/\/www.sidwaya.info\/wp-content\/uploads\/2026\/09\/P6-1068x830.jpg 1068w, https:\/\/www.sidwaya.info\/wp-content\/uploads\/2026\/09\/P6-1920x1492.jpg 1920w, https:\/\/www.sidwaya.info\/wp-content\/uploads\/2026\/09\/P6.jpg 2048w\" sizes=\"auto, (max-width: 696px) 100vw, 696px\" alt=\"\" title=\"P6\"\/><\/a><\/div>\n<p><strong>Le Pr\u00e9sident du Faso, Chef de l\u2019\u00c9tat, le Camarade Capitaine Ibrahim TRAOR\u00c9, a salu\u00e9, ce vendredi 4 septembre 2026, le m\u00e9rite des meilleurs \u00e9l\u00e8ves et enseignants \u00e0 l\u2019occasion de la Journ\u00e9e de l\u2019Excellence Scolaire (JES), \u00e9dition 2026. Loin des hommages acad\u00e9miques conventionnels, le Chef de l\u2019\u00c9tat a exhort\u00e9 la jeunesse burkinab\u00e8 \u00e0 une rupture avec la r\u00e9signation religieuse et \u00e0 un virage vers les disciplines scientifiques et techniques.<\/strong><\/p>\n<div dir=\"auto\">\n<figure id=\"attachment_168941\" aria-describedby=\"caption-attachment-168941\" class=\"wp-caption aligncenter\"><a href=\"https:\/\/www.sidwaya.info\/journee-de-lexcellence-scolaire-2026-le-capitaine-ibrahim-traore-aux-jeunes-laureats-science-science-et-science-tout-est-science-cherchez-la-connaissance-scientifique-et-technologique\/p3-21\/\" rel=\"attachment wp-att-168941\"><img fetchpriority=\"high\" decoding=\"async\" data-attachment-id=\"168941\" data-permalink=\"https:\/\/www.sidwaya.info\/journee-de-lexcellence-scolaire-2026-le-capitaine-ibrahim-traore-aux-jeunes-laureats-science-science-et-science-tout-est-science-cherchez-la-connaissance-scientifique-et-technologique\/p3-21\/\" data-orig-file=\"https:\/\/www.sidwaya.info\/wp-content\/uploads\/2026\/09\/P3-1.jpg\" data-orig-size=\"2048,1542\" data-comments-opened=\"1\" data-image-meta=\"{&quot;aperture&quot;:&quot;0&quot;,&quot;credit&quot;:&quot;&quot;,&quot;camera&quot;:&quot;&quot;,&quot;caption&quot;:&quot;&quot;,&quot;created_timestamp&quot;:&quot;0&quot;,&quot;copyright&quot;:&quot;&quot;,&quot;focal_length&quot;:&quot;0&quot;,&quot;iso&quot;:&quot;0&quot;,&quot;shutter_speed&quot;:&quot;0&quot;,&quot;title&quot;:&quot;&quot;,&quot;orientation&quot;:&quot;0&quot;,&quot;alt&quot;:&quot;&quot;}\" data-image-title=\"P3\" data-image-description=\"\" data-image-caption=\"\" data-large-file=\"https:\/\/www.sidwaya.info\/wp-content\/uploads\/2026\/09\/P3-1-1024x771.jpg\" class=\"wp-image-168941 size-full\" src=\"https:\/\/www.sidwaya.info\/wp-content\/uploads\/2026\/09\/P3-1.jpg\" alt=\"Le Camarade Pr\u00e9sident du Faso et les deux meilleurs enseignants de l'ann\u00e9e scolaire 2026\" width=\"2048\" height=\"1542\" srcset=\"https:\/\/www.sidwaya.info\/wp-content\/uploads\/2026\/09\/P3-1.jpg 2048w, https:\/\/www.sidwaya.info\/wp-content\/uploads\/2026\/09\/P3-1-300x226.jpg 300w, https:\/\/www.sidwaya.info\/wp-content\/uploads\/2026\/09\/P3-1-1024x771.jpg 1024w, https:\/\/www.sidwaya.info\/wp-content\/uploads\/2026\/09\/P3-1-768x578.jpg 768w, https:\/\/www.sidwaya.info\/wp-content\/uploads\/2026\/09\/P3-1-1536x1157.jpg 1536w, https:\/\/www.sidwaya.info\/wp-content\/uploads\/2026\/09\/P3-1-558x420.jpg 558w, https:\/\/www.sidwaya.info\/wp-content\/uploads\/2026\/09\/P3-1-80x60.jpg 80w, https:\/\/www.sidwaya.info\/wp-content\/uploads\/2026\/09\/P3-1-150x113.jpg 150w, https:\/\/www.sidwaya.info\/wp-content\/uploads\/2026\/09\/P3-1-696x524.jpg 696w, https:\/\/www.sidwaya.info\/wp-content\/uploads\/2026\/09\/P3-1-1068x804.jpg 1068w, https:\/\/www.sidwaya.info\/wp-content\/uploads\/2026\/09\/P3-1-1920x1446.jpg 1920w\" sizes=\"(max-width: 2048px) 100vw, 2048px\"\/><\/a><figcaption id=\"caption-attachment-168941\" class=\"wp-caption-text\">Le Camarade Pr\u00e9sident du Faso et les deux meilleurs enseignants de l\u2019ann\u00e9e scolaire 2026<\/figcaption><\/figure>\n<\/div>\n<div class=\"x14z9mp xat24cr x1lziwak x1vvkbs xtlvy1s x126k92a\" readability=\"13\">\n<p>Abordant d\u2019embl\u00e9e ce qu\u2019il qualifie de sujets \u00ab sensibles mais n\u00e9cessaires \u00bb, le Capitaine Ibrahim TRAOR\u00c9 a vivement d\u00e9nonc\u00e9 le d\u00e9tournement de la religion \u00e0 des fins de domination. Citant le c\u00e9l\u00e8bre Homme d\u2019\u00c9tat kenyan Jomo KENYATTA, le Capitaine TRAOR\u00c9 a rappel\u00e9 comment la colonisation et l\u2019emprise id\u00e9ologique ont d\u00e9poss\u00e9d\u00e9 les Africains de leurs richesses. Il a appel\u00e9 les Africains \u00e0 cesser de rejeter la responsabilit\u00e9 des \u00e9checs humains sur le divin : \u00ab Un \u00eatre qui n\u2019est pas utile \u00e0 sa communaut\u00e9 est un ennemi de Dieu. Tant que vous ne vous battez pas, Dieu ne vous accompagne pas \u00bb.<\/p>\n<div dir=\"auto\">\n<p><a href=\"https:\/\/www.sidwaya.info\/journee-de-lexcellence-scolaire-2026-le-capitaine-ibrahim-traore-aux-jeunes-laureats-science-science-et-science-tout-est-science-cherchez-la-connaissance-scientifique-et-technologique\/p7-6\/\" rel=\"attachment wp-att-168937\"><img loading=\"lazy\" decoding=\"async\" data-attachment-id=\"168937\" data-permalink=\"https:\/\/www.sidwaya.info\/journee-de-lexcellence-scolaire-2026-le-capitaine-ibrahim-traore-aux-jeunes-laureats-science-science-et-science-tout-est-science-cherchez-la-connaissance-scientifique-et-technologique\/p7-6\/\" data-orig-file=\"https:\/\/www.sidwaya.info\/wp-content\/uploads\/2026\/09\/P7.jpg\" data-orig-size=\"1593,2048\" data-comments-opened=\"1\" data-image-meta=\"{&quot;aperture&quot;:&quot;0&quot;,&quot;credit&quot;:&quot;&quot;,&quot;camera&quot;:&quot;&quot;,&quot;caption&quot;:&quot;&quot;,&quot;created_timestamp&quot;:&quot;0&quot;,&quot;copyright&quot;:&quot;&quot;,&quot;focal_length&quot;:&quot;0&quot;,&quot;iso&quot;:&quot;0&quot;,&quot;shutter_speed&quot;:&quot;0&quot;,&quot;title&quot;:&quot;&quot;,&quot;orientation&quot;:&quot;0&quot;,&quot;alt&quot;:&quot;&quot;}\" data-image-title=\"P7\" data-image-description=\"\" data-image-caption=\"\" data-large-file=\"https:\/\/www.sidwaya.info\/wp-content\/uploads\/2026\/09\/P7-797x1024.jpg\" class=\"aligncenter size-full wp-image-168937\" src=\"https:\/\/www.sidwaya.info\/wp-content\/uploads\/2026\/09\/P7.jpg\" alt=\"\" width=\"1593\" height=\"2048\" srcset=\"https:\/\/www.sidwaya.info\/wp-content\/uploads\/2026\/09\/P7.jpg 1593w, https:\/\/www.sidwaya.info\/wp-content\/uploads\/2026\/09\/P7-233x300.jpg 233w, https:\/\/www.sidwaya.info\/wp-content\/uploads\/2026\/09\/P7-797x1024.jpg 797w, https:\/\/www.sidwaya.info\/wp-content\/uploads\/2026\/09\/P7-768x987.jpg 768w, https:\/\/www.sidwaya.info\/wp-content\/uploads\/2026\/09\/P7-1195x1536.jpg 1195w, https:\/\/www.sidwaya.info\/wp-content\/uploads\/2026\/09\/P7-327x420.jpg 327w, https:\/\/www.sidwaya.info\/wp-content\/uploads\/2026\/09\/P7-150x193.jpg 150w, https:\/\/www.sidwaya.info\/wp-content\/uploads\/2026\/09\/P7-300x386.jpg 300w, https:\/\/www.sidwaya.info\/wp-content\/uploads\/2026\/09\/P7-696x895.jpg 696w, https:\/\/www.sidwaya.info\/wp-content\/uploads\/2026\/09\/P7-1068x1373.jpg 1068w\" sizes=\"auto, (max-width: 1593px) 100vw, 1593px\"\/><\/a><\/p>\n<figure id=\"attachment_168936\" aria-describedby=\"caption-attachment-168936\" class=\"wp-caption aligncenter\"><a href=\"https:\/\/www.sidwaya.info\/journee-de-lexcellence-scolaire-2026-le-capitaine-ibrahim-traore-aux-jeunes-laureats-science-science-et-science-tout-est-science-cherchez-la-connaissance-scientifique-et-technologique\/p8-3\/\" rel=\"attachment wp-att-168936\"><img loading=\"lazy\" decoding=\"async\" data-attachment-id=\"168936\" data-permalink=\"https:\/\/www.sidwaya.info\/journee-de-lexcellence-scolaire-2026-le-capitaine-ibrahim-traore-aux-jeunes-laureats-science-science-et-science-tout-est-science-cherchez-la-connaissance-scientifique-et-technologique\/p8-3\/\" data-orig-file=\"https:\/\/www.sidwaya.info\/wp-content\/uploads\/2026\/09\/P8.jpg\" data-orig-size=\"1502,2048\" data-comments-opened=\"1\" data-image-meta=\"{&quot;aperture&quot;:&quot;0&quot;,&quot;credit&quot;:&quot;&quot;,&quot;camera&quot;:&quot;&quot;,&quot;caption&quot;:&quot;&quot;,&quot;created_timestamp&quot;:&quot;0&quot;,&quot;copyright&quot;:&quot;&quot;,&quot;focal_length&quot;:&quot;0&quot;,&quot;iso&quot;:&quot;0&quot;,&quot;shutter_speed&quot;:&quot;0&quot;,&quot;title&quot;:&quot;&quot;,&quot;orientation&quot;:&quot;0&quot;,&quot;alt&quot;:&quot;&quot;}\" data-image-title=\"P8\" data-image-description=\"\" data-image-caption=\"\" data-large-file=\"https:\/\/www.sidwaya.info\/wp-content\/uploads\/2026\/09\/P8-751x1024.jpg\" class=\"wp-image-168936 size-full\" src=\"https:\/\/www.sidwaya.info\/wp-content\/uploads\/2026\/09\/P8.jpg\" alt=\"Les laur\u00e9ats de l'\u00e9ducation inclusive ont \u00e9galement re\u00e7u leurs r\u00e9compenses des mains du Camarade Pr\u00e9sident du Faso\" width=\"1502\" height=\"2048\" srcset=\"https:\/\/www.sidwaya.info\/wp-content\/uploads\/2026\/09\/P8.jpg 1502w, https:\/\/www.sidwaya.info\/wp-content\/uploads\/2026\/09\/P8-220x300.jpg 220w, https:\/\/www.sidwaya.info\/wp-content\/uploads\/2026\/09\/P8-751x1024.jpg 751w, https:\/\/www.sidwaya.info\/wp-content\/uploads\/2026\/09\/P8-768x1047.jpg 768w, https:\/\/www.sidwaya.info\/wp-content\/uploads\/2026\/09\/P8-1127x1536.jpg 1127w, https:\/\/www.sidwaya.info\/wp-content\/uploads\/2026\/09\/P8-308x420.jpg 308w, https:\/\/www.sidwaya.info\/wp-content\/uploads\/2026\/09\/P8-150x205.jpg 150w, https:\/\/www.sidwaya.info\/wp-content\/uploads\/2026\/09\/P8-300x409.jpg 300w, https:\/\/www.sidwaya.info\/wp-content\/uploads\/2026\/09\/P8-696x949.jpg 696w, https:\/\/www.sidwaya.info\/wp-content\/uploads\/2026\/09\/P8-1068x1456.jpg 1068w\" sizes=\"auto, (max-width: 1502px) 100vw, 1502px\"\/><\/a><figcaption id=\"caption-attachment-168936\" class=\"wp-caption-text\">Les laur\u00e9ats de l\u2019\u00e9ducation inclusive ont \u00e9galement re\u00e7u leurs r\u00e9compenses des mains du Camarade Pr\u00e9sident du Faso<\/figcaption><\/figure>\n<p><a href=\"https:\/\/www.sidwaya.info\/journee-de-lexcellence-scolaire-2026-le-capitaine-ibrahim-traore-aux-jeunes-laureats-science-science-et-science-tout-est-science-cherchez-la-connaissance-scientifique-et-technologique\/p5-10\/\" rel=\"attachment wp-att-168939\"><img loading=\"lazy\" decoding=\"async\" data-attachment-id=\"168939\" data-permalink=\"https:\/\/www.sidwaya.info\/journee-de-lexcellence-scolaire-2026-le-capitaine-ibrahim-traore-aux-jeunes-laureats-science-science-et-science-tout-est-science-cherchez-la-connaissance-scientifique-et-technologique\/p5-10\/\" data-orig-file=\"https:\/\/www.sidwaya.info\/wp-content\/uploads\/2026\/09\/P5.jpg\" data-orig-size=\"2048,1439\" data-comments-opened=\"1\" data-image-meta=\"{&quot;aperture&quot;:&quot;0&quot;,&quot;credit&quot;:&quot;&quot;,&quot;camera&quot;:&quot;&quot;,&quot;caption&quot;:&quot;&quot;,&quot;created_timestamp&quot;:&quot;0&quot;,&quot;copyright&quot;:&quot;&quot;,&quot;focal_length&quot;:&quot;0&quot;,&quot;iso&quot;:&quot;0&quot;,&quot;shutter_speed&quot;:&quot;0&quot;,&quot;title&quot;:&quot;&quot;,&quot;orientation&quot;:&quot;0&quot;,&quot;alt&quot;:&quot;&quot;}\" data-image-title=\"P5\" data-image-description=\"\" data-image-caption=\"\" data-large-file=\"https:\/\/www.sidwaya.info\/wp-content\/uploads\/2026\/09\/P5-1024x720.jpg\" class=\"aligncenter size-full wp-image-168939\" src=\"https:\/\/www.sidwaya.info\/wp-content\/uploads\/2026\/09\/P5.jpg\" alt=\"\" width=\"2048\" height=\"1439\" srcset=\"https:\/\/www.sidwaya.info\/wp-content\/uploads\/2026\/09\/P5.jpg 2048w, https:\/\/www.sidwaya.info\/wp-content\/uploads\/2026\/09\/P5-300x211.jpg 300w, https:\/\/www.sidwaya.info\/wp-content\/uploads\/2026\/09\/P5-1024x720.jpg 1024w, https:\/\/www.sidwaya.info\/wp-content\/uploads\/2026\/09\/P5-768x540.jpg 768w, https:\/\/www.sidwaya.info\/wp-content\/uploads\/2026\/09\/P5-1536x1079.jpg 1536w, https:\/\/www.sidwaya.info\/wp-content\/uploads\/2026\/09\/P5-598x420.jpg 598w, https:\/\/www.sidwaya.info\/wp-content\/uploads\/2026\/09\/P5-150x105.jpg 150w, https:\/\/www.sidwaya.info\/wp-content\/uploads\/2026\/09\/P5-696x489.jpg 696w, https:\/\/www.sidwaya.info\/wp-content\/uploads\/2026\/09\/P5-1068x750.jpg 1068w, https:\/\/www.sidwaya.info\/wp-content\/uploads\/2026\/09\/P5-1920x1349.jpg 1920w, https:\/\/www.sidwaya.info\/wp-content\/uploads\/2026\/09\/P5-100x70.jpg 100w\" sizes=\"auto, (max-width: 2048px) 100vw, 2048px\"\/><\/a><\/p>\n<\/div>\n<\/div>\n<div class=\"x14z9mp xat24cr x1lziwak x1vvkbs xtlvy1s x126k92a\" readability=\"7\">\n<p>L\u2019urgence de l\u2019industrialisation et l\u2019imp\u00e9ratif des fili\u00e8res scientifiques<\/p>\n<\/div>\n<div class=\"x14z9mp xat24cr x1lziwak x1vvkbs xtlvy1s x126k92a\" readability=\"12\">\n<div dir=\"auto\">\n<figure id=\"attachment_168944\" aria-describedby=\"caption-attachment-168944\" class=\"wp-caption aligncenter\"><a href=\"https:\/\/www.sidwaya.info\/journee-de-lexcellence-scolaire-2026-le-capitaine-ibrahim-traore-aux-jeunes-laureats-science-science-et-science-tout-est-science-cherchez-la-connaissance-scientifique-et-technologique\/p-27\/\" rel=\"attachment wp-att-168944\"><img loading=\"lazy\" decoding=\"async\" data-attachment-id=\"168944\" data-permalink=\"https:\/\/www.sidwaya.info\/journee-de-lexcellence-scolaire-2026-le-capitaine-ibrahim-traore-aux-jeunes-laureats-science-science-et-science-tout-est-science-cherchez-la-connaissance-scientifique-et-technologique\/p-27\/\" data-orig-file=\"https:\/\/www.sidwaya.info\/wp-content\/uploads\/2026\/09\/P-2.jpg\" data-orig-size=\"2048,1366\" data-comments-opened=\"1\" data-image-meta=\"{&quot;aperture&quot;:&quot;0&quot;,&quot;credit&quot;:&quot;&quot;,&quot;camera&quot;:&quot;&quot;,&quot;caption&quot;:&quot;&quot;,&quot;created_timestamp&quot;:&quot;0&quot;,&quot;copyright&quot;:&quot;&quot;,&quot;focal_length&quot;:&quot;0&quot;,&quot;iso&quot;:&quot;0&quot;,&quot;shutter_speed&quot;:&quot;0&quot;,&quot;title&quot;:&quot;&quot;,&quot;orientation&quot;:&quot;0&quot;,&quot;alt&quot;:&quot;&quot;}\" data-image-title=\"P\" data-image-description=\"\" data-image-caption=\"\" data-large-file=\"https:\/\/www.sidwaya.info\/wp-content\/uploads\/2026\/09\/P-2-1024x683.jpg\" class=\"wp-image-168944 size-full\" src=\"https:\/\/www.sidwaya.info\/wp-content\/uploads\/2026\/09\/P-2.jpg\" alt=\"Le Pr\u00e9sident du Faso, Chef de l\u2019\u00c9tat, le Camarade Capitaine Ibrahim TRAOR\u00c9 a invit\u00e9 les laur\u00e9ats \u00e0 s\u2019inscrire dans une dynamique de cr\u00e9ativit\u00e9 pour accompagner le d\u00e9veloppement du Burkina Faso\" width=\"2048\" height=\"1366\" srcset=\"https:\/\/www.sidwaya.info\/wp-content\/uploads\/2026\/09\/P-2.jpg 2048w, https:\/\/www.sidwaya.info\/wp-content\/uploads\/2026\/09\/P-2-300x200.jpg 300w, https:\/\/www.sidwaya.info\/wp-content\/uploads\/2026\/09\/P-2-1024x683.jpg 1024w, https:\/\/www.sidwaya.info\/wp-content\/uploads\/2026\/09\/P-2-768x512.jpg 768w, https:\/\/www.sidwaya.info\/wp-content\/uploads\/2026\/09\/P-2-1536x1025.jpg 1536w, https:\/\/www.sidwaya.info\/wp-content\/uploads\/2026\/09\/P-2-630x420.jpg 630w, https:\/\/www.sidwaya.info\/wp-content\/uploads\/2026\/09\/P-2-150x100.jpg 150w, https:\/\/www.sidwaya.info\/wp-content\/uploads\/2026\/09\/P-2-696x464.jpg 696w, https:\/\/www.sidwaya.info\/wp-content\/uploads\/2026\/09\/P-2-1068x712.jpg 1068w, https:\/\/www.sidwaya.info\/wp-content\/uploads\/2026\/09\/P-2-1920x1281.jpg 1920w\" sizes=\"auto, (max-width: 2048px) 100vw, 2048px\"\/><\/a><figcaption id=\"caption-attachment-168944\" class=\"wp-caption-text\">Le Pr\u00e9sident du Faso, Chef de l\u2019\u00c9tat, le Camarade Capitaine Ibrahim TRAOR\u00c9 a invit\u00e9 les laur\u00e9ats \u00e0 s\u2019inscrire dans une dynamique de cr\u00e9ativit\u00e9 pour accompagner le d\u00e9veloppement du Burkina Faso<\/figcaption><\/figure>\n<\/div>\n<p>Pour le Chef de l\u2019\u00c9tat, la souverainet\u00e9 \u00e9conomique du Burkina Faso ne pourra s\u2019articuler qu\u2019autour d\u2019une transformation profonde de la jeunesse et de l\u2019appareil \u00e9ducatif. Il a r\u00e9affirm\u00e9 la d\u00e9termination du gouvernement \u00e0 proc\u00e9der \u00e0 une r\u00e9orientation massive d\u00e8s la rentr\u00e9e scolaire prochaine, vers des fili\u00e8res scientifiques et le recrutement massif d\u2019enseignants sp\u00e9cialis\u00e9s pour pallier le manque de comp\u00e9tences techniques sur le march\u00e9 national.<\/p>\n<div dir=\"auto\">\n<figure id=\"attachment_168940\" aria-describedby=\"caption-attachment-168940\" class=\"wp-caption aligncenter\"><a href=\"https:\/\/www.sidwaya.info\/journee-de-lexcellence-scolaire-2026-le-capitaine-ibrahim-traore-aux-jeunes-laureats-science-science-et-science-tout-est-science-cherchez-la-connaissance-scientifique-et-technologique\/p4-14\/\" rel=\"attachment wp-att-168940\"><img loading=\"lazy\" decoding=\"async\" data-attachment-id=\"168940\" data-permalink=\"https:\/\/www.sidwaya.info\/journee-de-lexcellence-scolaire-2026-le-capitaine-ibrahim-traore-aux-jeunes-laureats-science-science-et-science-tout-est-science-cherchez-la-connaissance-scientifique-et-technologique\/p4-14\/\" data-orig-file=\"https:\/\/www.sidwaya.info\/wp-content\/uploads\/2026\/09\/P4.jpg\" data-orig-size=\"2048,1366\" data-comments-opened=\"1\" data-image-meta=\"{&quot;aperture&quot;:&quot;0&quot;,&quot;credit&quot;:&quot;&quot;,&quot;camera&quot;:&quot;&quot;,&quot;caption&quot;:&quot;&quot;,&quot;created_timestamp&quot;:&quot;0&quot;,&quot;copyright&quot;:&quot;&quot;,&quot;focal_length&quot;:&quot;0&quot;,&quot;iso&quot;:&quot;0&quot;,&quot;shutter_speed&quot;:&quot;0&quot;,&quot;title&quot;:&quot;&quot;,&quot;orientation&quot;:&quot;0&quot;,&quot;alt&quot;:&quot;&quot;}\" data-image-title=\"P4\" data-image-description=\"\" data-image-caption=\"\" data-large-file=\"https:\/\/www.sidwaya.info\/wp-content\/uploads\/2026\/09\/P4-1024x683.jpg\" class=\"wp-image-168940 size-full\" src=\"https:\/\/www.sidwaya.info\/wp-content\/uploads\/2026\/09\/P4.jpg\" alt=\"Ils sont au total 188 laur\u00e9ats, \u00e9l\u00e8ves et enseignants, qui ont \u00e9t\u00e9 recompens\u00e9s cette ann\u00e9e pour leurs r\u00e9sultats scolaires\" width=\"2048\" height=\"1366\" srcset=\"https:\/\/www.sidwaya.info\/wp-content\/uploads\/2026\/09\/P4.jpg 2048w, https:\/\/www.sidwaya.info\/wp-content\/uploads\/2026\/09\/P4-300x200.jpg 300w, https:\/\/www.sidwaya.info\/wp-content\/uploads\/2026\/09\/P4-1024x683.jpg 1024w, https:\/\/www.sidwaya.info\/wp-content\/uploads\/2026\/09\/P4-768x512.jpg 768w, https:\/\/www.sidwaya.info\/wp-content\/uploads\/2026\/09\/P4-1536x1025.jpg 1536w, https:\/\/www.sidwaya.info\/wp-content\/uploads\/2026\/09\/P4-630x420.jpg 630w, https:\/\/www.sidwaya.info\/wp-content\/uploads\/2026\/09\/P4-150x100.jpg 150w, https:\/\/www.sidwaya.info\/wp-content\/uploads\/2026\/09\/P4-696x464.jpg 696w, https:\/\/www.sidwaya.info\/wp-content\/uploads\/2026\/09\/P4-1068x712.jpg 1068w, https:\/\/www.sidwaya.info\/wp-content\/uploads\/2026\/09\/P4-1920x1281.jpg 1920w\" sizes=\"auto, (max-width: 2048px) 100vw, 2048px\"\/><\/a><figcaption id=\"caption-attachment-168940\" class=\"wp-caption-text\">Ils sont au total 188 laur\u00e9ats, \u00e9l\u00e8ves et enseignants, qui ont \u00e9t\u00e9 recompens\u00e9s cette ann\u00e9e pour leurs r\u00e9sultats scolaires<\/figcaption><\/figure>\n<\/div>\n<\/div>\n<p>En effet, sur environ 65 000 bacheliers, plus de 50% sont de la s\u00e9rie litt\u00e9raire, alors que les s\u00e9ries scientifiques et industrielles ne comptent respectivement que 571 pour le BAC s\u00e9rie C et 38 laur\u00e9ats pour le BAC s\u00e9rie E. \u00ab On ne se construira jamais comme cela \u00bb, a averti le Pr\u00e9sident du Faso.<\/p>\n<div dir=\"auto\"><a href=\"https:\/\/www.sidwaya.info\/journee-de-lexcellence-scolaire-2026-le-capitaine-ibrahim-traore-aux-jeunes-laureats-science-science-et-science-tout-est-science-cherchez-la-connaissance-scientifique-et-technologique\/p15\/\" rel=\"attachment wp-att-168929\"><img loading=\"lazy\" decoding=\"async\" data-attachment-id=\"168929\" data-permalink=\"https:\/\/www.sidwaya.info\/journee-de-lexcellence-scolaire-2026-le-capitaine-ibrahim-traore-aux-jeunes-laureats-science-science-et-science-tout-est-science-cherchez-la-connaissance-scientifique-et-technologique\/p15\/\" data-orig-file=\"https:\/\/www.sidwaya.info\/wp-content\/uploads\/2026\/09\/P15.jpg\" data-orig-size=\"2048,1136\" data-comments-opened=\"1\" data-image-meta=\"{&quot;aperture&quot;:&quot;0&quot;,&quot;credit&quot;:&quot;&quot;,&quot;camera&quot;:&quot;&quot;,&quot;caption&quot;:&quot;&quot;,&quot;created_timestamp&quot;:&quot;0&quot;,&quot;copyright&quot;:&quot;&quot;,&quot;focal_length&quot;:&quot;0&quot;,&quot;iso&quot;:&quot;0&quot;,&quot;shutter_speed&quot;:&quot;0&quot;,&quot;title&quot;:&quot;&quot;,&quot;orientation&quot;:&quot;0&quot;,&quot;alt&quot;:&quot;&quot;}\" data-image-title=\"P15\" data-image-description=\"\" data-image-caption=\"\" data-large-file=\"https:\/\/www.sidwaya.info\/wp-content\/uploads\/2026\/09\/P15-1024x568.jpg\" class=\"aligncenter size-full wp-image-168929\" src=\"https:\/\/www.sidwaya.info\/wp-content\/uploads\/2026\/09\/P15.jpg\" alt=\"\" width=\"2048\" height=\"1136\" srcset=\"https:\/\/www.sidwaya.info\/wp-content\/uploads\/2026\/09\/P15.jpg 2048w, https:\/\/www.sidwaya.info\/wp-content\/uploads\/2026\/09\/P15-300x166.jpg 300w, https:\/\/www.sidwaya.info\/wp-content\/uploads\/2026\/09\/P15-1024x568.jpg 1024w, https:\/\/www.sidwaya.info\/wp-content\/uploads\/2026\/09\/P15-768x426.jpg 768w, https:\/\/www.sidwaya.info\/wp-content\/uploads\/2026\/09\/P15-1536x852.jpg 1536w, https:\/\/www.sidwaya.info\/wp-content\/uploads\/2026\/09\/P15-757x420.jpg 757w, https:\/\/www.sidwaya.info\/wp-content\/uploads\/2026\/09\/P15-150x83.jpg 150w, https:\/\/www.sidwaya.info\/wp-content\/uploads\/2026\/09\/P15-696x385.jpg 696w, https:\/\/www.sidwaya.info\/wp-content\/uploads\/2026\/09\/P15-1068x592.jpg 1068w, https:\/\/www.sidwaya.info\/wp-content\/uploads\/2026\/09\/P15-1920x1065.jpg 1920w\" sizes=\"auto, (max-width: 2048px) 100vw, 2048px\"\/><\/a><\/div>\n<div class=\"x14z9mp xat24cr x1lziwak x1vvkbs xtlvy1s x126k92a\" readability=\"8\">\n<p>\u00ab L\u2019africain qui n\u2019est pas capable de se nourrir, qu\u2019il meure ! \u00bb<\/p>\n<\/div>\n<div class=\"x14z9mp xat24cr x1lziwak x1vvkbs xtlvy1s x126k92a\" readability=\"14\">\n<p>S\u2019adressant \u00e0 l\u2019ensemble des dirigeants africains et \u00e0 la conscience collective du continent, le Leader de la R\u00e9volution Progressiste Populaire a d\u00e9nonc\u00e9 le drame de la migration clandestine et l\u2019assistanat international. \u00ab L\u2019africain qui n\u2019est pas capable de se nourrir, qu\u2019il meure ! On doit \u00eatre en mesure de produire, on a assez de terres ici. Pourquoi c\u2019est nous qui devons aller mendier ailleurs ? \u00bb, regrette-t-il.<\/p>\n<\/div>\n<div dir=\"auto\"><a href=\"https:\/\/www.sidwaya.info\/journee-de-lexcellence-scolaire-2026-le-capitaine-ibrahim-traore-aux-jeunes-laureats-science-science-et-science-tout-est-science-cherchez-la-connaissance-scientifique-et-technologique\/p13\/\" rel=\"attachment wp-att-168931\"><img loading=\"lazy\" decoding=\"async\" data-attachment-id=\"168931\" data-permalink=\"https:\/\/www.sidwaya.info\/journee-de-lexcellence-scolaire-2026-le-capitaine-ibrahim-traore-aux-jeunes-laureats-science-science-et-science-tout-est-science-cherchez-la-connaissance-scientifique-et-technologique\/p13\/\" data-orig-file=\"https:\/\/www.sidwaya.info\/wp-content\/uploads\/2026\/09\/P13.jpg\" data-orig-size=\"2048,1366\" data-comments-opened=\"1\" data-image-meta=\"{&quot;aperture&quot;:&quot;0&quot;,&quot;credit&quot;:&quot;&quot;,&quot;camera&quot;:&quot;&quot;,&quot;caption&quot;:&quot;&quot;,&quot;created_timestamp&quot;:&quot;0&quot;,&quot;copyright&quot;:&quot;&quot;,&quot;focal_length&quot;:&quot;0&quot;,&quot;iso&quot;:&quot;0&quot;,&quot;shutter_speed&quot;:&quot;0&quot;,&quot;title&quot;:&quot;&quot;,&quot;orientation&quot;:&quot;0&quot;,&quot;alt&quot;:&quot;&quot;}\" data-image-title=\"P13\" data-image-description=\"\" data-image-caption=\"\" data-large-file=\"https:\/\/www.sidwaya.info\/wp-content\/uploads\/2026\/09\/P13-1024x683.jpg\" class=\"aligncenter size-full wp-image-168931\" src=\"https:\/\/www.sidwaya.info\/wp-content\/uploads\/2026\/09\/P13.jpg\" alt=\"\" width=\"2048\" height=\"1366\" srcset=\"https:\/\/www.sidwaya.info\/wp-content\/uploads\/2026\/09\/P13.jpg 2048w, https:\/\/www.sidwaya.info\/wp-content\/uploads\/2026\/09\/P13-300x200.jpg 300w, https:\/\/www.sidwaya.info\/wp-content\/uploads\/2026\/09\/P13-1024x683.jpg 1024w, https:\/\/www.sidwaya.info\/wp-content\/uploads\/2026\/09\/P13-768x512.jpg 768w, https:\/\/www.sidwaya.info\/wp-content\/uploads\/2026\/09\/P13-1536x1025.jpg 1536w, https:\/\/www.sidwaya.info\/wp-content\/uploads\/2026\/09\/P13-630x420.jpg 630w, https:\/\/www.sidwaya.info\/wp-content\/uploads\/2026\/09\/P13-150x100.jpg 150w, https:\/\/www.sidwaya.info\/wp-content\/uploads\/2026\/09\/P13-696x464.jpg 696w, https:\/\/www.sidwaya.info\/wp-content\/uploads\/2026\/09\/P13-1068x712.jpg 1068w, https:\/\/www.sidwaya.info\/wp-content\/uploads\/2026\/09\/P13-1920x1281.jpg 1920w\" sizes=\"auto, (max-width: 2048px) 100vw, 2048px\"\/><\/a><\/div>\n<div class=\"x14z9mp xat24cr x1lziwak x1vvkbs xtlvy1s x126k92a\" readability=\"21\">\n<p>La Journ\u00e9e de l\u2019Excellence Scolaire 2026, c\u00e9l\u00e9br\u00e9e sous le th\u00e8me \u00ab Cultiver l\u2019excellence scolaire dans le contexte de la refondation de l\u2019\u00e9cole burkinab\u00e8 \u00bb, a \u00e9t\u00e9 parrain\u00e9e par le pr\u00e9sident de la Fondation Bank of Africa (BOA), le camarade Lassin\u00e9 DIAWARA et le Ministre de la Communication, de la Culture, des Arts et du Tourisme, Pingdwend\u00e9 Gilbert OU\u00c9DRAOGO.<\/p>\n<div dir=\"auto\">\n<figure id=\"attachment_168943\" aria-describedby=\"caption-attachment-168943\" class=\"wp-caption aligncenter\"><a href=\"https:\/\/www.sidwaya.info\/journee-de-lexcellence-scolaire-2026-le-capitaine-ibrahim-traore-aux-jeunes-laureats-science-science-et-science-tout-est-science-cherchez-la-connaissance-scientifique-et-technologique\/p1-41\/\" rel=\"attachment wp-att-168943\"><img loading=\"lazy\" decoding=\"async\" data-attachment-id=\"168943\" data-permalink=\"https:\/\/www.sidwaya.info\/journee-de-lexcellence-scolaire-2026-le-capitaine-ibrahim-traore-aux-jeunes-laureats-science-science-et-science-tout-est-science-cherchez-la-connaissance-scientifique-et-technologique\/p1-41\/\" data-orig-file=\"https:\/\/www.sidwaya.info\/wp-content\/uploads\/2026\/09\/P1-2.jpg\" data-orig-size=\"2048,1475\" data-comments-opened=\"1\" data-image-meta=\"{&quot;aperture&quot;:&quot;0&quot;,&quot;credit&quot;:&quot;&quot;,&quot;camera&quot;:&quot;&quot;,&quot;caption&quot;:&quot;&quot;,&quot;created_timestamp&quot;:&quot;0&quot;,&quot;copyright&quot;:&quot;&quot;,&quot;focal_length&quot;:&quot;0&quot;,&quot;iso&quot;:&quot;0&quot;,&quot;shutter_speed&quot;:&quot;0&quot;,&quot;title&quot;:&quot;&quot;,&quot;orientation&quot;:&quot;0&quot;,&quot;alt&quot;:&quot;&quot;}\" data-image-title=\"P1\" data-image-description=\"\" data-image-caption=\"\" data-large-file=\"https:\/\/www.sidwaya.info\/wp-content\/uploads\/2026\/09\/P1-2-1024x738.jpg\" class=\"wp-image-168943 size-full\" src=\"https:\/\/www.sidwaya.info\/wp-content\/uploads\/2026\/09\/P1-2.jpg\" alt=\"Le repr\u00e9sentant des parrains, Camarade Lassin\u00e9 DIAWARA a soutenu que l\u2019excellence scolaire transcende les r\u00e9sultats scolaires pour se d\u00e9teindre sur la personnalit\u00e9 des laur\u00e9ats\" width=\"2048\" height=\"1475\" srcset=\"https:\/\/www.sidwaya.info\/wp-content\/uploads\/2026\/09\/P1-2.jpg 2048w, https:\/\/www.sidwaya.info\/wp-content\/uploads\/2026\/09\/P1-2-300x216.jpg 300w, https:\/\/www.sidwaya.info\/wp-content\/uploads\/2026\/09\/P1-2-1024x738.jpg 1024w, https:\/\/www.sidwaya.info\/wp-content\/uploads\/2026\/09\/P1-2-768x553.jpg 768w, https:\/\/www.sidwaya.info\/wp-content\/uploads\/2026\/09\/P1-2-1536x1106.jpg 1536w, https:\/\/www.sidwaya.info\/wp-content\/uploads\/2026\/09\/P1-2-583x420.jpg 583w, https:\/\/www.sidwaya.info\/wp-content\/uploads\/2026\/09\/P1-2-150x108.jpg 150w, https:\/\/www.sidwaya.info\/wp-content\/uploads\/2026\/09\/P1-2-696x501.jpg 696w, https:\/\/www.sidwaya.info\/wp-content\/uploads\/2026\/09\/P1-2-1068x769.jpg 1068w, https:\/\/www.sidwaya.info\/wp-content\/uploads\/2026\/09\/P1-2-1920x1383.jpg 1920w\" sizes=\"auto, (max-width: 2048px) 100vw, 2048px\"\/><\/a><figcaption id=\"caption-attachment-168943\" class=\"wp-caption-text\">Le repr\u00e9sentant des parrains, Camarade Lassin\u00e9 DIAWARA a soutenu que l\u2019excellence scolaire transcende les r\u00e9sultats scolaires pour se d\u00e9teindre sur la personnalit\u00e9 des laur\u00e9ats<\/figcaption><\/figure>\n<\/div>\n<p>Pour eux, l\u2019excellence d\u00e9passe le cadre des r\u00e9sultats scolaires imm\u00e9diats, elle s\u2019inscrit dans un \u00e9tat d\u2019esprit durable soutenu par la discipline et l\u2019int\u00e9grit\u00e9.<\/p>\n<\/div>\n<div class=\"x14z9mp xat24cr x1lziwak x1vvkbs xtlvy1s x126k92a\" readability=\"12\">\n<p>\u00ab Les dipl\u00f4mes ouvrent des portes, mais c\u2019est le caract\u00e8re qui les maintient ouvertes. Le talent cr\u00e9e des opportunit\u00e9s, mais c\u2019est le travail qui assure un succ\u00e8s durable \u00bb, indique le parrain Lassin\u00e9 DIAWARA.<\/p>\n<\/div>\n<div dir=\"auto\"><a href=\"https:\/\/www.sidwaya.info\/journee-de-lexcellence-scolaire-2026-le-capitaine-ibrahim-traore-aux-jeunes-laureats-science-science-et-science-tout-est-science-cherchez-la-connaissance-scientifique-et-technologique\/p2-25\/\" rel=\"attachment wp-att-168942\"><img loading=\"lazy\" decoding=\"async\" data-attachment-id=\"168942\" data-permalink=\"https:\/\/www.sidwaya.info\/journee-de-lexcellence-scolaire-2026-le-capitaine-ibrahim-traore-aux-jeunes-laureats-science-science-et-science-tout-est-science-cherchez-la-connaissance-scientifique-et-technologique\/p2-25\/\" data-orig-file=\"https:\/\/www.sidwaya.info\/wp-content\/uploads\/2026\/09\/P2-2.jpg\" data-orig-size=\"2048,1399\" data-comments-opened=\"1\" data-image-meta=\"{&quot;aperture&quot;:&quot;0&quot;,&quot;credit&quot;:&quot;&quot;,&quot;camera&quot;:&quot;&quot;,&quot;caption&quot;:&quot;&quot;,&quot;created_timestamp&quot;:&quot;0&quot;,&quot;copyright&quot;:&quot;&quot;,&quot;focal_length&quot;:&quot;0&quot;,&quot;iso&quot;:&quot;0&quot;,&quot;shutter_speed&quot;:&quot;0&quot;,&quot;title&quot;:&quot;&quot;,&quot;orientation&quot;:&quot;0&quot;,&quot;alt&quot;:&quot;&quot;}\" data-image-title=\"P2\" data-image-description=\"\" data-image-caption=\"\" data-large-file=\"https:\/\/www.sidwaya.info\/wp-content\/uploads\/2026\/09\/P2-2-1024x700.jpg\" class=\"aligncenter size-full wp-image-168942\" src=\"https:\/\/www.sidwaya.info\/wp-content\/uploads\/2026\/09\/P2-2.jpg\" alt=\"\" width=\"2048\" height=\"1399\" srcset=\"https:\/\/www.sidwaya.info\/wp-content\/uploads\/2026\/09\/P2-2.jpg 2048w, https:\/\/www.sidwaya.info\/wp-content\/uploads\/2026\/09\/P2-2-300x205.jpg 300w, https:\/\/www.sidwaya.info\/wp-content\/uploads\/2026\/09\/P2-2-1024x700.jpg 1024w, https:\/\/www.sidwaya.info\/wp-content\/uploads\/2026\/09\/P2-2-768x525.jpg 768w, https:\/\/www.sidwaya.info\/wp-content\/uploads\/2026\/09\/P2-2-1536x1049.jpg 1536w, https:\/\/www.sidwaya.info\/wp-content\/uploads\/2026\/09\/P2-2-615x420.jpg 615w, https:\/\/www.sidwaya.info\/wp-content\/uploads\/2026\/09\/P2-2-150x102.jpg 150w, https:\/\/www.sidwaya.info\/wp-content\/uploads\/2026\/09\/P2-2-218x150.jpg 218w, https:\/\/www.sidwaya.info\/wp-content\/uploads\/2026\/09\/P2-2-696x475.jpg 696w, https:\/\/www.sidwaya.info\/wp-content\/uploads\/2026\/09\/P2-2-1068x730.jpg 1068w, https:\/\/www.sidwaya.info\/wp-content\/uploads\/2026\/09\/P2-2-1920x1312.jpg 1920w\" sizes=\"auto, (max-width: 2048px) 100vw, 2048px\"\/><\/a><\/div>\n<p>Le porte-parole des laur\u00e9ats, le camarade S\u00e9kou TRAOR\u00c9, a salu\u00e9 l\u2019effort du Gouvernement \u00e0 refonder le syst\u00e8me \u00e9ducatif en misant sur l\u2019innovation, la rigueur et l\u2019enseignement technique. Il a exprim\u00e9 sa gratitude aux \u00e9ducateurs, avec une mention sp\u00e9ciale \u00e0 ceux qui sont dans les zones \u00e0 fort d\u00e9fi s\u00e9curitaire, aux encadreurs et aux Forces combattantes. Selon S\u00e9kou TRAOR\u00c9, le prix de l\u2019excellence n\u2019est pas un accomplissement final, mais un devoir de servir la Nation avec int\u00e9grit\u00e9, comp\u00e9tence et cr\u00e9ativit\u00e9.<\/p>\n<div class=\"x14z9mp xat24cr x1lziwak x1vvkbs xtlvy1s x126k92a\" readability=\"7\">\n<p>Direction de la Communication de la Pr\u00e9sidence du Faso<\/p>\n<\/div>\n<p>Auteur: BH SIDWAYA<br \/>\n<a href=\"https:\/\/www.sidwaya.info\/journee-de-lexcellence-scolaire-2026-le-capitaine-ibrahim-traore-aux-jeunes-laureats-science-science-et-science-tout-est-science-cherchez-la-connaissance-scientifique-et-technologique\/\">Cliquez ici pour lire l&rsquo;article depuis sa source.<\/a><\/p>\n","protected":false},"excerpt":{"rendered":"<p>Le Pr\u00e9sident du Faso, Chef de l\u2019\u00c9tat, le Camarade Capitaine Ibrahim TRAOR\u00c9, a salu\u00e9, ce vendredi 4 septembre 2026, le m\u00e9rite des meilleurs \u00e9l\u00e8ves et enseignants \u00e0 l\u2019occasion de la Journ\u00e9e de l\u2019Excellence Scolaire (JES), \u00e9dition 2026. Loin des hommages acad\u00e9miques conventionnels, le Chef de l\u2019\u00c9tat a exhort\u00e9 la jeunesse burkinab\u00e8 \u00e0 une rupture avec [&hellip;]<\/p>\n","protected":false},"author":1816,"featured_media":191696,"comment_status":"closed","ping_status":"closed","sticky":false,"template":"","format":"standard","meta":{"fifu_image_url":"https:\/\/www.sidwaya.info\/wp-content\/uploads\/2026\/09\/P6.jpg","fifu_image_alt":"Journ\u00e9e de l\u2019Excellence scolaire 2026 : Le Capitaine Ibrahim TRAOR\u00c9 aux jeunes laur\u00e9ats : \u00ab science, science et science, tout est science ! Cherchez la connaissance scientifique et technologique \u00bb","footnotes":""},"categories":[73,81],"tags":[],"class_list":["post-191695","post","type-post","status-publish","format-standard","has-post-thumbnail","hentry","category-actualite","category-burkina-faso"],"_links":{"self":[{"href":"https:\/\/linitiative.ca\/International\/wp-json\/wp\/v2\/posts\/191695","targetHints":{"allow":["GET"]}}],"collection":[{"href":"https:\/\/linitiative.ca\/International\/wp-json\/wp\/v2\/posts"}],"about":[{"href":"https:\/\/linitiative.ca\/International\/wp-json\/wp\/v2\/types\/post"}],"author":[{"embeddable":true,"href":"https:\/\/linitiative.ca\/International\/wp-json\/wp\/v2\/users\/1816"}],"replies":[{"embeddable":true,"href":"https:\/\/linitiative.ca\/International\/wp-json\/wp\/v2\/comments?post=191695"}],"version-history":[{"count":0,"href":"https:\/\/linitiative.ca\/International\/wp-json\/wp\/v2\/posts\/191695\/revisions"}],"wp:featuredmedia":[{"embeddable":true,"href":"https:\/\/linitiative.ca\/International\/wp-json\/wp\/v2\/media\/191696"}],"wp:attachment":[{"href":"https:\/\/linitiative.ca\/International\/wp-json\/wp\/v2\/media?parent=191695"}],"wp:term":[{"taxonomy":"category","embeddable":true,"href":"https:\/\/linitiative.ca\/International\/wp-json\/wp\/v2\/categories?post=191695"},{"taxonomy":"post_tag","embeddable":true,"href":"https:\/\/linitiative.ca\/International\/wp-json\/wp\/v2\/tags?post=191695"}],"curies":[{"name":"wp","href":"https:\/\/api.w.org\/{rel}","templated":true}]}}