{"id":191698,"date":"2026-09-04T07:18:54","date_gmt":"2026-09-04T11:18:54","guid":{"rendered":"https:\/\/linitiative.ca\/International\/climat-lonacc-renforce-les-capacites-de-la-sodecoton-dans-le-nord\/"},"modified":"2026-09-04T07:18:54","modified_gmt":"2026-09-04T11:18:54","slug":"climat-lonacc-renforce-les-capacites-de-la-sodecoton-dans-le-nord","status":"publish","type":"post","link":"https:\/\/linitiative.ca\/International\/climat-lonacc-renforce-les-capacites-de-la-sodecoton-dans-le-nord\/","title":{"rendered":"Climat : l\u2019ONACC renforce les capacit\u00e9s de la SODECOTON dans le Nord"},"content":{"rendered":"<h3>Du 1er au 8 septembre 2026, l\u2019ONACC forme le personnel de la SODECOTON dans l\u2019Extr\u00eame-Nord et le Nord sur l\u2019utilisation des services climatologiques, pour une agriculture plus r\u00e9siliente face aux changements climatiques.<\/h3>\n<p>L\u2019ONACC renforce les capacit\u00e9s de la SODECOTON sur l\u2019utilisation des services climatologiques.<br \/>Du 1er au 8 septembre 2026, l\u2019Observatoire National sur les Changements Climatiques organise une s\u00e9rie d\u2019ateliers au profit du personnel de la SODECOTON dans les r\u00e9gions de l\u2019Extr\u00eame-Nord (Maroua 1 &amp; 2, Ka\u00e9l\u00e9, Tchatibali et Guider) et du Nord (Garoua 1 &amp; 2, Ngong, Touboro et Mayo-Galk\u00e9).<\/p>\n<p>Les c\u00e9r\u00e9monies officielles de lancement se sont d\u00e9roul\u00e9es simultan\u00e9ment \u00e0 Maroua et Garoua le 1er septembre 2026. Le Directeur G\u00e9n\u00e9ral de l\u2019ONACC, Pr Joseph Armath\u00e9 Amougou, pr\u00e9sidait celle de Garoua, tandis que le Directeur G\u00e9n\u00e9ral Adjoint, Forghab Patrick Mbomba, pr\u00e9sidait celle de Maroua.<\/p>\n<div readability=\"7\">\n<p>LA SUITE APR\u00c8S LA PUBLICIT\u00c9<\/p>\n<p><ins class=\"adsbygoogle\" data-ad-client=\"ca-pub-9760088965124508\" data-ad-slot=\"2140806877\"\/><br \/>\n<\/div>\n<p>L\u2019objectif est de renforcer les comp\u00e9tences des participants dans l\u2019exploitation des bulletins d\u00e9cadaires, saisonniers et des calendriers agricoles sp\u00e9cifiques produits par l\u2019ONACC, afin d\u2019am\u00e9liorer l\u2019appui-conseil aux producteurs et la prise de d\u00e9cision agricole.<br \/>Cette activit\u00e9 s\u2019inscrit dans le cadre du partenariat sign\u00e9 entre l\u2019ONACC et la SODECOTON en 2025, et contribue au renforcement du suivi agroclimatique et \u00e0 la promotion d\u2019une agriculture plus r\u00e9siliente.<\/p>\n<p>Auteur: Arnaud Nicolas MAWEL<br \/>\n<a href=\"https:\/\/fr.journalducameroun.com\/climat-lonacc-renforce-les-capacites-de-la-sodecoton-dans-le-nord\/\">Cliquez ici pour lire l&rsquo;article depuis sa source.<\/a><\/p>\n","protected":false},"excerpt":{"rendered":"<p>Du 1er au 8 septembre 2026, l\u2019ONACC forme le personnel de la SODECOTON dans l\u2019Extr\u00eame-Nord et le Nord sur l\u2019utilisation des services climatologiques, pour une agriculture plus r\u00e9siliente face aux changements climatiques. L\u2019ONACC renforce les capacit\u00e9s de la SODECOTON sur l\u2019utilisation des services climatologiques.Du 1er au 8 septembre 2026, l\u2019Observatoire National sur les Changements Climatiques [&hellip;]<\/p>\n","protected":false},"author":1965,"featured_media":0,"comment_status":"closed","ping_status":"closed","sticky":false,"template":"","format":"standard","meta":{"fifu_image_url":"","fifu_image_alt":"","footnotes":""},"categories":[73,82],"tags":[],"class_list":["post-191698","post","type-post","status-publish","format-standard","hentry","category-actualite","category-cameroun"],"_links":{"self":[{"href":"https:\/\/linitiative.ca\/International\/wp-json\/wp\/v2\/posts\/191698","targetHints":{"allow":["GET"]}}],"collection":[{"href":"https:\/\/linitiative.ca\/International\/wp-json\/wp\/v2\/posts"}],"about":[{"href":"https:\/\/linitiative.ca\/International\/wp-json\/wp\/v2\/types\/post"}],"author":[{"embeddable":true,"href":"https:\/\/linitiative.ca\/International\/wp-json\/wp\/v2\/users\/1965"}],"replies":[{"embeddable":true,"href":"https:\/\/linitiative.ca\/International\/wp-json\/wp\/v2\/comments?post=191698"}],"version-history":[{"count":0,"href":"https:\/\/linitiative.ca\/International\/wp-json\/wp\/v2\/posts\/191698\/revisions"}],"wp:attachment":[{"href":"https:\/\/linitiative.ca\/International\/wp-json\/wp\/v2\/media?parent=191698"}],"wp:term":[{"taxonomy":"category","embeddable":true,"href":"https:\/\/linitiative.ca\/International\/wp-json\/wp\/v2\/categories?post=191698"},{"taxonomy":"post_tag","embeddable":true,"href":"https:\/\/linitiative.ca\/International\/wp-json\/wp\/v2\/tags?post=191698"}],"curies":[{"name":"wp","href":"https:\/\/api.w.org\/{rel}","templated":true}]}}