{"id":191699,"date":"2026-09-04T09:14:29","date_gmt":"2026-09-04T13:14:29","guid":{"rendered":"https:\/\/linitiative.ca\/International\/des-fonctionnaires-enfarines-a-lambassade-du-cameroun-en-belgique\/"},"modified":"2026-09-04T09:14:29","modified_gmt":"2026-09-04T13:14:29","slug":"des-fonctionnaires-enfarines-a-lambassade-du-cameroun-en-belgique","status":"publish","type":"post","link":"https:\/\/linitiative.ca\/International\/des-fonctionnaires-enfarines-a-lambassade-du-cameroun-en-belgique\/","title":{"rendered":"Des fonctionnaires enfarin\u00e9s \u00e0 l\u2019ambassade du Cameroun en Belgique"},"content":{"rendered":"<h2>Des membres de la Brigade Anti-Sardinard ont men\u00e9 une incursion au si\u00e8ge de la repr\u00e9sentation diplomatique du Cameroun \u00e0 Bruxelles le 03 septembre 2026.<\/h2>\n<p>Ils ont encore fait entendre leurs revendications non sans avoir enfarin\u00e9 les occupants de l\u2019ambassade. Les membres de la BAS ont fait une entr\u00e9e inattendue au si\u00e8ge de la repr\u00e9sentation diplomatique du Cameroun \u00e0 Bruxelles le 03 septembre dernier, versant de la farine sur des fonctionnaires trouv\u00e9s sur place. Exprimant leurs revendications, ils ont appel\u00e9 \u00e0 la lib\u00e9ration des \u00ab prisonniers politiques \u00bb et autres d\u00e9tenus du genre au Cameroun.<\/p>\n<div readability=\"7\">\n<p>LA SUITE APR\u00c8S LA PUBLICIT\u00c9<\/p>\n<p><ins class=\"adsbygoogle\" data-ad-client=\"ca-pub-9760088965124508\" data-ad-slot=\"2140806877\"\/><br \/>\n<\/div>\n<p>Dans la vid\u00e9o en circulation servant d\u2019indice de leur passage, ils demandent en particulier la lib\u00e9ration de l\u2019activiste Jacques Bertrand Mang. Ils exigent que justice soit rendue pour des cas de d\u00e9tenus d\u00e9c\u00e9d\u00e9s en d\u00e9tention.<\/p>\n<p>Comme \u00e0 leur habitude, ils demandent aussi le d\u00e9part du pr\u00e9sident Paul Biya \u00e0 la t\u00eate de l\u2019Etat, r\u00e9it\u00e9rant leur pr\u00e9tention exprim\u00e9e lors du dernier s\u00e9jour du chef de l\u2019\u00c9tat en Suisse. Au cours d\u2019une autre incursion, \u00e0 cette p\u00e9riode, ils ont demand\u00e9 o\u00f9 le pr\u00e9sident de la R\u00e9publique se trouvait et que les autorit\u00e9s fournissent des explications sur son s\u00e9jour \u00e0 l\u2019\u00e9tranger. Ils ne sont pas \u00e0 leur premier acte.<\/p>\n<p>L\u2019on se souvient aussi que le ministre de la Jeunesse et de l\u2019Education civique, Mounouna Foutsou, a subi en 2025 le m\u00eame sort que les fonctionnaires de l\u2019Ambassade ont subi jeudi. Peu avant la pr\u00e9sidentielle, le membre du gouvernement conduisant une d\u00e9l\u00e9gation camerounaise pour rencontrer la diaspora a \u00e9t\u00e9 enfarin\u00e9, sa suite avec, par les membres de la BAS.<\/p>\n<p>Auteur: Arnaud Nicolas MAWEL<br \/>\n<a href=\"https:\/\/fr.journalducameroun.com\/des-fonctionnaires-enfarines-a-lambassade-du-cameroun-en-belgique\/\">Cliquez ici pour lire l&rsquo;article depuis sa source.<\/a><\/p>\n","protected":false},"excerpt":{"rendered":"<p>Des membres de la Brigade Anti-Sardinard ont men\u00e9 une incursion au si\u00e8ge de la repr\u00e9sentation diplomatique du Cameroun \u00e0 Bruxelles le 03 septembre 2026. Ils ont encore fait entendre leurs revendications non sans avoir enfarin\u00e9 les occupants de l\u2019ambassade. Les membres de la BAS ont fait une entr\u00e9e inattendue au si\u00e8ge de la repr\u00e9sentation diplomatique [&hellip;]<\/p>\n","protected":false},"author":1965,"featured_media":0,"comment_status":"closed","ping_status":"closed","sticky":false,"template":"","format":"standard","meta":{"fifu_image_url":"","fifu_image_alt":"","footnotes":""},"categories":[73,82],"tags":[],"class_list":["post-191699","post","type-post","status-publish","format-standard","hentry","category-actualite","category-cameroun"],"_links":{"self":[{"href":"https:\/\/linitiative.ca\/International\/wp-json\/wp\/v2\/posts\/191699","targetHints":{"allow":["GET"]}}],"collection":[{"href":"https:\/\/linitiative.ca\/International\/wp-json\/wp\/v2\/posts"}],"about":[{"href":"https:\/\/linitiative.ca\/International\/wp-json\/wp\/v2\/types\/post"}],"author":[{"embeddable":true,"href":"https:\/\/linitiative.ca\/International\/wp-json\/wp\/v2\/users\/1965"}],"replies":[{"embeddable":true,"href":"https:\/\/linitiative.ca\/International\/wp-json\/wp\/v2\/comments?post=191699"}],"version-history":[{"count":0,"href":"https:\/\/linitiative.ca\/International\/wp-json\/wp\/v2\/posts\/191699\/revisions"}],"wp:attachment":[{"href":"https:\/\/linitiative.ca\/International\/wp-json\/wp\/v2\/media?parent=191699"}],"wp:term":[{"taxonomy":"category","embeddable":true,"href":"https:\/\/linitiative.ca\/International\/wp-json\/wp\/v2\/categories?post=191699"},{"taxonomy":"post_tag","embeddable":true,"href":"https:\/\/linitiative.ca\/International\/wp-json\/wp\/v2\/tags?post=191699"}],"curies":[{"name":"wp","href":"https:\/\/api.w.org\/{rel}","templated":true}]}}