{"id":191700,"date":"2026-09-04T09:54:52","date_gmt":"2026-09-04T13:54:52","guid":{"rendered":"https:\/\/linitiative.ca\/International\/sante-loms-et-le-fonds-mondial-renforcent-leur-partenariat-au-cameroun\/"},"modified":"2026-09-04T09:54:52","modified_gmt":"2026-09-04T13:54:52","slug":"sante-loms-et-le-fonds-mondial-renforcent-leur-partenariat-au-cameroun","status":"publish","type":"post","link":"https:\/\/linitiative.ca\/International\/sante-loms-et-le-fonds-mondial-renforcent-leur-partenariat-au-cameroun\/","title":{"rendered":"Sant\u00e9 : l\u2019OMS et le Fonds Mondial renforcent leur partenariat au Cameroun"},"content":{"rendered":"<h4>Le Repr\u00e9sentant de l\u2019OMS au Cameroun, Dr Magaran Monzon Bagayoko, a re\u00e7u ce 4 septembre 2026 le gestionnaire du Fonds Mondial Osian Jones pour renforcer leur collaboration dans la lutte contre le VIH, la tuberculose et le paludisme.<\/h4>\n<p>Le partenariat OMS \u2013 Fonds Mondial au service de la sant\u00e9.<br \/>Le Repr\u00e9sentant de l\u2019OMS au Cameroun, Dr Magaran Monzon Bagayoko, a re\u00e7u ce 4 septembre 2026 M. Osian Jones, Gestionnaire principal du portefeuille du Fonds Mondial pour le Cameroun et la Guin\u00e9e \u00e9quatoriale, pour une s\u00e9ance de travail ax\u00e9e sur le renforcement de la collaboration.<\/p>\n<p>Au c\u0153ur des \u00e9changes : le d\u00e9briefing de la mission de l\u2019\u00e9quipe pays du Fonds Mondial consacr\u00e9e au Grant Making de la subvention GC8, le point sur l\u2019accompagnement de l\u2019OMS dans la mise en \u0153uvre de la subvention GC7 et la pr\u00e9paration de la future subvention GC8.<\/p>\n<div readability=\"7\">\n<p>LA SUITE APR\u00c8S LA PUBLICIT\u00c9<\/p>\n<p><ins class=\"adsbygoogle\" data-ad-client=\"ca-pub-9760088965124508\" data-ad-slot=\"2140806877\"\/><br \/>\n<\/div>\n<p>Le Fonds Mondial a salu\u00e9 la qualit\u00e9 de la collaboration et le soutien technique de l\u2019OMS au Minist\u00e8re de la Sant\u00e9 Publique dans la mise en \u0153uvre des subventions.<\/p>\n<p>L\u2019OMS a plaid\u00e9 pour un appui accru aux activit\u00e9s de Renforcement du Syst\u00e8me de Sant\u00e9 (RSS).<br \/>Cette rencontre t\u00e9moigne de la solidit\u00e9 du partenariat entre les deux institutions pour acc\u00e9l\u00e9rer la lutte contre le VIH, la tuberculose et le paludisme, tout en consolidant durablement le syst\u00e8me de sant\u00e9 au Cameroun.<\/p>\n<p>Auteur: Arnaud Nicolas MAWEL<br \/>\n<a href=\"https:\/\/fr.journalducameroun.com\/sante-loms-et-le-fonds-mondial-renforcent-leur-partenariat-au-cameroun\/\">Cliquez ici pour lire l&rsquo;article depuis sa source.<\/a><\/p>\n","protected":false},"excerpt":{"rendered":"<p>Le Repr\u00e9sentant de l\u2019OMS au Cameroun, Dr Magaran Monzon Bagayoko, a re\u00e7u ce 4 septembre 2026 le gestionnaire du Fonds Mondial Osian Jones pour renforcer leur collaboration dans la lutte contre le VIH, la tuberculose et le paludisme. Le partenariat OMS \u2013 Fonds Mondial au service de la sant\u00e9.Le Repr\u00e9sentant de l\u2019OMS au Cameroun, Dr [&hellip;]<\/p>\n","protected":false},"author":1965,"featured_media":0,"comment_status":"closed","ping_status":"closed","sticky":false,"template":"","format":"standard","meta":{"fifu_image_url":"","fifu_image_alt":"","footnotes":""},"categories":[73,82],"tags":[],"class_list":["post-191700","post","type-post","status-publish","format-standard","hentry","category-actualite","category-cameroun"],"_links":{"self":[{"href":"https:\/\/linitiative.ca\/International\/wp-json\/wp\/v2\/posts\/191700","targetHints":{"allow":["GET"]}}],"collection":[{"href":"https:\/\/linitiative.ca\/International\/wp-json\/wp\/v2\/posts"}],"about":[{"href":"https:\/\/linitiative.ca\/International\/wp-json\/wp\/v2\/types\/post"}],"author":[{"embeddable":true,"href":"https:\/\/linitiative.ca\/International\/wp-json\/wp\/v2\/users\/1965"}],"replies":[{"embeddable":true,"href":"https:\/\/linitiative.ca\/International\/wp-json\/wp\/v2\/comments?post=191700"}],"version-history":[{"count":0,"href":"https:\/\/linitiative.ca\/International\/wp-json\/wp\/v2\/posts\/191700\/revisions"}],"wp:attachment":[{"href":"https:\/\/linitiative.ca\/International\/wp-json\/wp\/v2\/media?parent=191700"}],"wp:term":[{"taxonomy":"category","embeddable":true,"href":"https:\/\/linitiative.ca\/International\/wp-json\/wp\/v2\/categories?post=191700"},{"taxonomy":"post_tag","embeddable":true,"href":"https:\/\/linitiative.ca\/International\/wp-json\/wp\/v2\/tags?post=191700"}],"curies":[{"name":"wp","href":"https:\/\/api.w.org\/{rel}","templated":true}]}}