{"id":191701,"date":"2026-09-04T12:16:33","date_gmt":"2026-09-04T16:16:33","guid":{"rendered":"https:\/\/linitiative.ca\/International\/les-universitaires-dafrique-centrale-lancent-un-reseau-strategique-a-yaounde-pour-lutter-contre-le-crime-organise\/"},"modified":"2026-09-04T12:16:33","modified_gmt":"2026-09-04T16:16:33","slug":"les-universitaires-dafrique-centrale-lancent-un-reseau-strategique-a-yaounde-pour-lutter-contre-le-crime-organise","status":"publish","type":"post","link":"https:\/\/linitiative.ca\/International\/les-universitaires-dafrique-centrale-lancent-un-reseau-strategique-a-yaounde-pour-lutter-contre-le-crime-organise\/","title":{"rendered":"Les universitaires d\u2019Afrique centrale lancent un r\u00e9seau strat\u00e9gique \u00e0 Yaound\u00e9 pour lutter contre le crime organis\u00e9"},"content":{"rendered":"<h4>Des professeurs et chercheurs repr\u00e9sentant onze unit\u00e9s de recherche strat\u00e9gique issues d\u2019universit\u00e9s du Cameroun, du Gabon, du Tchad et de la R\u00e9publique d\u00e9mocratique du Congo se sont r\u00e9unis \u00e0 l\u2019h\u00f4tel Star Land de Yaound\u00e9 le 4 septembre 2026 pour la r\u00e9union inaugurale d\u2019un nouveau r\u00e9seau r\u00e9gional de recherche.<\/h4>\n<p>Ce rassemblement de deux jours visait \u00e0 \u00e9tablir une alliance collaborative entre les institutions acad\u00e9miques des quatre nations afin de renforcer leur capacit\u00e9 collective \u00e0 analyser, signaler et mener des actions de plaidoyer contre le crime organis\u00e9 et la violence arm\u00e9e en Afrique centrale.<\/p>\n<p>Au c\u0153ur de cette initiative se trouve le projet d\u2019Observatoire de l\u2019Afrique centrale sur le crime organis\u00e9 et la violence, lanc\u00e9 en 2024 par l\u2019Initiative mondiale contre la criminalit\u00e9 transnationale organis\u00e9e (GI-TOC) en partenariat avec l\u2019Institut d\u2019\u00e9tudes de s\u00e9curit\u00e9 (ISS). S\u2019\u00e9tendant jusqu\u2019en 2027, ce projet vise \u00e0 cr\u00e9er un observatoire r\u00e9gional de la soci\u00e9t\u00e9 civile ax\u00e9 sur l\u2019analyse du lien entre criminalit\u00e9 et conflits, la cartographie des \u00e9cosyst\u00e8mes criminels et le renforcement des capacit\u00e9s de plaidoyer \u00e0 travers l\u2019Afrique centrale. Ses objectifs plus larges s\u2019articulent autour de la production de donn\u00e9es fiables, du renforcement de la recherche au sein de la soci\u00e9t\u00e9 civile et de l\u2019incitation des autorit\u00e9s judiciaires et politiques r\u00e9gionales \u00e0 adopter des r\u00e9ponses fond\u00e9es sur des preuves.<\/p>\n<div readability=\"7\">\n<p>LA SUITE APR\u00c8S LA PUBLICIT\u00c9<\/p>\n<p><ins class=\"adsbygoogle\" data-ad-client=\"ca-pub-9760088965124508\" data-ad-slot=\"2140806877\"\/><br \/>\n<\/div>\n<p>Le directeur de l\u2019Observatoire, le professeur Sa\u00efbou Issa, a soulign\u00e9 que cette initiative permet de faire le pont entre la recherche acad\u00e9mique et l\u2019action publique. Il a not\u00e9 que bien que les universit\u00e9s disposent d\u2019une expertise scientifique approfondie sur des enjeux complexes tels que la criminalit\u00e9 financi\u00e8re, les enl\u00e8vements avec demande de ran\u00e7on, la traite des \u00eatres humains et la cybercriminalit\u00e9, ces menaces forment un \u00e9cosyst\u00e8me criminel interconnect\u00e9. Il a pr\u00e9cis\u00e9 qu\u2019\u00e0 l\u2019issue de la conf\u00e9rence, le r\u00e9seau donnera la priorit\u00e9 \u00e0 des formations sp\u00e9cialis\u00e9es pour aider les chercheurs \u00e0 transformer leurs travaux th\u00e9oriques en outils d\u00e9cisionnels exploitables par les d\u00e9cideurs politiques pour lutter efficacement contre la criminalit\u00e9 transfrontali\u00e8re.<\/p>\n<p>Axant son propos sur la n\u00e9cessit\u00e9 d\u2019une coop\u00e9ration r\u00e9gionale, le professeur Ren\u00e9 Joly Assako Assako, doyen de la Facult\u00e9 des Arts, Lettres et Sciences Humaines de l\u2019Universit\u00e9 de Douala et repr\u00e9sentant du Centre d\u2019\u00c9tudes et de Recherche en G\u00e9o\u00e9conomie, G\u00e9opolitique et G\u00e9ostrat\u00e9gie des Espaces Littoraux et Maritimes (3GELM), a exprim\u00e9 l\u2019espoir que ce r\u00e9seau transforme la r\u00e9ponse s\u00e9curitaire de l\u2019Afrique centrale. Il a insist\u00e9 sur le fait que l\u2019expertise locale ne manque pas au sein des universit\u00e9s et des chercheurs de la r\u00e9gion ; le maillon manquant r\u00e9side plut\u00f4t dans la coordination, le partage des ressources et la mutualisation des comp\u00e9tences n\u00e9cessaires pour r\u00e9pondre aux menaces globales par des mesures unifi\u00e9es.<\/p>\n<p>D\u2019autres universitaires de la r\u00e9gion ont \u00e9galement r\u00e9it\u00e9r\u00e9 l\u2019urgence d\u2019une approche coordonn\u00e9e et transfrontali\u00e8re pour d\u00e9manteler les r\u00e9seaux criminels. La professeure R\u00e9gine Nambuwa de l\u2019Universit\u00e9 de Kinshasa, repr\u00e9sentant le Centre de criminologie et de pathologie sociale, a soulign\u00e9 que les actions isol\u00e9es sont insuffisantes face \u00e0 des probl\u00e8mes comme le trafic ill\u00e9gal de minerais quittant la RDC via des pays voisins comme le Cameroun. De m\u00eame, le professeur Serge Loungou de l\u2019Universit\u00e9 Omar Bongo au Gabon a soulign\u00e9 que cette initiative permet de sortir du \u00ab d\u00e9sengagement g\u00e9opolitique \u00bb, offrant aux chercheurs l\u2019opportunit\u00e9 d\u2019analyser conjointement des crimes transfrontaliers tels que le trafic d\u2019enfants et le braconnage dans les parcs nationaux partag\u00e9s.<\/p>\n<p>Pour la seconde journ\u00e9e de cette r\u00e9union inaugurale, le samedi 5 septembre 2026, les participants se concentreront sur la fixation des bases juridiques et op\u00e9rationnelles du r\u00e9seau. L\u2019ordre du jour pr\u00e9voit l\u2019examen du protocole d\u2019accord (MoU), l\u2019identification des th\u00e9matiques de recherche collaborative prioritaires et la constitution de groupes th\u00e9matiques sp\u00e9cialis\u00e9s.<br \/>De plus, les d\u00e9l\u00e9gu\u00e9s \u00e9laboreront un plan de travail initial couvrant les 12 \u00e0 24 prochains mois, effectueront des restitutions de travaux, \u00e9tabliront formellement le r\u00e9seau et adopteront une feuille de route consolid\u00e9e avant la cl\u00f4ture officielle de l\u2019\u00e9v\u00e9nement.<\/p>\n<p>\u00c0 la suite de cette rencontre de deux jours, les centres de recherche strat\u00e9gique se concerteront avec leurs universit\u00e9s respectives pour mettre en \u0153uvre le plan de travail convenu. La premi\u00e8re \u00e9tape prioritaire portera sur le d\u00e9ploiement de programmes de formation m\u00e9thodologique et de r\u00e9daction de rapports pour les membres du r\u00e9seau, posant ainsi les jalons d\u2019une prospective strat\u00e9gique, d\u2019une recherche collaborative durable et d\u2019un plaidoyer politique fond\u00e9 sur des donn\u00e9es probantes en Afrique centrale.<\/p>\n<p>Auteur: Arnaud Nicolas MAWEL<br \/>\n<a href=\"https:\/\/fr.journalducameroun.com\/les-universitaires-dafrique-centrale-lancent-un-reseau-strategique-a-yaounde-pour-lutter-contre-le-crime-organise\/\">Cliquez ici pour lire l&rsquo;article depuis sa source.<\/a><\/p>\n","protected":false},"excerpt":{"rendered":"<p>Des professeurs et chercheurs repr\u00e9sentant onze unit\u00e9s de recherche strat\u00e9gique issues d\u2019universit\u00e9s du Cameroun, du Gabon, du Tchad et de la R\u00e9publique d\u00e9mocratique du Congo se sont r\u00e9unis \u00e0 l\u2019h\u00f4tel Star Land de Yaound\u00e9 le 4 septembre 2026 pour la r\u00e9union inaugurale d\u2019un nouveau r\u00e9seau r\u00e9gional de recherche. Ce rassemblement de deux jours visait \u00e0 [&hellip;]<\/p>\n","protected":false},"author":1965,"featured_media":0,"comment_status":"closed","ping_status":"closed","sticky":false,"template":"","format":"standard","meta":{"fifu_image_url":"","fifu_image_alt":"","footnotes":""},"categories":[73,82],"tags":[],"class_list":["post-191701","post","type-post","status-publish","format-standard","hentry","category-actualite","category-cameroun"],"_links":{"self":[{"href":"https:\/\/linitiative.ca\/International\/wp-json\/wp\/v2\/posts\/191701","targetHints":{"allow":["GET"]}}],"collection":[{"href":"https:\/\/linitiative.ca\/International\/wp-json\/wp\/v2\/posts"}],"about":[{"href":"https:\/\/linitiative.ca\/International\/wp-json\/wp\/v2\/types\/post"}],"author":[{"embeddable":true,"href":"https:\/\/linitiative.ca\/International\/wp-json\/wp\/v2\/users\/1965"}],"replies":[{"embeddable":true,"href":"https:\/\/linitiative.ca\/International\/wp-json\/wp\/v2\/comments?post=191701"}],"version-history":[{"count":0,"href":"https:\/\/linitiative.ca\/International\/wp-json\/wp\/v2\/posts\/191701\/revisions"}],"wp:attachment":[{"href":"https:\/\/linitiative.ca\/International\/wp-json\/wp\/v2\/media?parent=191701"}],"wp:term":[{"taxonomy":"category","embeddable":true,"href":"https:\/\/linitiative.ca\/International\/wp-json\/wp\/v2\/categories?post=191701"},{"taxonomy":"post_tag","embeddable":true,"href":"https:\/\/linitiative.ca\/International\/wp-json\/wp\/v2\/tags?post=191701"}],"curies":[{"name":"wp","href":"https:\/\/api.w.org\/{rel}","templated":true}]}}