{"id":191702,"date":"2026-09-04T11:02:59","date_gmt":"2026-09-04T15:02:59","guid":{"rendered":"https:\/\/linitiative.ca\/International\/cameroun-55-milliards-fcfa-pour-financer-1-000-jeunes-entrepreneurs-via-le-projet-filets-sociaux\/"},"modified":"2026-09-04T11:02:59","modified_gmt":"2026-09-04T15:02:59","slug":"cameroun-55-milliards-fcfa-pour-financer-1-000-jeunes-entrepreneurs-via-le-projet-filets-sociaux","status":"publish","type":"post","link":"https:\/\/linitiative.ca\/International\/cameroun-55-milliards-fcfa-pour-financer-1-000-jeunes-entrepreneurs-via-le-projet-filets-sociaux\/","title":{"rendered":"Cameroun : 5,5 milliards FCFA pour financer 1 000 jeunes entrepreneurs via le projet Filets sociaux"},"content":{"rendered":"<div>Le dispositif cible en priorit\u00e9 les entreprises des secteurs jug\u00e9s porteurs par la Strat\u00e9gie nationale de d\u00e9veloppement notamment la construction, le textile, le num\u00e9rique et l&rsquo;agro-industrie.<\/div>\n<p>Auteur: Danielle Noah<br \/>\n<a href=\"https:\/\/ecomatin.net\/cameroun-55-milliards-fcfa-pour-financer-1-000-jeunes-entrepreneurs-via-le-projet-filets-sociaux\">Cliquez ici pour lire l&rsquo;article depuis sa source.<\/a><\/p>\n","protected":false},"excerpt":{"rendered":"<p>Le dispositif cible en priorit\u00e9 les entreprises des secteurs jug\u00e9s porteurs par la Strat\u00e9gie nationale de d\u00e9veloppement notamment la construction, le textile, le num\u00e9rique et l&rsquo;agro-industrie. Auteur: Danielle Noah Cliquez ici pour lire l&rsquo;article depuis sa source.<\/p>\n","protected":false},"author":1969,"featured_media":0,"comment_status":"closed","ping_status":"closed","sticky":false,"template":"","format":"standard","meta":{"fifu_image_url":"","fifu_image_alt":"","footnotes":""},"categories":[82,78],"tags":[],"class_list":["post-191702","post","type-post","status-publish","format-standard","hentry","category-cameroun","category-economie"],"_links":{"self":[{"href":"https:\/\/linitiative.ca\/International\/wp-json\/wp\/v2\/posts\/191702","targetHints":{"allow":["GET"]}}],"collection":[{"href":"https:\/\/linitiative.ca\/International\/wp-json\/wp\/v2\/posts"}],"about":[{"href":"https:\/\/linitiative.ca\/International\/wp-json\/wp\/v2\/types\/post"}],"author":[{"embeddable":true,"href":"https:\/\/linitiative.ca\/International\/wp-json\/wp\/v2\/users\/1969"}],"replies":[{"embeddable":true,"href":"https:\/\/linitiative.ca\/International\/wp-json\/wp\/v2\/comments?post=191702"}],"version-history":[{"count":0,"href":"https:\/\/linitiative.ca\/International\/wp-json\/wp\/v2\/posts\/191702\/revisions"}],"wp:attachment":[{"href":"https:\/\/linitiative.ca\/International\/wp-json\/wp\/v2\/media?parent=191702"}],"wp:term":[{"taxonomy":"category","embeddable":true,"href":"https:\/\/linitiative.ca\/International\/wp-json\/wp\/v2\/categories?post=191702"},{"taxonomy":"post_tag","embeddable":true,"href":"https:\/\/linitiative.ca\/International\/wp-json\/wp\/v2\/tags?post=191702"}],"curies":[{"name":"wp","href":"https:\/\/api.w.org\/{rel}","templated":true}]}}