{"id":191706,"date":"2026-09-04T12:55:28","date_gmt":"2026-09-04T16:55:28","guid":{"rendered":"https:\/\/linitiative.ca\/International\/le-cameroun-perd-une-premiere-bataille-judiciaire-contre-trafigura-dans-le-litige-sur-la-qualite-du-carburant\/"},"modified":"2026-09-04T12:55:28","modified_gmt":"2026-09-04T16:55:28","slug":"le-cameroun-perd-une-premiere-bataille-judiciaire-contre-trafigura-dans-le-litige-sur-la-qualite-du-carburant","status":"publish","type":"post","link":"https:\/\/linitiative.ca\/International\/le-cameroun-perd-une-premiere-bataille-judiciaire-contre-trafigura-dans-le-litige-sur-la-qualite-du-carburant\/","title":{"rendered":"Le Cameroun perd une premi\u00e8re bataille judiciaire contre Trafigura dans le litige sur la qualit\u00e9 du carburant"},"content":{"rendered":"<div>Une cargaison de 20 000 tonnes d\u2019essence dont la qualit\u00e9 est contest\u00e9e par la Sonara est au c\u0153ur d\u2019un bras de fer judiciaire avec le n\u00e9gociant suisse Trafigura. BGFIBank Cameroun et Afreximbank se retrouvent \u00e9galement m\u00eal\u00e9es \u00e0 cette affaire qui se joue d\u00e9sormais \u00e0 Londres.<\/div>\n<p>Auteur: Albert AMOUGOU<br \/>\n<a href=\"https:\/\/ecomatin.net\/le-cameroun-perd-une-premiere-bataille-judiciaire-contre-trafigura-dans-le-litige-sur-la-qualite-du-carburant\">Cliquez ici pour lire l&rsquo;article depuis sa source.<\/a><\/p>\n","protected":false},"excerpt":{"rendered":"<p>Une cargaison de 20 000 tonnes d\u2019essence dont la qualit\u00e9 est contest\u00e9e par la Sonara est au c\u0153ur d\u2019un bras de fer judiciaire avec le n\u00e9gociant suisse Trafigura. BGFIBank Cameroun et Afreximbank se retrouvent \u00e9galement m\u00eal\u00e9es \u00e0 cette affaire qui se joue d\u00e9sormais \u00e0 Londres. Auteur: Albert AMOUGOU Cliquez ici pour lire l&rsquo;article depuis sa [&hellip;]<\/p>\n","protected":false},"author":1969,"featured_media":0,"comment_status":"closed","ping_status":"closed","sticky":false,"template":"","format":"standard","meta":{"fifu_image_url":"","fifu_image_alt":"","footnotes":""},"categories":[82,78],"tags":[],"class_list":["post-191706","post","type-post","status-publish","format-standard","hentry","category-cameroun","category-economie"],"_links":{"self":[{"href":"https:\/\/linitiative.ca\/International\/wp-json\/wp\/v2\/posts\/191706","targetHints":{"allow":["GET"]}}],"collection":[{"href":"https:\/\/linitiative.ca\/International\/wp-json\/wp\/v2\/posts"}],"about":[{"href":"https:\/\/linitiative.ca\/International\/wp-json\/wp\/v2\/types\/post"}],"author":[{"embeddable":true,"href":"https:\/\/linitiative.ca\/International\/wp-json\/wp\/v2\/users\/1969"}],"replies":[{"embeddable":true,"href":"https:\/\/linitiative.ca\/International\/wp-json\/wp\/v2\/comments?post=191706"}],"version-history":[{"count":0,"href":"https:\/\/linitiative.ca\/International\/wp-json\/wp\/v2\/posts\/191706\/revisions"}],"wp:attachment":[{"href":"https:\/\/linitiative.ca\/International\/wp-json\/wp\/v2\/media?parent=191706"}],"wp:term":[{"taxonomy":"category","embeddable":true,"href":"https:\/\/linitiative.ca\/International\/wp-json\/wp\/v2\/categories?post=191706"},{"taxonomy":"post_tag","embeddable":true,"href":"https:\/\/linitiative.ca\/International\/wp-json\/wp\/v2\/tags?post=191706"}],"curies":[{"name":"wp","href":"https:\/\/api.w.org\/{rel}","templated":true}]}}