{"id":191707,"date":"2026-09-05T13:00:41","date_gmt":"2026-09-05T17:00:41","guid":{"rendered":"https:\/\/linitiative.ca\/International\/ils-ont-rendu-lete-encore-plus-show-album-photos\/"},"modified":"2026-09-05T13:00:41","modified_gmt":"2026-09-05T17:00:41","slug":"ils-ont-rendu-lete-encore-plus-show-album-photos","status":"publish","type":"post","link":"https:\/\/linitiative.ca\/International\/ils-ont-rendu-lete-encore-plus-show-album-photos\/","title":{"rendered":"Ils ont rendu l\u2019\u00e9t\u00e9 encore plus  \u201cshow\u201d (Album photos)"},"content":{"rendered":"<p>Ils ont vibr\u00e9, ils ont chant\u00e9, ils ont dans\u00e9 ! Ni la chaleur caniculaire, ni les longues files d\u2019attente, ni les prix d\u2019entr\u00e9e \u00e9lev\u00e9s n\u2019ont dissuad\u00e9 \u00e0 chaque fois des milliers de festivaliers de \u00abvivre\u00bb intens\u00e9ment les festivals d\u2019\u00e9t\u00e9. Tunisiens et visiteurs sont en plein dans la f\u00eate. Le rituel se perp\u00e9tue.<img decoding=\"async\" src=\"\/uploads\/FCK_files\/Artiste.jpg\" width=\"100%\" vspace=\"5\" hspace=\"5\" align=\"middle\" alt=\"\"\/>L\u2019\u00e9t\u00e9 2026 a \u00e9t\u00e9 marqu\u00e9 par de grandes soir\u00e9es inoubliables. Saber Rebai en a donn\u00e9 le ton, invitant avec lui \u00e0 Carthage Lotfi Bouchnak et Cheb Khaled. Ce fut un carton plein. Sur le m\u00eame \u00e9lan, leurs soir\u00e9es individuelles conna\u00eetront le m\u00eame succ\u00e8s. Amina Fakhet, Soufia Sadok, Nabiha Karouali, Elissa ou Majda Roumi feront revivre des moments intenses. De nombreuses autres vedettes de la chanson, Adam, Salif Ke\u00efta, et Echami notamment, seront de cette m\u00e9gaf\u00eate.<\/p>\n<p>\u00a0<br \/>\nAuteur:<br \/>\n<a href=\"https:\/\/www.leaders.com.tn\/article\/38418-ils-ont-rendu-l-ete-encore-plus-show\">Cliquez ici pour lire l&rsquo;article depuis sa source.<\/a><\/p>\n","protected":false},"excerpt":{"rendered":"<p>Ils ont vibr\u00e9, ils ont chant\u00e9, ils ont dans\u00e9 ! Ni la chaleur caniculaire, ni les longues files d\u2019attente, ni les prix d\u2019entr\u00e9e \u00e9lev\u00e9s n\u2019ont dissuad\u00e9 \u00e0 chaque fois des milliers de festivaliers de \u00abvivre\u00bb intens\u00e9ment les festivals d\u2019\u00e9t\u00e9. Tunisiens et visiteurs sont en plein dans la f\u00eate. Le rituel se perp\u00e9tue.L\u2019\u00e9t\u00e9 2026 a \u00e9t\u00e9 [&hellip;]<\/p>\n","protected":false},"author":1772,"featured_media":191708,"comment_status":"closed","ping_status":"closed","sticky":false,"template":"","format":"standard","meta":{"fifu_image_url":"https:\/\/www.leaders.com.tn\/uploads\/content\/thumbnails\/178853041172_content.jpg","fifu_image_alt":"Ils ont rendu l\u2019\u00e9t\u00e9 encore plus \u201cshow\u201d (Album photos)","footnotes":""},"categories":[73,55],"tags":[],"class_list":["post-191707","post","type-post","status-publish","format-standard","has-post-thumbnail","hentry","category-actualite","category-tunisie"],"_links":{"self":[{"href":"https:\/\/linitiative.ca\/International\/wp-json\/wp\/v2\/posts\/191707","targetHints":{"allow":["GET"]}}],"collection":[{"href":"https:\/\/linitiative.ca\/International\/wp-json\/wp\/v2\/posts"}],"about":[{"href":"https:\/\/linitiative.ca\/International\/wp-json\/wp\/v2\/types\/post"}],"author":[{"embeddable":true,"href":"https:\/\/linitiative.ca\/International\/wp-json\/wp\/v2\/users\/1772"}],"replies":[{"embeddable":true,"href":"https:\/\/linitiative.ca\/International\/wp-json\/wp\/v2\/comments?post=191707"}],"version-history":[{"count":0,"href":"https:\/\/linitiative.ca\/International\/wp-json\/wp\/v2\/posts\/191707\/revisions"}],"wp:featuredmedia":[{"embeddable":true,"href":"https:\/\/linitiative.ca\/International\/wp-json\/wp\/v2\/media\/191708"}],"wp:attachment":[{"href":"https:\/\/linitiative.ca\/International\/wp-json\/wp\/v2\/media?parent=191707"}],"wp:term":[{"taxonomy":"category","embeddable":true,"href":"https:\/\/linitiative.ca\/International\/wp-json\/wp\/v2\/categories?post=191707"},{"taxonomy":"post_tag","embeddable":true,"href":"https:\/\/linitiative.ca\/International\/wp-json\/wp\/v2\/tags?post=191707"}],"curies":[{"name":"wp","href":"https:\/\/api.w.org\/{rel}","templated":true}]}}