{"id":191709,"date":"2026-09-05T13:00:49","date_gmt":"2026-09-05T17:00:49","guid":{"rendered":"https:\/\/linitiative.ca\/International\/la-peche-a-la-canne-un-art-de-vivre-entre-patience-poesie-et-respect-de-la-nature\/"},"modified":"2026-09-05T13:00:49","modified_gmt":"2026-09-05T17:00:49","slug":"la-peche-a-la-canne-un-art-de-vivre-entre-patience-poesie-et-respect-de-la-nature","status":"publish","type":"post","link":"https:\/\/linitiative.ca\/International\/la-peche-a-la-canne-un-art-de-vivre-entre-patience-poesie-et-respect-de-la-nature\/","title":{"rendered":"La p\u00eache \u00e0 la canne: Un art de vivre entre patience, po\u00e9sie et respect de la nature"},"content":{"rendered":"<p>Septembre, le mois o\u00f9 la mer retrouve sa voix \u00bb pr\u00e9sente la p\u00eache \u00e0 la canne comme bien plus qu\u2019une activit\u00e9 : un art de vivre fond\u00e9 sur la patience, l\u2019observation et le respect de la nature.<\/p>\n<p>En septembre, la M\u00e9diterran\u00e9e retrouve son calme apr\u00e8s l\u2019agitation estivale. Le changement de temp\u00e9rature et les premiers vents d\u2019automne favorisent l\u2019activit\u00e9 de nombreuses esp\u00e8ces marines, tandis que les p\u00eacheurs apprennent \u00e0 \u00ablire\u00bb les signes de la mer : courants, mouvements de l\u2019eau, oiseaux et variations de lumi\u00e8re.<\/p>\n<p>La p\u00eache \u00e0 la canne invite surtout \u00e0 ralentir et \u00e0 renouer avec la contemplation. Cette pratique ancestrale, profond\u00e9ment enracin\u00e9e dans l\u2019histoire m\u00e9diterran\u00e9enne et particuli\u00e8rement vivante sur les c\u00f4tes tunisiennes, perp\u00e9tue un lien pr\u00e9cieux entre l\u2019homme et la mer.<\/p>\n<p>Face aux menaces du changement climatique, de la pollution et de la surexploitation, le texte souligne l\u2019importance d\u2019une p\u00eache responsable, respectueuse des p\u00e9riodes de reproduction, des tailles de capture et des habitats marins.<\/p>\n<p>Ainsi, septembre appara\u00eet comme une saison privil\u00e9gi\u00e9e pour retrouver le silence, la s\u00e9r\u00e9nit\u00e9 et l\u2019harmonie avec la nature. Le v\u00e9ritable troph\u00e9e du p\u00eacheur n\u2019est pas n\u00e9cessairement le poisson captur\u00e9, mais l\u2019exp\u00e9rience v\u00e9cue : la patience, l\u2019\u00e9coute de la mer et la paix int\u00e9rieure.<br \/>\u00a0<\/p>\n<p>Auteur:<br \/>\n<a href=\"https:\/\/www.leaders.com.tn\/article\/38419-la-peche-a-la-canne-un-art-de-vivre-entre-patience-poesie-et-respect-de-la-nature\">Cliquez ici pour lire l&rsquo;article depuis sa source.<\/a><\/p>\n","protected":false},"excerpt":{"rendered":"<p>Septembre, le mois o\u00f9 la mer retrouve sa voix \u00bb pr\u00e9sente la p\u00eache \u00e0 la canne comme bien plus qu\u2019une activit\u00e9 : un art de vivre fond\u00e9 sur la patience, l\u2019observation et le respect de la nature. En septembre, la M\u00e9diterran\u00e9e retrouve son calme apr\u00e8s l\u2019agitation estivale. Le changement de temp\u00e9rature et les premiers vents [&hellip;]<\/p>\n","protected":false},"author":1772,"featured_media":191710,"comment_status":"closed","ping_status":"closed","sticky":false,"template":"","format":"standard","meta":{"fifu_image_url":"https:\/\/www.leaders.com.tn\/uploads\/content\/thumbnails\/17885280746_content.jpg","fifu_image_alt":"La p\u00eache \u00e0 la canne: Un art de vivre entre patience, po\u00e9sie et respect de la nature","footnotes":""},"categories":[73,55],"tags":[],"class_list":["post-191709","post","type-post","status-publish","format-standard","has-post-thumbnail","hentry","category-actualite","category-tunisie"],"_links":{"self":[{"href":"https:\/\/linitiative.ca\/International\/wp-json\/wp\/v2\/posts\/191709","targetHints":{"allow":["GET"]}}],"collection":[{"href":"https:\/\/linitiative.ca\/International\/wp-json\/wp\/v2\/posts"}],"about":[{"href":"https:\/\/linitiative.ca\/International\/wp-json\/wp\/v2\/types\/post"}],"author":[{"embeddable":true,"href":"https:\/\/linitiative.ca\/International\/wp-json\/wp\/v2\/users\/1772"}],"replies":[{"embeddable":true,"href":"https:\/\/linitiative.ca\/International\/wp-json\/wp\/v2\/comments?post=191709"}],"version-history":[{"count":0,"href":"https:\/\/linitiative.ca\/International\/wp-json\/wp\/v2\/posts\/191709\/revisions"}],"wp:featuredmedia":[{"embeddable":true,"href":"https:\/\/linitiative.ca\/International\/wp-json\/wp\/v2\/media\/191710"}],"wp:attachment":[{"href":"https:\/\/linitiative.ca\/International\/wp-json\/wp\/v2\/media?parent=191709"}],"wp:term":[{"taxonomy":"category","embeddable":true,"href":"https:\/\/linitiative.ca\/International\/wp-json\/wp\/v2\/categories?post=191709"},{"taxonomy":"post_tag","embeddable":true,"href":"https:\/\/linitiative.ca\/International\/wp-json\/wp\/v2\/tags?post=191709"}],"curies":[{"name":"wp","href":"https:\/\/api.w.org\/{rel}","templated":true}]}}