{"id":191715,"date":"2026-09-05T11:00:00","date_gmt":"2026-09-05T15:00:00","guid":{"rendered":"https:\/\/linitiative.ca\/International\/philippines-visee-par-un-mandat-darret-la-vice-presidente-duterte-a-paye-sa-caution\/"},"modified":"2026-09-05T11:00:00","modified_gmt":"2026-09-05T15:00:00","slug":"philippines-visee-par-un-mandat-darret-la-vice-presidente-duterte-a-paye-sa-caution","status":"publish","type":"post","link":"https:\/\/linitiative.ca\/International\/philippines-visee-par-un-mandat-darret-la-vice-presidente-duterte-a-paye-sa-caution\/","title":{"rendered":"Philippines : vis\u00e9e par un mandat d\u2019arr\u00eat, la vice-pr\u00e9sidente Duterte a pay\u00e9 sa caution"},"content":{"rendered":"<div class=\"post-cont-out\">\n<div class=\"post-cont-in no-margin\">\n<div id=\"content-main\" class=\"left relative\">\n<div class=\"simplesocialbuttons simplesocial-round-btm-border simplesocialbuttons_inline simplesocialbuttons-align-left post-1138496 post simplesocialbuttons-inline-no-animation\"><button class=\"simplesocial-fb-share\" rel=\"nofollow\" target=\"_blank\" aria-label=\"Facebook Share\" data-href=\"https:\/\/www.facebook.com\/sharer\/sharer.php?u=https:\/\/www.tunisienumerique.com\/philippines-visee-par-un-mandat-darret-la-vice-presidente-duterte-a-paye-sa-caution\/\" onclick=\"javascript:window.open(this.dataset.href, '', 'menubar=no,toolbar=no,resizable=yes,scrollbars=yes,height=600,width=600');return false;\"><span class=\"simplesocialtxt\">Facebook<\/span><\/button> <button class=\"simplesocial-twt-share\" rel=\"nofollow\" target=\"_blank\" aria-label=\"Twitter Share\" data-href=\"https:\/\/twitter.com\/intent\/tweet?text=Philippines+%3A+vis%C3%A9e+par+un+mandat+d%E2%80%99arr%C3%AAt%2C+la+vice-pr%C3%A9sidente+Duterte+a+pay%C3%A9+sa+caution&amp;url=https:\/\/www.tunisienumerique.com\/philippines-visee-par-un-mandat-darret-la-vice-presidente-duterte-a-paye-sa-caution\/\" onclick=\"javascript:window.open(this.dataset.href, '', 'menubar=no,toolbar=no,resizable=yes,scrollbars=yes,height=600,width=600');return false;\"><span class=\"simplesocialtxt\">Twitter<\/span><\/button> <button rel=\"nofollow\" target=\"_blank\" class=\"simplesocial-linkedin-share\" aria-label=\"LinkedIn Share\" data-href=\"https:\/\/www.linkedin.com\/sharing\/share-offsite\/?url=https:\/\/www.tunisienumerique.com\/philippines-visee-par-un-mandat-darret-la-vice-presidente-duterte-a-paye-sa-caution\/\" onclick=\"javascript:window.open(this.dataset.href, '', 'menubar=no,toolbar=no,resizable=yes,scrollbars=yes,height=600,width=600');return false;\"><span class=\"simplesocialtxt\">LinkedIn<\/span><\/button> <button onclick=\"javascript:window.open(this.dataset.href, '_blank' );return false;\" class=\"simplesocial-whatsapp-share\" rel=\"nofollow\" target=\"_blank\" aria-label=\"WhatsApp Share\" data-href=\"https:\/\/api.whatsapp.com\/send?text=https:\/\/www.tunisienumerique.com\/philippines-visee-par-un-mandat-darret-la-vice-presidente-duterte-a-paye-sa-caution\/\"><span class=\"simplesocialtxt\">WhatsApp<\/span><\/button><\/p>\n<\/div>\n<p><button class=\"simplefavorite-button\" data-postid=\"1138496\" data-siteid=\"1\" data-groupid=\"1\" data-favoritecount=\"0\"> Lire plus tard<\/button><\/p>\n<p>\u00c0 cause des menaces de mort contre le pr\u00e9sident Ferdinand Marcos, son \u00e9pouse et un ancien d\u00e9put\u00e9, la vice-pr\u00e9sidente philippine Sara Duterte a vers\u00e9 sa caution samedi dans un tribunal de Manille, au lendemain de la d\u00e9livrance d\u2019un mandat d\u2019arr\u00eat \u00e0 son encontre.<\/p>\n<p>\u00c2g\u00e9e de 48 ans, elle a \u00e9t\u00e9 inculp\u00e9e le mois dernier pour \u00ab\u00a0menaces graves\u00a0\u00bb, apr\u00e8s avoir affirm\u00e9 lors d\u2019une conf\u00e9rence de presse avoir engag\u00e9 un tueur \u00e0 gages pour assassiner le pr\u00e9sident, son \u00e9pouse et son cousin, l\u2019ancien d\u00e9put\u00e9 Paolo Duterte, si elle-m\u00eame venait \u00e0 \u00eatre tu\u00e9e.<\/p>\n<p>Elle a ensuite d\u00e9clar\u00e9 que ses propos avaient \u00e9t\u00e9 mal interpr\u00e9t\u00e9s.<\/p>\n<p>Cette menace pr\u00e9sum\u00e9e constitue \u00e9galement un \u00e9l\u00e9ment central du proc\u00e8s en destitution de la vice-pr\u00e9sidente devant le S\u00e9nat. Outre sa destitution, une condamnation entra\u00eenerait son interdiction d\u00e9finitive d\u2019exercer une fonction politique.<\/p>\n<p>Elle a expliqu\u00e9 avoir pay\u00e9 sur conseil de ses avocats: \u00ab\u00a0Ils m\u2019ont expliqu\u00e9 que je serais mieux prot\u00e9g\u00e9e par des civils qui pourraient me surveiller, plut\u00f4t que d\u2019\u00eatre en d\u00e9tention o\u00f9 je serais isol\u00e9e et peu prot\u00e9g\u00e9e\u00a0\u00bb.<\/p>\n<p>Avant d\u2019entrer dans le tribunal, elle avait d\u00e9clar\u00e9 craindre pour sa vie, affirmant \u00eatre harcel\u00e9e par la police.<\/p>\n<p>\u00ab\u00a0Vont-ils me jeter en prison et, une nuit, je mourrai dans mon sommeil ?\u00a0\u00bb, a-t-elle interrog\u00e9.<\/p>\n<p>Elle encourt jusqu\u2019\u00e0 six mois d\u2019emprisonnement pour \u00ab\u00a0menaces graves\u00a0\u00bb.<\/p>\n<p>Son \u00e9quipe avait publi\u00e9 vendredi un communiqu\u00e9 indiquant qu\u2019elle n\u2019avait \u00ab\u00a0aucune intention de se soustraire \u00e0 la loi\u00a0\u00bb et qu\u2019elle exercerait \u00ab\u00a0tous ses recours\u00a0\u00bb.<\/p>\n<div class=\"simplesocialbuttons simplesocial-round-btm-border simplesocialbuttons_inline simplesocialbuttons-align-left post-1138496 post simplesocialbuttons-inline-no-animation\"><button class=\"simplesocial-fb-share\" rel=\"nofollow\" target=\"_blank\" aria-label=\"Facebook Share\" data-href=\"https:\/\/www.facebook.com\/sharer\/sharer.php?u=https:\/\/www.tunisienumerique.com\/philippines-visee-par-un-mandat-darret-la-vice-presidente-duterte-a-paye-sa-caution\/\" onclick=\"javascript:window.open(this.dataset.href, '', 'menubar=no,toolbar=no,resizable=yes,scrollbars=yes,height=600,width=600');return false;\"><span class=\"simplesocialtxt\">Facebook<\/span><\/button> <button class=\"simplesocial-twt-share\" rel=\"nofollow\" target=\"_blank\" aria-label=\"Twitter Share\" data-href=\"https:\/\/twitter.com\/intent\/tweet?text=Philippines+%3A+vis%C3%A9e+par+un+mandat+d%E2%80%99arr%C3%AAt%2C+la+vice-pr%C3%A9sidente+Duterte+a+pay%C3%A9+sa+caution&amp;url=https:\/\/www.tunisienumerique.com\/philippines-visee-par-un-mandat-darret-la-vice-presidente-duterte-a-paye-sa-caution\/\" onclick=\"javascript:window.open(this.dataset.href, '', 'menubar=no,toolbar=no,resizable=yes,scrollbars=yes,height=600,width=600');return false;\"><span class=\"simplesocialtxt\">Twitter<\/span><\/button> <button rel=\"nofollow\" target=\"_blank\" class=\"simplesocial-linkedin-share\" aria-label=\"LinkedIn Share\" data-href=\"https:\/\/www.linkedin.com\/sharing\/share-offsite\/?url=https:\/\/www.tunisienumerique.com\/philippines-visee-par-un-mandat-darret-la-vice-presidente-duterte-a-paye-sa-caution\/\" onclick=\"javascript:window.open(this.dataset.href, '', 'menubar=no,toolbar=no,resizable=yes,scrollbars=yes,height=600,width=600');return false;\"><span class=\"simplesocialtxt\">LinkedIn<\/span><\/button> <button onclick=\"javascript:window.open(this.dataset.href, '_blank' );return false;\" class=\"simplesocial-whatsapp-share\" rel=\"nofollow\" target=\"_blank\" aria-label=\"WhatsApp Share\" data-href=\"https:\/\/api.whatsapp.com\/send?text=https:\/\/www.tunisienumerique.com\/philippines-visee-par-un-mandat-darret-la-vice-presidente-duterte-a-paye-sa-caution\/\"><span class=\"simplesocialtxt\">WhatsApp<\/span><\/button><\/p>\n<\/div>\n<p><strong>Que se passe-t-il en Tunisie?<\/strong><br \/>Nous expliquons sur notre <a href=\"https:\/\/www.youtube.com\/channel\/UCRzypVq0B_yBad5eGrwBx0Q?sub_confirmation=1\" target=\"_blank\">cha\u00eene YouTube<\/a> . <a href=\"https:\/\/www.youtube.com\/channel\/UCRzypVq0B_yBad5eGrwBx0Q?sub_confirmation=1\" target=\"_blank\">Abonnez-vous!<\/a><\/p>\n<div class=\"mvp-org-wrap\" itemprop=\"publisher\" itemscope=\"itemscope\" itemtype=\"https:\/\/schema.org\/Organization\">\n<div class=\"mvp-org-logo\" itemprop=\"logo\" itemscope=\"itemscope\" itemtype=\"https:\/\/schema.org\/ImageObject\"><img loading=\"lazy\" decoding=\"async\" width=\"290\" height=\"78\" src=\"https:\/\/www.tunisienumerique.com\/wp-content\/uploads\/2024\/03\/Logo-Tn1-1-3.png\"\/><br \/>\n<meta itemprop=\"url\" content=\"https:\/\/www.tunisienumerique.com\/wp-content\/uploads\/2024\/03\/Logo-Tn1-1-3.png\"\/><\/div>\n<p><meta itemprop=\"name\" content=\"Tunisie Numerique\"\/><\/div>\n<div class=\"post-tags\"><span class=\"post-tags-header\">SUJETS CONNEXES:<\/span><\/div>\n<div id=\"article-ad\">\n  <ins class=\"adsbygoogle\" data-ad-client=\"ca-pub-2102118777505746\" data-ad-slot=\"6168283410\" data-ad-format=\"auto\" data-full-width-responsive=\"true\"\/>\n<\/div>\n<\/div>\n<\/div>\n<\/div>\n<p>Auteur: saber boubaker<br \/>\n<a href=\"https:\/\/www.tunisienumerique.com\/philippines-visee-par-un-mandat-darret-la-vice-presidente-duterte-a-paye-sa-caution\/\">Cliquez ici pour lire l&rsquo;article depuis sa source.<\/a><\/p>\n","protected":false},"excerpt":{"rendered":"<p>Facebook Twitter LinkedIn WhatsApp Lire plus tard \u00c0 cause des menaces de mort contre le pr\u00e9sident Ferdinand Marcos, son \u00e9pouse et un ancien d\u00e9put\u00e9, la vice-pr\u00e9sidente philippine Sara Duterte a vers\u00e9 sa caution samedi dans un tribunal de Manille, au lendemain de la d\u00e9livrance d\u2019un mandat d\u2019arr\u00eat \u00e0 son encontre. \u00c2g\u00e9e de 48 ans, elle [&hellip;]<\/p>\n","protected":false},"author":1789,"featured_media":191716,"comment_status":"closed","ping_status":"closed","sticky":false,"template":"","format":"standard","meta":{"fifu_image_url":"https:\/\/www.tunisienumerique.com\/wp-content\/uploads\/2026\/09\/c46044c8fac9f07d500015aa7b46a3d98fe9ef4c.jpg","fifu_image_alt":"Philippines : vis\u00e9e par un mandat d\u2019arr\u00eat, la vice-pr\u00e9sidente Duterte a pay\u00e9 sa caution","footnotes":""},"categories":[73,55],"tags":[],"class_list":["post-191715","post","type-post","status-publish","format-standard","has-post-thumbnail","hentry","category-actualite","category-tunisie"],"_links":{"self":[{"href":"https:\/\/linitiative.ca\/International\/wp-json\/wp\/v2\/posts\/191715","targetHints":{"allow":["GET"]}}],"collection":[{"href":"https:\/\/linitiative.ca\/International\/wp-json\/wp\/v2\/posts"}],"about":[{"href":"https:\/\/linitiative.ca\/International\/wp-json\/wp\/v2\/types\/post"}],"author":[{"embeddable":true,"href":"https:\/\/linitiative.ca\/International\/wp-json\/wp\/v2\/users\/1789"}],"replies":[{"embeddable":true,"href":"https:\/\/linitiative.ca\/International\/wp-json\/wp\/v2\/comments?post=191715"}],"version-history":[{"count":0,"href":"https:\/\/linitiative.ca\/International\/wp-json\/wp\/v2\/posts\/191715\/revisions"}],"wp:featuredmedia":[{"embeddable":true,"href":"https:\/\/linitiative.ca\/International\/wp-json\/wp\/v2\/media\/191716"}],"wp:attachment":[{"href":"https:\/\/linitiative.ca\/International\/wp-json\/wp\/v2\/media?parent=191715"}],"wp:term":[{"taxonomy":"category","embeddable":true,"href":"https:\/\/linitiative.ca\/International\/wp-json\/wp\/v2\/categories?post=191715"},{"taxonomy":"post_tag","embeddable":true,"href":"https:\/\/linitiative.ca\/International\/wp-json\/wp\/v2\/tags?post=191715"}],"curies":[{"name":"wp","href":"https:\/\/api.w.org\/{rel}","templated":true}]}}