{"id":191719,"date":"2026-09-05T12:00:00","date_gmt":"2026-09-05T16:00:00","guid":{"rendered":"https:\/\/linitiative.ca\/International\/real-madrid-les-poursuites-contre-raul-asencio-abandonnees\/"},"modified":"2026-09-05T12:00:00","modified_gmt":"2026-09-05T16:00:00","slug":"real-madrid-les-poursuites-contre-raul-asencio-abandonnees","status":"publish","type":"post","link":"https:\/\/linitiative.ca\/International\/real-madrid-les-poursuites-contre-raul-asencio-abandonnees\/","title":{"rendered":"Real Madrid : les poursuites contre Ra\u00fal Asencio abandonn\u00e9es"},"content":{"rendered":"<div class=\"post-cont-out\">\n<div class=\"post-cont-in no-margin\">\n<div id=\"content-main\" class=\"left relative\">\n<div class=\"simplesocialbuttons simplesocial-round-btm-border simplesocialbuttons_inline simplesocialbuttons-align-left post-1138473 post simplesocialbuttons-inline-no-animation\"><button class=\"simplesocial-fb-share\" rel=\"nofollow\" target=\"_blank\" aria-label=\"Facebook Share\" data-href=\"https:\/\/www.facebook.com\/sharer\/sharer.php?u=https:\/\/www.tunisienumerique.com\/real-madrid-les-poursuites-contre-raul-asencio-abandonnees\/\" onclick=\"javascript:window.open(this.dataset.href, '', 'menubar=no,toolbar=no,resizable=yes,scrollbars=yes,height=600,width=600');return false;\"><span class=\"simplesocialtxt\">Facebook<\/span><\/button> <button class=\"simplesocial-twt-share\" rel=\"nofollow\" target=\"_blank\" aria-label=\"Twitter Share\" data-href=\"https:\/\/twitter.com\/intent\/tweet?text=Real+Madrid+%3A+les+poursuites+contre+Ra%C3%BAl+Asencio+abandonn%C3%A9es&amp;url=https:\/\/www.tunisienumerique.com\/real-madrid-les-poursuites-contre-raul-asencio-abandonnees\/\" onclick=\"javascript:window.open(this.dataset.href, '', 'menubar=no,toolbar=no,resizable=yes,scrollbars=yes,height=600,width=600');return false;\"><span class=\"simplesocialtxt\">Twitter<\/span><\/button> <button rel=\"nofollow\" target=\"_blank\" class=\"simplesocial-linkedin-share\" aria-label=\"LinkedIn Share\" data-href=\"https:\/\/www.linkedin.com\/sharing\/share-offsite\/?url=https:\/\/www.tunisienumerique.com\/real-madrid-les-poursuites-contre-raul-asencio-abandonnees\/\" onclick=\"javascript:window.open(this.dataset.href, '', 'menubar=no,toolbar=no,resizable=yes,scrollbars=yes,height=600,width=600');return false;\"><span class=\"simplesocialtxt\">LinkedIn<\/span><\/button> <button onclick=\"javascript:window.open(this.dataset.href, '_blank' );return false;\" class=\"simplesocial-whatsapp-share\" rel=\"nofollow\" target=\"_blank\" aria-label=\"WhatsApp Share\" data-href=\"https:\/\/api.whatsapp.com\/send?text=https:\/\/www.tunisienumerique.com\/real-madrid-les-poursuites-contre-raul-asencio-abandonnees\/\"><span class=\"simplesocialtxt\">WhatsApp<\/span><\/button><\/p>\n<\/div>\n<p><button class=\"simplefavorite-button\" data-postid=\"1138473\" data-siteid=\"1\" data-groupid=\"1\" data-favoritecount=\"0\"> Lire plus tard<\/button><\/p>\n<p>Enfin, Ra\u00fal Asencio n\u2019est plus poursuivi dans l\u2019affaire de la vid\u00e9o intime, quelques jours apr\u00e8s sa condamnation pour conduite en \u00e9tat d\u2019ivresse.<\/p>\n<p>Ra\u00fal Asencio a obtenu ce jeudi une d\u00e9cision judiciaire favorable. Selon AS, le parquet a retir\u00e9 l\u2019accusation de divulgation de secrets qui visait le d\u00e9fenseur du Real Madrid.<\/p>\n<p>Les deux femmes concern\u00e9es, mineures au moment d\u2019une partie des faits, ont accord\u00e9 leur pardon aux quatre personnes ayant partag\u00e9 les images.<\/p>\n<p>Cette d\u00e9cision met fin aux poursuites visant Asencio dans ce dossier. Ses anciens co\u00e9quipiers Ferr\u00e1n Ruiz, Juan Rodr\u00edguez et Andr\u00e9s Garc\u00eda restent toutefois accus\u00e9s de p\u00e9dopornographie, un chef qui ne concernait pas directement le Madril\u00e8ne. Le joueur demeure, par ailleurs, sous le coup de sa condamnation distincte pour conduite en \u00e9tat d\u2019ivresse.<\/p>\n<p>Dans le m\u00eame cadre, le Real Madrid avait ouvert une proc\u00e9dure disciplinaire apr\u00e8s la condamnation routi\u00e8re de son joueur.<\/p>\n<p>Contr\u00f4l\u00e9 avec 0,90 puis 0,88 mg d\u2019alcool par litre d\u2019air expir\u00e9, Asencio a \u00e9cop\u00e9 d\u2019une amende de 14 400 euros et d\u2019un retrait de permis de huit mois.<\/p>\n<p>Cette issue judiciaire lui apporte un soulagement important, sans effacer les r\u00e9serves exprim\u00e9es publiquement par Mourinho concernant son comportement hors des terrains.<\/p>\n<div class=\"simplesocialbuttons simplesocial-round-btm-border simplesocialbuttons_inline simplesocialbuttons-align-left post-1138473 post simplesocialbuttons-inline-no-animation\"><button class=\"simplesocial-fb-share\" rel=\"nofollow\" target=\"_blank\" aria-label=\"Facebook Share\" data-href=\"https:\/\/www.facebook.com\/sharer\/sharer.php?u=https:\/\/www.tunisienumerique.com\/real-madrid-les-poursuites-contre-raul-asencio-abandonnees\/\" onclick=\"javascript:window.open(this.dataset.href, '', 'menubar=no,toolbar=no,resizable=yes,scrollbars=yes,height=600,width=600');return false;\"><span class=\"simplesocialtxt\">Facebook<\/span><\/button> <button class=\"simplesocial-twt-share\" rel=\"nofollow\" target=\"_blank\" aria-label=\"Twitter Share\" data-href=\"https:\/\/twitter.com\/intent\/tweet?text=Real+Madrid+%3A+les+poursuites+contre+Ra%C3%BAl+Asencio+abandonn%C3%A9es&amp;url=https:\/\/www.tunisienumerique.com\/real-madrid-les-poursuites-contre-raul-asencio-abandonnees\/\" onclick=\"javascript:window.open(this.dataset.href, '', 'menubar=no,toolbar=no,resizable=yes,scrollbars=yes,height=600,width=600');return false;\"><span class=\"simplesocialtxt\">Twitter<\/span><\/button> <button rel=\"nofollow\" target=\"_blank\" class=\"simplesocial-linkedin-share\" aria-label=\"LinkedIn Share\" data-href=\"https:\/\/www.linkedin.com\/sharing\/share-offsite\/?url=https:\/\/www.tunisienumerique.com\/real-madrid-les-poursuites-contre-raul-asencio-abandonnees\/\" onclick=\"javascript:window.open(this.dataset.href, '', 'menubar=no,toolbar=no,resizable=yes,scrollbars=yes,height=600,width=600');return false;\"><span class=\"simplesocialtxt\">LinkedIn<\/span><\/button> <button onclick=\"javascript:window.open(this.dataset.href, '_blank' );return false;\" class=\"simplesocial-whatsapp-share\" rel=\"nofollow\" target=\"_blank\" aria-label=\"WhatsApp Share\" data-href=\"https:\/\/api.whatsapp.com\/send?text=https:\/\/www.tunisienumerique.com\/real-madrid-les-poursuites-contre-raul-asencio-abandonnees\/\"><span class=\"simplesocialtxt\">WhatsApp<\/span><\/button><\/p>\n<\/div>\n<p><strong>Que se passe-t-il en Tunisie?<\/strong><br \/>Nous expliquons sur notre <a href=\"https:\/\/www.youtube.com\/channel\/UCRzypVq0B_yBad5eGrwBx0Q?sub_confirmation=1\" target=\"_blank\">cha\u00eene YouTube<\/a> . <a href=\"https:\/\/www.youtube.com\/channel\/UCRzypVq0B_yBad5eGrwBx0Q?sub_confirmation=1\" target=\"_blank\">Abonnez-vous!<\/a><\/p>\n<div class=\"mvp-org-wrap\" itemprop=\"publisher\" itemscope=\"itemscope\" itemtype=\"https:\/\/schema.org\/Organization\">\n<div class=\"mvp-org-logo\" itemprop=\"logo\" itemscope=\"itemscope\" itemtype=\"https:\/\/schema.org\/ImageObject\"><img loading=\"lazy\" decoding=\"async\" width=\"290\" height=\"78\" src=\"https:\/\/www.tunisienumerique.com\/wp-content\/uploads\/2024\/03\/Logo-Tn1-1-3.png\"\/><br \/>\n<meta itemprop=\"url\" content=\"https:\/\/www.tunisienumerique.com\/wp-content\/uploads\/2024\/03\/Logo-Tn1-1-3.png\"\/><\/div>\n<p><meta itemprop=\"name\" content=\"Tunisie Numerique\"\/><\/div>\n<div class=\"post-tags\"><span class=\"post-tags-header\">SUJETS CONNEXES:<\/span><\/div>\n<div id=\"article-ad\">\n  <ins class=\"adsbygoogle\" data-ad-client=\"ca-pub-2102118777505746\" data-ad-slot=\"6168283410\" data-ad-format=\"auto\" data-full-width-responsive=\"true\"\/>\n<\/div>\n<\/div>\n<\/div>\n<\/div>\n<p>Auteur: saber boubaker<br \/>\n<a href=\"https:\/\/www.tunisienumerique.com\/real-madrid-les-poursuites-contre-raul-asencio-abandonnees\/\">Cliquez ici pour lire l&rsquo;article depuis sa source.<\/a><\/p>\n","protected":false},"excerpt":{"rendered":"<p>Facebook Twitter LinkedIn WhatsApp Lire plus tard Enfin, Ra\u00fal Asencio n\u2019est plus poursuivi dans l\u2019affaire de la vid\u00e9o intime, quelques jours apr\u00e8s sa condamnation pour conduite en \u00e9tat d\u2019ivresse. Ra\u00fal Asencio a obtenu ce jeudi une d\u00e9cision judiciaire favorable. Selon AS, le parquet a retir\u00e9 l\u2019accusation de divulgation de secrets qui visait le d\u00e9fenseur du [&hellip;]<\/p>\n","protected":false},"author":1789,"featured_media":191720,"comment_status":"closed","ping_status":"closed","sticky":false,"template":"","format":"standard","meta":{"fifu_image_url":"https:\/\/www.tunisienumerique.com\/wp-content\/uploads\/2026\/04\/Real-Madrid-mobile-1.jpg","fifu_image_alt":"Real Madrid : les poursuites contre Ra\u00fal Asencio abandonn\u00e9es","footnotes":""},"categories":[73,55],"tags":[],"class_list":["post-191719","post","type-post","status-publish","format-standard","has-post-thumbnail","hentry","category-actualite","category-tunisie"],"_links":{"self":[{"href":"https:\/\/linitiative.ca\/International\/wp-json\/wp\/v2\/posts\/191719","targetHints":{"allow":["GET"]}}],"collection":[{"href":"https:\/\/linitiative.ca\/International\/wp-json\/wp\/v2\/posts"}],"about":[{"href":"https:\/\/linitiative.ca\/International\/wp-json\/wp\/v2\/types\/post"}],"author":[{"embeddable":true,"href":"https:\/\/linitiative.ca\/International\/wp-json\/wp\/v2\/users\/1789"}],"replies":[{"embeddable":true,"href":"https:\/\/linitiative.ca\/International\/wp-json\/wp\/v2\/comments?post=191719"}],"version-history":[{"count":0,"href":"https:\/\/linitiative.ca\/International\/wp-json\/wp\/v2\/posts\/191719\/revisions"}],"wp:featuredmedia":[{"embeddable":true,"href":"https:\/\/linitiative.ca\/International\/wp-json\/wp\/v2\/media\/191720"}],"wp:attachment":[{"href":"https:\/\/linitiative.ca\/International\/wp-json\/wp\/v2\/media?parent=191719"}],"wp:term":[{"taxonomy":"category","embeddable":true,"href":"https:\/\/linitiative.ca\/International\/wp-json\/wp\/v2\/categories?post=191719"},{"taxonomy":"post_tag","embeddable":true,"href":"https:\/\/linitiative.ca\/International\/wp-json\/wp\/v2\/tags?post=191719"}],"curies":[{"name":"wp","href":"https:\/\/api.w.org\/{rel}","templated":true}]}}