{"id":191731,"date":"2026-09-06T13:00:36","date_gmt":"2026-09-06T17:00:36","guid":{"rendered":"https:\/\/linitiative.ca\/International\/lavancee-technologique-au-coeur-du-70eme-anniversaire-de-la-garde-nationale\/"},"modified":"2026-09-06T13:00:36","modified_gmt":"2026-09-06T17:00:36","slug":"lavancee-technologique-au-coeur-du-70eme-anniversaire-de-la-garde-nationale","status":"publish","type":"post","link":"https:\/\/linitiative.ca\/International\/lavancee-technologique-au-coeur-du-70eme-anniversaire-de-la-garde-nationale\/","title":{"rendered":"L\u2019avanc\u00e9e technologique au c\u0153ur du 70\u00e8me anniversaire de la Garde nationale"},"content":{"rendered":"<p>C\u2019est une Garde nationale davantage technologique, num\u00e9rique et sp\u00e9cialis\u00e9e qu\u2019illustre la c\u00e9l\u00e9bration de son 70\u00e8me anniversaire. L\u2019exposition, inaugur\u00e9e vendredi 5 septembre \u00e0 la Cit\u00e9 de la Culture par le ministre de l\u2019Int\u00e9rieur, Khaled Nouri, comm\u00e9more une m\u00e9moire, marque une avanc\u00e9e significative et dessine une mutation r\u00e9solue. Parcourant les pavillons, entour\u00e9 du secr\u00e9taire d\u2019\u00c9tat charg\u00e9 de la S\u00fbret\u00e9 nationale, Sofiane Bessadok, du directeur g\u00e9n\u00e9ral Commandant de la Garde nationale et de hauts cadres du d\u00e9partement, le ministre a pris connaissance de l\u2019\u0153uvre accomplie durant les sept d\u00e9cennies \u00e9coul\u00e9es et de l\u2019engagement dans la modernisation et la ma\u00eetrise des technolgies.<\/p>\n<p>Un film documentaire intitul\u00e9 Seventy \u2018\u2019Lamana\u2019\u2019, r\u00e9alis\u00e9 par Maroua Ben Jemia, id\u00e9e originale et sc\u00e9nario de Walid Magerhi, est revenu sur un parcours d\u2019excellence au c\u0153ur de la s\u00e9curit\u00e9 et de l\u2019affirmation de l\u2019Etat, mettant en relief les nouvelles potentialit\u00e9s.<\/p>\n<p>Depuis sa cr\u00e9ation, par le d\u00e9cret beylical du 6 septembre 1956, quelques mois seulement apr\u00e8s l\u2019ind\u00e9pendance, la Garde nationale constitue l\u2019une des premi\u00e8res institutions s\u00e9curitaires de la Tunisie souveraine.\u00a0<br \/>L\u2019exposition pr\u00e9sente notamment les diff\u00e9rentes composantes de la Garde nationale : unit\u00e9s de s\u00e9curit\u00e9 publique, garde routi\u00e8re, unit\u00e9s frontali\u00e8res, unit\u00e9 a\u00e9rienne et unit\u00e9s sp\u00e9cialis\u00e9es. V\u00e9hicules, uniformes, \u00e9quipements et mat\u00e9riels op\u00e9rationnels permettent au public de mesurer la transformation des moyens mobilis\u00e9s depuis 1956. Un accent particulier a \u00e9t\u00e9 mis sur l\u2019\u00e9volution des missions. Aux fonctions traditionnelles s\u2019est renforc\u00e9e la lutte contre le terrorisme, la criminalit\u00e9 organis\u00e9e et la contrebande, ainsi que la surveillance des espaces maritimes et territoriaux.<\/p>\n<p>L\u2019utilisation de dispositifs faisant appel aux technologies contemporaines, notamment l\u2019hologramme et la r\u00e9alit\u00e9 virtuelle confirme une ma\u00eetrise des nouvelles technologies et une volont\u00e9 de partager cette c\u00e9l\u00e9bration avec un large public.\u00a0<br \/>La mise en valeur des comp\u00e9tences s\u2019est accompagn\u00e9 ed\u2019un moment de reconnaissance envers les g\u00e9n\u00e9rations de gardes nationaux qui ont pay\u00e9 de leur vie leur engagement.<br \/>\u00a0<\/p>\n<p>Auteur:<br \/>\n<a href=\"https:\/\/www.leaders.com.tn\/article\/38421-l-avancee-technologique-au-coeur-du-70eme-anniversaire-de-la-garde-nationale-album-photos\">Cliquez ici pour lire l&rsquo;article depuis sa source.<\/a><\/p>\n","protected":false},"excerpt":{"rendered":"<p>C\u2019est une Garde nationale davantage technologique, num\u00e9rique et sp\u00e9cialis\u00e9e qu\u2019illustre la c\u00e9l\u00e9bration de son 70\u00e8me anniversaire. L\u2019exposition, inaugur\u00e9e vendredi 5 septembre \u00e0 la Cit\u00e9 de la Culture par le ministre de l\u2019Int\u00e9rieur, Khaled Nouri, comm\u00e9more une m\u00e9moire, marque une avanc\u00e9e significative et dessine une mutation r\u00e9solue. Parcourant les pavillons, entour\u00e9 du secr\u00e9taire d\u2019\u00c9tat charg\u00e9 de [&hellip;]<\/p>\n","protected":false},"author":1772,"featured_media":191732,"comment_status":"closed","ping_status":"closed","sticky":false,"template":"","format":"standard","meta":{"fifu_image_url":"https:\/\/www.leaders.com.tn\/uploads\/content\/thumbnails\/178871104170_content.jpg","fifu_image_alt":"L\u2019avanc\u00e9e technologique au c\u0153ur du 70\u00e8me anniversaire de la Garde nationale","footnotes":""},"categories":[73,55],"tags":[],"class_list":["post-191731","post","type-post","status-publish","format-standard","has-post-thumbnail","hentry","category-actualite","category-tunisie"],"_links":{"self":[{"href":"https:\/\/linitiative.ca\/International\/wp-json\/wp\/v2\/posts\/191731","targetHints":{"allow":["GET"]}}],"collection":[{"href":"https:\/\/linitiative.ca\/International\/wp-json\/wp\/v2\/posts"}],"about":[{"href":"https:\/\/linitiative.ca\/International\/wp-json\/wp\/v2\/types\/post"}],"author":[{"embeddable":true,"href":"https:\/\/linitiative.ca\/International\/wp-json\/wp\/v2\/users\/1772"}],"replies":[{"embeddable":true,"href":"https:\/\/linitiative.ca\/International\/wp-json\/wp\/v2\/comments?post=191731"}],"version-history":[{"count":0,"href":"https:\/\/linitiative.ca\/International\/wp-json\/wp\/v2\/posts\/191731\/revisions"}],"wp:featuredmedia":[{"embeddable":true,"href":"https:\/\/linitiative.ca\/International\/wp-json\/wp\/v2\/media\/191732"}],"wp:attachment":[{"href":"https:\/\/linitiative.ca\/International\/wp-json\/wp\/v2\/media?parent=191731"}],"wp:term":[{"taxonomy":"category","embeddable":true,"href":"https:\/\/linitiative.ca\/International\/wp-json\/wp\/v2\/categories?post=191731"},{"taxonomy":"post_tag","embeddable":true,"href":"https:\/\/linitiative.ca\/International\/wp-json\/wp\/v2\/tags?post=191731"}],"curies":[{"name":"wp","href":"https:\/\/api.w.org\/{rel}","templated":true}]}}