{"id":191737,"date":"2026-09-06T08:04:42","date_gmt":"2026-09-06T12:04:42","guid":{"rendered":"https:\/\/linitiative.ca\/International\/iie-jeux-de-laes-ouagadougou-fin-prete-pour-accueillir-les-trois-nations-du-sahel\/"},"modified":"2026-09-06T08:04:42","modified_gmt":"2026-09-06T12:04:42","slug":"iie-jeux-de-laes-ouagadougou-fin-prete-pour-accueillir-les-trois-nations-du-sahel","status":"publish","type":"post","link":"https:\/\/linitiative.ca\/International\/iie-jeux-de-laes-ouagadougou-fin-prete-pour-accueillir-les-trois-nations-du-sahel\/","title":{"rendered":"IIe Jeux de l\u2019AES : Ouagadougou fin pr\u00eate pour accueillir les trois nations du Sahel"},"content":{"rendered":"<div class=\"td-post-featured-image\"><a href=\"https:\/\/www.sidwaya.info\/wp-content\/uploads\/2026\/09\/FB_IMG_1788693606121.jpg\" data-caption=\"\"><img loading=\"lazy\" decoding=\"async\" width=\"696\" height=\"464\" class=\"entry-thumb td-modal-image\" src=\"https:\/\/www.sidwaya.info\/wp-content\/uploads\/2026\/09\/FB_IMG_1788693606121-696x464.jpg\" srcset=\"https:\/\/www.sidwaya.info\/wp-content\/uploads\/2026\/09\/FB_IMG_1788693606121-696x464.jpg 696w, https:\/\/www.sidwaya.info\/wp-content\/uploads\/2026\/09\/FB_IMG_1788693606121-300x200.jpg 300w, https:\/\/www.sidwaya.info\/wp-content\/uploads\/2026\/09\/FB_IMG_1788693606121-1024x683.jpg 1024w, https:\/\/www.sidwaya.info\/wp-content\/uploads\/2026\/09\/FB_IMG_1788693606121-768x512.jpg 768w, https:\/\/www.sidwaya.info\/wp-content\/uploads\/2026\/09\/FB_IMG_1788693606121-630x420.jpg 630w, https:\/\/www.sidwaya.info\/wp-content\/uploads\/2026\/09\/FB_IMG_1788693606121-150x100.jpg 150w, https:\/\/www.sidwaya.info\/wp-content\/uploads\/2026\/09\/FB_IMG_1788693606121-1068x712.jpg 1068w, https:\/\/www.sidwaya.info\/wp-content\/uploads\/2026\/09\/FB_IMG_1788693606121.jpg 1350w\" sizes=\"auto, (max-width: 696px) 100vw, 696px\" alt=\"\" title=\"FB_IMG_1788693606121\"\/><\/a><\/div>\n<p><strong>Ouagadougou abritera, du 7 au 16 septembre 2026, la deuxi\u00e8me \u00e9dition des Jeux de la Conf\u00e9d\u00e9ration des \u00c9tats du Sahel (JAES). \u00c0 quelques jours du coup d\u2019envoi, le minist\u00e8re des Sports, de la Jeunesse et de l\u2019Emploi assure que les dispositions sont prises pour garantir le bon d\u00e9roulement de cette grande rencontre sportive entre le Burkina Faso, le Mali et le Niger.<\/strong><\/p>\n<p><a href=\"https:\/\/www.sidwaya.info\/iie-jeux-de-laes-ouagadougou-fin-prete-pour-accueillir-les-trois-nations-du-sahel\/fb_img_1788693650196\/\" rel=\"attachment wp-att-168965\"><img fetchpriority=\"high\" decoding=\"async\" data-attachment-id=\"168965\" data-permalink=\"https:\/\/www.sidwaya.info\/iie-jeux-de-laes-ouagadougou-fin-prete-pour-accueillir-les-trois-nations-du-sahel\/fb_img_1788693650196\/\" data-orig-file=\"https:\/\/www.sidwaya.info\/wp-content\/uploads\/2026\/09\/FB_IMG_1788693650196.jpg\" data-orig-size=\"1162,900\" data-comments-opened=\"1\" data-image-meta=\"{&quot;aperture&quot;:&quot;0&quot;,&quot;credit&quot;:&quot;&quot;,&quot;camera&quot;:&quot;&quot;,&quot;caption&quot;:&quot;&quot;,&quot;created_timestamp&quot;:&quot;0&quot;,&quot;copyright&quot;:&quot;&quot;,&quot;focal_length&quot;:&quot;0&quot;,&quot;iso&quot;:&quot;0&quot;,&quot;shutter_speed&quot;:&quot;0&quot;,&quot;title&quot;:&quot;&quot;,&quot;orientation&quot;:&quot;0&quot;,&quot;alt&quot;:&quot;&quot;}\" data-image-title=\"FB_IMG_1788693650196\" data-image-description=\"\" data-image-caption=\"\" data-large-file=\"https:\/\/www.sidwaya.info\/wp-content\/uploads\/2026\/09\/FB_IMG_1788693650196-1024x793.jpg\" class=\"aligncenter size-full wp-image-168965\" src=\"https:\/\/www.sidwaya.info\/wp-content\/uploads\/2026\/09\/FB_IMG_1788693650196.jpg\" alt=\"\" width=\"1162\" height=\"900\" srcset=\"https:\/\/www.sidwaya.info\/wp-content\/uploads\/2026\/09\/FB_IMG_1788693650196.jpg 1162w, https:\/\/www.sidwaya.info\/wp-content\/uploads\/2026\/09\/FB_IMG_1788693650196-300x232.jpg 300w, https:\/\/www.sidwaya.info\/wp-content\/uploads\/2026\/09\/FB_IMG_1788693650196-1024x793.jpg 1024w, https:\/\/www.sidwaya.info\/wp-content\/uploads\/2026\/09\/FB_IMG_1788693650196-768x595.jpg 768w, https:\/\/www.sidwaya.info\/wp-content\/uploads\/2026\/09\/FB_IMG_1788693650196-542x420.jpg 542w, https:\/\/www.sidwaya.info\/wp-content\/uploads\/2026\/09\/FB_IMG_1788693650196-150x116.jpg 150w, https:\/\/www.sidwaya.info\/wp-content\/uploads\/2026\/09\/FB_IMG_1788693650196-696x539.jpg 696w, https:\/\/www.sidwaya.info\/wp-content\/uploads\/2026\/09\/FB_IMG_1788693650196-1068x827.jpg 1068w\" sizes=\"(max-width: 1162px) 100vw, 1162px\"\/><\/a><\/p>\n<p>Le Burkina Faso s\u2019appr\u00eate \u00e0 vivre dix jours de comp\u00e9tition et de fraternit\u00e9 sportive. Dans le cadre des pr\u00e9paratifs de la deuxi\u00e8me \u00e9dition des Jeux de la Conf\u00e9d\u00e9ration des \u00c9tats du Sahel (JAES), le minist\u00e8re des Sports, de la Jeunesse et de l\u2019Emploi a anim\u00e9, ce samedi 5 septembre 2026, une conf\u00e9rence de presse au Stade du 4-Ao\u00fbt de Ouagadougou.<\/p>\n<p><a href=\"https:\/\/www.sidwaya.info\/iie-jeux-de-laes-ouagadougou-fin-prete-pour-accueillir-les-trois-nations-du-sahel\/fb_img_1788693611800\/\" rel=\"attachment wp-att-168966\"><img loading=\"lazy\" decoding=\"async\" data-attachment-id=\"168966\" data-permalink=\"https:\/\/www.sidwaya.info\/iie-jeux-de-laes-ouagadougou-fin-prete-pour-accueillir-les-trois-nations-du-sahel\/fb_img_1788693611800\/\" data-orig-file=\"https:\/\/www.sidwaya.info\/wp-content\/uploads\/2026\/09\/FB_IMG_1788693611800.jpg\" data-orig-size=\"1308,900\" data-comments-opened=\"1\" data-image-meta=\"{&quot;aperture&quot;:&quot;0&quot;,&quot;credit&quot;:&quot;&quot;,&quot;camera&quot;:&quot;&quot;,&quot;caption&quot;:&quot;&quot;,&quot;created_timestamp&quot;:&quot;0&quot;,&quot;copyright&quot;:&quot;&quot;,&quot;focal_length&quot;:&quot;0&quot;,&quot;iso&quot;:&quot;0&quot;,&quot;shutter_speed&quot;:&quot;0&quot;,&quot;title&quot;:&quot;&quot;,&quot;orientation&quot;:&quot;0&quot;,&quot;alt&quot;:&quot;&quot;}\" data-image-title=\"FB_IMG_1788693611800\" data-image-description=\"\" data-image-caption=\"\" data-large-file=\"https:\/\/www.sidwaya.info\/wp-content\/uploads\/2026\/09\/FB_IMG_1788693611800-1024x705.jpg\" class=\"aligncenter size-full wp-image-168966\" src=\"https:\/\/www.sidwaya.info\/wp-content\/uploads\/2026\/09\/FB_IMG_1788693611800.jpg\" alt=\"\" width=\"1308\" height=\"900\" srcset=\"https:\/\/www.sidwaya.info\/wp-content\/uploads\/2026\/09\/FB_IMG_1788693611800.jpg 1308w, https:\/\/www.sidwaya.info\/wp-content\/uploads\/2026\/09\/FB_IMG_1788693611800-300x206.jpg 300w, https:\/\/www.sidwaya.info\/wp-content\/uploads\/2026\/09\/FB_IMG_1788693611800-1024x705.jpg 1024w, https:\/\/www.sidwaya.info\/wp-content\/uploads\/2026\/09\/FB_IMG_1788693611800-768x528.jpg 768w, https:\/\/www.sidwaya.info\/wp-content\/uploads\/2026\/09\/FB_IMG_1788693611800-610x420.jpg 610w, https:\/\/www.sidwaya.info\/wp-content\/uploads\/2026\/09\/FB_IMG_1788693611800-150x103.jpg 150w, https:\/\/www.sidwaya.info\/wp-content\/uploads\/2026\/09\/FB_IMG_1788693611800-218x150.jpg 218w, https:\/\/www.sidwaya.info\/wp-content\/uploads\/2026\/09\/FB_IMG_1788693611800-696x479.jpg 696w, https:\/\/www.sidwaya.info\/wp-content\/uploads\/2026\/09\/FB_IMG_1788693611800-1068x735.jpg 1068w, https:\/\/www.sidwaya.info\/wp-content\/uploads\/2026\/09\/FB_IMG_1788693611800-100x70.jpg 100w\" sizes=\"auto, (max-width: 1308px) 100vw, 1308px\"\/><\/a><\/p>\n<p>La d\u00e9claration liminaire a \u00e9t\u00e9 lue par le directeur de cabinet du minist\u00e8re, Abdoulaye Ouattara. Il avait \u00e0 ses c\u00f4t\u00e9s le conseiller technique Alexandre Yobar\u00e9 et la directrice g\u00e9n\u00e9rale des Sports, Wendgu\u00e9t\u00e9 Val\u00e9rie Badolo\/Tapsoba. Cette rencontre avec les hommes et femmes de m\u00e9dias a permis de faire le point sur l\u2019organisation de cette deuxi\u00e8me \u00e9dition des JAES.<\/p>\n<p>Plac\u00e9s sous le Tr\u00e8s haut patronage du pr\u00e9sident du Faso, pr\u00e9sident de la Conf\u00e9d\u00e9ration des \u00c9tats du Sahel, le capitaine Ibrahim Traor\u00e9, les Jeux se veulent bien plus qu\u2019une simple comp\u00e9tition sportive. Ils s\u2019inscrivent dans la dynamique de rapprochement entre les peuples des trois pays de la Conf\u00e9d\u00e9ration des \u00c9tats du Sahel (AES).<\/p>\n<p>\u00ab Le sport, langage universel \u00bb, est ainsi pr\u00e9sent\u00e9 comme l\u2019un des principaux vecteurs de ce rapprochement entre les jeunesses burkinab\u00e8, malienne et nig\u00e9rienne. Les organisateurs entendent faire de cette manifestation un espace de fraternit\u00e9, de rencontre et de d\u00e9passement de soi.<\/p>\n<p>Au total, 11 disciplines sportives sont inscrites au programme de cette \u00e9dition. Il s\u2019agit de l\u2019athl\u00e9tisme, la boxe, le cyclisme, le football, le handball, le judo, le karat\u00e9, le kung-fu wushu, la lutte, le taekwondo et le tir \u00e0 l\u2019arc.<\/p>\n<p>Les comp\u00e9titions se d\u00e9rouleront sur plusieurs sites de la capitale, notamment au Stade du 4-Ao\u00fbt, au Palais des Sports de Ouaga 2000, \u00e0 la salle des Arts martiaux du Comit\u00e9 national olympique et des sports burkinab\u00e8 (CNOSB), au Centre national m\u00e9dico-sportif, ainsi que sur le boulevard Capitaine Isidore-No\u00ebl-Thomas-Sankara et \u00e0 l\u2019Hippodrome de Hamdalaye.<\/p>\n<p>L\u2019arriv\u00e9e des diff\u00e9rentes d\u00e9l\u00e9gations est pr\u00e9vue les 5 et 6 septembre, tandis que leur retour est programm\u00e9 pour le 17 septembre. La c\u00e9r\u00e9monie officielle d\u2019ouverture est, elle, pr\u00e9vue le mardi 8 septembre \u00e0 partir de 9 heures au Palais des Sports de Ouaga 2000.<\/p>\n<p>Sur le plan organisationnel, les autorit\u00e9s assurent que les diff\u00e9rents sites de comp\u00e9tition ont fait l\u2019objet de v\u00e9rifications afin de garantir des conditions optimales aux athl\u00e8tes. Les sites d\u2019h\u00e9bergement des d\u00e9l\u00e9gations ont \u00e9galement \u00e9t\u00e9 identifi\u00e9s et s\u00e9curis\u00e9s.<\/p>\n<p>La question de la s\u00e9curit\u00e9 et des transports figure \u00e9galement parmi les priorit\u00e9s. Des plans ont \u00e9t\u00e9 \u00e9labor\u00e9s pour assurer l\u2019accueil des d\u00e9l\u00e9gations, leurs d\u00e9placements entre les lieux d\u2019h\u00e9bergement et les sites de comp\u00e9tition, ainsi que la s\u00e9curisation des enceintes sportives.<\/p>\n<p>Au-del\u00e0 des enjeux sportifs, les JAES 2026 devraient \u00e9galement constituer une opportunit\u00e9 \u00e9conomique et touristique pour Ouagadougou et ses environs, avec l\u2019arriv\u00e9e de d\u00e9l\u00e9gations, de visiteurs et de partenaires. Les organisateurs esp\u00e8rent aussi que la comp\u00e9tition contribuera \u00e0 valoriser les infrastructures sportives et \u00e0 dynamiser le mouvement sportif national et sous-r\u00e9gional.<\/p>\n<p>Pour cette deuxi\u00e8me \u00e9dition, le message port\u00e9 par les organisateurs est celui de la paix, de la fraternit\u00e9 transfrontali\u00e8re et de la solidarit\u00e9 entre les peuples du Sahel. Une philosophie qui devrait se traduire dans les stades et les salles de comp\u00e9tition pendant les dix jours de comp\u00e9tition.<\/p>\n<p>A quelques heures du d\u00e9but des Jeux, les autorit\u00e9s invitent donc les populations, particuli\u00e8rement celles de Ouagadougou, \u00e0 se mobiliser pour soutenir les athl\u00e8tes. L\u2019ambition est de faire de cette deuxi\u00e8me \u00e9dition des JAES une v\u00e9ritable f\u00eate populaire, \u00e0 la hauteur de l\u2019hospitalit\u00e9 l\u00e9gendaire du Burkina Faso.<\/p>\n<p>Pengdwend\u00e9 Achille OUEDRAOGO<\/p>\n<p>Auteur: BH SIDWAYA<br \/>\n<a href=\"https:\/\/www.sidwaya.info\/iie-jeux-de-laes-ouagadougou-fin-prete-pour-accueillir-les-trois-nations-du-sahel\/\">Cliquez ici pour lire l&rsquo;article depuis sa source.<\/a><\/p>\n","protected":false},"excerpt":{"rendered":"<p>Ouagadougou abritera, du 7 au 16 septembre 2026, la deuxi\u00e8me \u00e9dition des Jeux de la Conf\u00e9d\u00e9ration des \u00c9tats du Sahel (JAES). \u00c0 quelques jours du coup d\u2019envoi, le minist\u00e8re des Sports, de la Jeunesse et de l\u2019Emploi assure que les dispositions sont prises pour garantir le bon d\u00e9roulement de cette grande rencontre sportive entre le [&hellip;]<\/p>\n","protected":false},"author":1816,"featured_media":191738,"comment_status":"closed","ping_status":"closed","sticky":false,"template":"","format":"standard","meta":{"fifu_image_url":"https:\/\/www.sidwaya.info\/wp-content\/uploads\/2026\/09\/FB_IMG_1788693606121.jpg","fifu_image_alt":"IIe Jeux de l\u2019AES : Ouagadougou fin pr\u00eate pour accueillir les trois nations du Sahel","footnotes":""},"categories":[73,81],"tags":[],"class_list":["post-191737","post","type-post","status-publish","format-standard","has-post-thumbnail","hentry","category-actualite","category-burkina-faso"],"_links":{"self":[{"href":"https:\/\/linitiative.ca\/International\/wp-json\/wp\/v2\/posts\/191737","targetHints":{"allow":["GET"]}}],"collection":[{"href":"https:\/\/linitiative.ca\/International\/wp-json\/wp\/v2\/posts"}],"about":[{"href":"https:\/\/linitiative.ca\/International\/wp-json\/wp\/v2\/types\/post"}],"author":[{"embeddable":true,"href":"https:\/\/linitiative.ca\/International\/wp-json\/wp\/v2\/users\/1816"}],"replies":[{"embeddable":true,"href":"https:\/\/linitiative.ca\/International\/wp-json\/wp\/v2\/comments?post=191737"}],"version-history":[{"count":0,"href":"https:\/\/linitiative.ca\/International\/wp-json\/wp\/v2\/posts\/191737\/revisions"}],"wp:featuredmedia":[{"embeddable":true,"href":"https:\/\/linitiative.ca\/International\/wp-json\/wp\/v2\/media\/191738"}],"wp:attachment":[{"href":"https:\/\/linitiative.ca\/International\/wp-json\/wp\/v2\/media?parent=191737"}],"wp:term":[{"taxonomy":"category","embeddable":true,"href":"https:\/\/linitiative.ca\/International\/wp-json\/wp\/v2\/categories?post=191737"},{"taxonomy":"post_tag","embeddable":true,"href":"https:\/\/linitiative.ca\/International\/wp-json\/wp\/v2\/tags?post=191737"}],"curies":[{"name":"wp","href":"https:\/\/api.w.org\/{rel}","templated":true}]}}