{"id":19203,"date":"2019-03-03T11:20:08","date_gmt":"2019-03-03T16:20:08","guid":{"rendered":"https:\/\/linitiative.ca\/International\/tunisie-officiel-annulation-de-la-greve-generale-dans-lenseignement-de-base\/"},"modified":"2019-03-03T11:20:08","modified_gmt":"2019-03-03T16:20:08","slug":"tunisie-officiel-annulation-de-la-greve-generale-dans-lenseignement-de-base","status":"publish","type":"post","link":"https:\/\/linitiative.ca\/International\/tunisie-officiel-annulation-de-la-greve-generale-dans-lenseignement-de-base\/","title":{"rendered":"Tunisie: Officiel, annulation de la gr\u00e8ve g\u00e9n\u00e9rale dans l\u2019enseignement de base"},"content":{"rendered":"<div class=\"post-cont-in left relative\">\n<div class=\"nc_socialPanel swp_flatFresh swp_d_fullColor swp_i_fullColor swp_o_fullColor scale-100 scale-fullWidth\" data-position=\"none\" data-float=\"floatNone\" data-count=\"5\" data-floatcolor=\"#ffffff\" data-emphasize=\"0\">\n<div class=\"nc_tweetContainer totes totesalt\" data-id=\"6\"><span class=\"swp_count\"><span class=\"swp_label\">Partages<\/span> 11<\/span><\/div>\n<\/div>\n<p>La gr\u00e8ve dans l\u2019enseignement de base pr\u00e9vue le 6 mars, a \u00e9t\u00e9 annul\u00e9e, a affirm\u00e9 le secr\u00e9taire g\u00e9n\u00e9ral adjoint de l\u2019Union g\u00e9n\u00e9rale tunisienne du travail (UGTT), Bouali Mbarki.<\/p>\n<p>La tr\u00e8s grande majorit\u00e9 des membres de l\u2019Instance administrative r\u00e9unie aujourd\u2019hui a approuv\u00e9 le proc\u00e8s-verbal avec le minist\u00e8re de l\u2019Education et l\u2019ont consid\u00e9r\u00e9 comme un minimum acceptable, a-t-il pr\u00e9cis\u00e9.<\/p>\n<div class=\"code-block code-block-1 c3\"><ins class=\"adsbygoogle c2\" data-ad-layout=\"in-article\" data-ad-format=\"fluid\" data-ad-client=\"ca-pub-2102118777505746\" data-ad-slot=\"7301775417\"\/> <\/div>\n<p>Mbarki a indiqu\u00e9 que l\u2019accord entre la F\u00e9d\u00e9ration g\u00e9n\u00e9rale de l\u2019enseignement de base et le minist\u00e8re de l\u2019Education sera sign\u00e9 lundi \u00e0 midi et demi.<\/p>\n<div class=\"mvp-org-wrap mvp-org-logo\" itemprop=\"publisher\" itemscope=\"\" itemtype=\"https:\/\/schema.org\/Organization\"><img decoding=\"async\" src=\"https:\/\/www.tunisienumerique.com\/wp-content\/uploads\/2017\/02\/logo_tunisie_numerique.png\"\/><\/div>\n<div class=\"nc_socialPanel swp_flatFresh swp_d_fullColor swp_i_fullColor swp_o_fullColor scale-100 scale-fullWidth\" data-position=\"none\" data-float=\"floatNone\" data-count=\"5\" data-floatcolor=\"#ffffff\" data-emphasize=\"0\">\n<div class=\"nc_tweetContainer totes totesalt\" data-id=\"6\"><span class=\"swp_count\"><span class=\"swp_label\">Partages<\/span> 11<\/span><\/div>\n<\/div>\n<div class=\"mvp-related-posts left relative\">\n<h4 class=\"post-header\"><span class=\"post-header\">Lire aussi<\/span><\/h4>\n<\/div>\n<\/div>\n<p>Auteur: Mourad S<br \/>\n<a href=\"https:\/\/www.tunisienumerique.com\/tunisie-officiel-annulation-de-la-greve-generale-dans-lenseignement-de-base\/\">Cliquez ici pour lire l&rsquo;article depuis sa source.<\/a><\/p>\n","protected":false},"excerpt":{"rendered":"<p>Partages 11 La gr\u00e8ve dans l\u2019enseignement de base pr\u00e9vue le 6 mars, a \u00e9t\u00e9 annul\u00e9e, a affirm\u00e9 le secr\u00e9taire g\u00e9n\u00e9ral adjoint de l\u2019Union g\u00e9n\u00e9rale tunisienne du travail (UGTT), Bouali Mbarki. La tr\u00e8s grande majorit\u00e9 des membres de l\u2019Instance administrative r\u00e9unie aujourd\u2019hui a approuv\u00e9 le proc\u00e8s-verbal avec le minist\u00e8re de l\u2019Education et l\u2019ont consid\u00e9r\u00e9 comme un [&hellip;]<\/p>\n","protected":false},"author":1789,"featured_media":19204,"comment_status":"closed","ping_status":"closed","sticky":false,"template":"","format":"standard","meta":{"fifu_image_url":"","fifu_image_alt":"","footnotes":""},"categories":[73,55],"tags":[],"class_list":["post-19203","post","type-post","status-publish","format-standard","has-post-thumbnail","hentry","category-actualite","category-tunisie"],"_links":{"self":[{"href":"https:\/\/linitiative.ca\/International\/wp-json\/wp\/v2\/posts\/19203","targetHints":{"allow":["GET"]}}],"collection":[{"href":"https:\/\/linitiative.ca\/International\/wp-json\/wp\/v2\/posts"}],"about":[{"href":"https:\/\/linitiative.ca\/International\/wp-json\/wp\/v2\/types\/post"}],"author":[{"embeddable":true,"href":"https:\/\/linitiative.ca\/International\/wp-json\/wp\/v2\/users\/1789"}],"replies":[{"embeddable":true,"href":"https:\/\/linitiative.ca\/International\/wp-json\/wp\/v2\/comments?post=19203"}],"version-history":[{"count":0,"href":"https:\/\/linitiative.ca\/International\/wp-json\/wp\/v2\/posts\/19203\/revisions"}],"wp:featuredmedia":[{"embeddable":true,"href":"https:\/\/linitiative.ca\/International\/wp-json\/"}],"wp:attachment":[{"href":"https:\/\/linitiative.ca\/International\/wp-json\/wp\/v2\/media?parent=19203"}],"wp:term":[{"taxonomy":"category","embeddable":true,"href":"https:\/\/linitiative.ca\/International\/wp-json\/wp\/v2\/categories?post=19203"},{"taxonomy":"post_tag","embeddable":true,"href":"https:\/\/linitiative.ca\/International\/wp-json\/wp\/v2\/tags?post=19203"}],"curies":[{"name":"wp","href":"https:\/\/api.w.org\/{rel}","templated":true}]}}