{"id":19232,"date":"2019-03-03T10:32:09","date_gmt":"2019-03-03T15:32:09","guid":{"rendered":"https:\/\/linitiative.ca\/International\/exclusif-ali-yahia-abdenour-aux-algeriens-je-suis-avec-vous-de-coeur-et-desprit-video\/"},"modified":"2019-03-03T10:32:09","modified_gmt":"2019-03-03T15:32:09","slug":"exclusif-ali-yahia-abdenour-aux-algeriens-je-suis-avec-vous-de-coeur-et-desprit-video","status":"publish","type":"post","link":"https:\/\/linitiative.ca\/International\/exclusif-ali-yahia-abdenour-aux-algeriens-je-suis-avec-vous-de-coeur-et-desprit-video\/","title":{"rendered":"Exclusif \/ Ali Yahia Abdenour aux Alg\u00e9riens : \u201cJe suis avec vous de c\u0153ur et d\u2019esprit\u201d (Vid\u00e9o)"},"content":{"rendered":"<h4 class=\"title-14\"\/>\n<div class=\"featured_image\"><img width=\"1068\" height=\"548\" data-cfsrc=\"https:\/\/www.elwatan.com\/wp-content\/uploads\/2019\/03\/ali-1068x548.jpg\" class=\"attachment-post-thumbnail size-post-thumbnail wp-post-image c1\" alt=\"\" srcset=\"https:\/\/www.elwatan.com\/wp-content\/uploads\/2019\/03\/ali-1068x548.jpg 1068w, https:\/\/www.elwatan.com\/wp-content\/uploads\/2019\/03\/ali-1068x548-300x154.jpg 300w, https:\/\/www.elwatan.com\/wp-content\/uploads\/2019\/03\/ali-1068x548-768x394.jpg 768w, https:\/\/www.elwatan.com\/wp-content\/uploads\/2019\/03\/ali-1068x548-1024x525.jpg 1024w\" sizes=\"(max-width: 1068px) 100vw, 1068px\"\/><noscript><\/p>\n<p><img loading=\"lazy\" decoding=\"async\" width=\"1068\" height=\"548\" src=\"https:\/\/www.elwatan.com\/wp-content\/uploads\/2019\/03\/ali-1068x548.jpg\" class=\"attachment-post-thumbnail size-post-thumbnail wp-post-image\" alt=\"\" srcset=\"https:\/\/www.elwatan.com\/wp-content\/uploads\/2019\/03\/ali-1068x548.jpg 1068w, https:\/\/www.elwatan.com\/wp-content\/uploads\/2019\/03\/ali-1068x548-300x154.jpg 300w, https:\/\/www.elwatan.com\/wp-content\/uploads\/2019\/03\/ali-1068x548-768x394.jpg 768w, https:\/\/www.elwatan.com\/wp-content\/uploads\/2019\/03\/ali-1068x548-1024x525.jpg 1024w\" sizes=\"auto, (max-width: 1068px) 100vw, 1068px\"\/><\/p>\n<p><\/noscript><\/div>\n<div class=\"_3_bl _5w1r _3_om _5wdf _4gx_\" readability=\"24\">\n<p><span class=\"_5yl5\">Figure historique et infatigable militant des droits de l\u2019homme, Ali Yahia Abdenour envoie un message aux Alg\u00e9riens en ces moments d\u00e9cisifs pour exprimer son soutien.<\/span><\/p>\n<p><span class=\"_5yl5\">Dans une vid\u00e9o qu\u2019il nous adress\u00e9, il d\u00e9clare qu\u2019il est \u00ab heureux de voir le peuple se soulever \u00bb. \u00ab J\u2019ai 98 ans, il m\u2019est difficile de marcher, mais comme vous savez tous, je suis un grand marcheur pour les libert\u00e9s. Je suis heureux de voir le peuple se soulever contre le pouvoir totalitaire et contre le syst\u00e8me politique qui a mis l\u2019Alg\u00e9rie dans l\u2019\u00e9tat o\u00f9 elle est maintenant\u00bb, lance-t-il avec vigueur.<\/span><\/p>\n<p><span class=\"_5yl5\">Le v\u00e9t\u00e9ran d\u00e9fenseur des droits de l\u2019homme poursuit son appel au peuple en assurant qu\u2019il est \u00e0 ses c\u00f4t\u00e9s. \u00ab Je suis avec vous vous de c\u0153ur et d\u2019esprit\u00bb, avant de conclure un \u00ab vive l\u2019Algerie d\u00e9mocratique. \u00bb<\/span><\/p>\n<p><iframe loading=\"lazy\" src=\"https:\/\/www.dailymotion.com\/embed\/video\/x73gdh5\" width=\"480\" height=\"270\" frameborder=\"0\" allowfullscreen=\"allowfullscreen\">[embedded content]<\/iframe><\/p>\n<\/div>\n<p><span class=\"post-views-label\">Post Views:<\/span> <span class=\"post-views-count\">3\u00a0336<\/span><\/p>\n<p>Auteur: Mourad Hachid<br \/>\n<a href=\"https:\/\/www.elwatan.com\/edition\/actualite\/exclusif-ali-yahia-abdenour-aux-algeriens-je-suis-avec-vous-de-coeur-et-desprit-video-03-03-2019\">Cliquez ici pour lire l&rsquo;article depuis sa source.<\/a><\/p>\n","protected":false},"excerpt":{"rendered":"<p>Figure historique et infatigable militant des droits de l\u2019homme, Ali Yahia Abdenour envoie un message aux Alg\u00e9riens en ces moments d\u00e9cisifs pour exprimer son soutien. Dans une vid\u00e9o qu\u2019il nous adress\u00e9, il d\u00e9clare qu\u2019il est \u00ab heureux de voir le peuple se soulever \u00bb. \u00ab J\u2019ai 98 ans, il m\u2019est difficile de marcher, mais comme [&hellip;]<\/p>\n","protected":false},"author":1743,"featured_media":19233,"comment_status":"closed","ping_status":"closed","sticky":false,"template":"","format":"standard","meta":{"fifu_image_url":"","fifu_image_alt":"","footnotes":""},"categories":[73,53],"tags":[],"class_list":["post-19232","post","type-post","status-publish","format-standard","has-post-thumbnail","hentry","category-actualite","category-algerie"],"_links":{"self":[{"href":"https:\/\/linitiative.ca\/International\/wp-json\/wp\/v2\/posts\/19232","targetHints":{"allow":["GET"]}}],"collection":[{"href":"https:\/\/linitiative.ca\/International\/wp-json\/wp\/v2\/posts"}],"about":[{"href":"https:\/\/linitiative.ca\/International\/wp-json\/wp\/v2\/types\/post"}],"author":[{"embeddable":true,"href":"https:\/\/linitiative.ca\/International\/wp-json\/wp\/v2\/users\/1743"}],"replies":[{"embeddable":true,"href":"https:\/\/linitiative.ca\/International\/wp-json\/wp\/v2\/comments?post=19232"}],"version-history":[{"count":0,"href":"https:\/\/linitiative.ca\/International\/wp-json\/wp\/v2\/posts\/19232\/revisions"}],"wp:featuredmedia":[{"embeddable":true,"href":"https:\/\/linitiative.ca\/International\/wp-json\/"}],"wp:attachment":[{"href":"https:\/\/linitiative.ca\/International\/wp-json\/wp\/v2\/media?parent=19232"}],"wp:term":[{"taxonomy":"category","embeddable":true,"href":"https:\/\/linitiative.ca\/International\/wp-json\/wp\/v2\/categories?post=19232"},{"taxonomy":"post_tag","embeddable":true,"href":"https:\/\/linitiative.ca\/International\/wp-json\/wp\/v2\/tags?post=19232"}],"curies":[{"name":"wp","href":"https:\/\/api.w.org\/{rel}","templated":true}]}}