{"id":19280,"date":"2019-03-03T19:41:04","date_gmt":"2019-03-04T00:41:04","guid":{"rendered":"https:\/\/linitiative.ca\/International\/creation-a-essaouira-de-la-ligue-nationale-des-zaouias-al-kadiriya-au-maroc\/"},"modified":"2019-03-03T19:41:04","modified_gmt":"2019-03-04T00:41:04","slug":"creation-a-essaouira-de-la-ligue-nationale-des-zaouias-al-kadiriya-au-maroc","status":"publish","type":"post","link":"https:\/\/linitiative.ca\/International\/creation-a-essaouira-de-la-ligue-nationale-des-zaouias-al-kadiriya-au-maroc\/","title":{"rendered":"Cr\u00e9ation \u00e0 Essaouira de la Ligue nationale des Zaouias Al Kadiriya au Maroc"},"content":{"rendered":"<div readability=\"37\">\n<p>Essaouira \u2013 La Ligue nationale des Zaouias Al Kadiriya au Maroc a \u00e9t\u00e9 cr\u00e9\u00e9e, dimanche \u00e0 Essaouira, au terme d\u2019une r\u00e9union constitutive, tenue en pr\u00e9sence notamment des repr\u00e9sentants des diff\u00e9rentes Zaouias Al Kadiriya \u00e0 l\u2019\u00e9chelle nationale.<\/p>\n<\/div>\n<div readability=\"104\">\n<p>A cette occasion, il a \u00e9t\u00e9 proc\u00e9d\u00e9 \u00e0 la lecture et \u00e0 l\u2019adoption du projet du statut interne par le comit\u00e9 pr\u00e9paratoire et \u00e0 la d\u00e9signation de M. Hicham Dinar, moqqadem de la Zaouia Al Kadiriya, secr\u00e9taire g\u00e9n\u00e9ral de ladite Ligue, en lui confiant la charge de proc\u00e9der \u00e0 la composition du bureau dirigeant.<\/p>\n<p>La cr\u00e9ation de la Ligue nationale des Zaouias Al Kadiriya au Maroc intervient au terme des travaux d\u2019un colloque national des Zaouias Al Kadiriya au Maroc, tenue par la Zaouia Al Kadiriya \u00e0 Essaouira, en partenariat avec l\u2019Association Chabab Al-Fane Al Assil du Sam\u00e2a et du patrimoine.<\/p>\n<p>La Ligue nationale des Zaouias Al Kadiriya au Maroc, qui aura son si\u00e8ge \u00e0 Essaouira, se fixe pour objectifs de contribuer \u00e0 la revivification du patrimoine soufi d\u2019Al Kadiriya au Maroc et \u00e0 la pr\u00e9servation de ses sp\u00e9cificit\u00e9s nationales et civilisationnelles, de promouvoir la recherche scientifique relative au patrimoine de la tariqa que ce soit \u00e9crit ou oral, et de mettre en avant les \u00e9tudes et recherches scientifiques, \u00e9ducatives et spirituelles qui lui sont d\u00e9di\u00e9es.<\/p>\n<p>Elle vise aussi \u00e0 rassembler toutes les Zaouias Al Kadiriya et \u00e0 jeter des ponts de communication et de partenariat entre elles, \u00e0 oeuvrer pour consolider la place de la Zaouia comme forteresse de la religion, de la science, et de la culture, tout en mettant en avant ses r\u00f4les pionniers dans l\u2019encadrement et l\u2019orientation de la soci\u00e9t\u00e9.<\/p>\n<p>La ligue veillera aussi \u00e0 la consolidation du r\u00f4le des Zaouias dans la promotion de la paix spirituelle, au raffermissement des fondamentaux religieux et nationaux du Royaume, et \u00e0 la sauvegarde du patrimoine urbanistique authentique (sanctuaires et Zaouias) en vue de sa r\u00e9habilitation et sa mise \u00e0 niveau.<\/p>\n<p>Elle s\u2019assigne \u00e9galement pour missions de contribuer au d\u00e9veloppement culturel, religieux, artistique et social, tout en favorisant la diffusion d\u2019une prise de conscience religieuse mod\u00e9r\u00e9e partant de l\u2019authenticit\u00e9 marocaine ancr\u00e9e dans la civilisation arabo-musulmane, et de promouvoir la tariqa Al Kadiriya et son rituel religieux impr\u00e9gn\u00e9 des fondamentaux du Royaume \u00e0 savoir le rite mal\u00e9kite, le dogme ach\u00e2arite et le soufisme sunnite sous la conduite de Sa Majest\u00e9 le Roi Mohammed VI, Amir Al Mouminine.<\/p>\n<p>La ligue se donne pour missions notamment de contribuer aux projets de d\u00e9veloppement humain, tout en favorisant l\u2019entraide nationale et la qualification du citoyen, \u00e0 travers la coordination avec l\u2019ensemble des \u00e9tablissements, instances, associations et zaouias concern\u00e9s.<\/p>\n<p>L\u2019organisation d\u2019\u00e9v\u00e9nements religieux, culturels, artistiques et sociaux (festivals, rencontres, colloques, ateliers et actions sociales), et l\u2019\u00e9tablissement de partenariats avec les diff\u00e9rentes institutions publiques nationales, les organismes internationaux et le secteur priv\u00e9, figurent \u00e9galement parmi les objectifs de la Ligue, qui se dotera ult\u00e9rieurement de sections dans toutes les villes et r\u00e9gions du Maroc.<\/p>\n<\/div>\n<p>Auteur: Meriem IGASS<br \/>\n<a href=\"http:\/\/www.mapmarrakech.ma\/fr\/creation-a-essaouira-de-la-ligue-nationale-des-zaouias-al-kadiriya-au-maroc\/\">Cliquez ici pour lire l&rsquo;article depuis sa source.<\/a><\/p>\n","protected":false},"excerpt":{"rendered":"<p>Essaouira \u2013 La Ligue nationale des Zaouias Al Kadiriya au Maroc a \u00e9t\u00e9 cr\u00e9\u00e9e, dimanche \u00e0 Essaouira, au terme d\u2019une r\u00e9union constitutive, tenue en pr\u00e9sence notamment des repr\u00e9sentants des diff\u00e9rentes Zaouias Al Kadiriya \u00e0 l\u2019\u00e9chelle nationale. A cette occasion, il a \u00e9t\u00e9 proc\u00e9d\u00e9 \u00e0 la lecture et \u00e0 l\u2019adoption du projet du statut interne par [&hellip;]<\/p>\n","protected":false},"author":1788,"featured_media":0,"comment_status":"closed","ping_status":"closed","sticky":false,"template":"","format":"standard","meta":{"fifu_image_url":"","fifu_image_alt":"","footnotes":""},"categories":[54,76],"tags":[],"class_list":["post-19280","post","type-post","status-publish","format-standard","hentry","category-maroc","category-regions"],"_links":{"self":[{"href":"https:\/\/linitiative.ca\/International\/wp-json\/wp\/v2\/posts\/19280","targetHints":{"allow":["GET"]}}],"collection":[{"href":"https:\/\/linitiative.ca\/International\/wp-json\/wp\/v2\/posts"}],"about":[{"href":"https:\/\/linitiative.ca\/International\/wp-json\/wp\/v2\/types\/post"}],"author":[{"embeddable":true,"href":"https:\/\/linitiative.ca\/International\/wp-json\/wp\/v2\/users\/1788"}],"replies":[{"embeddable":true,"href":"https:\/\/linitiative.ca\/International\/wp-json\/wp\/v2\/comments?post=19280"}],"version-history":[{"count":0,"href":"https:\/\/linitiative.ca\/International\/wp-json\/wp\/v2\/posts\/19280\/revisions"}],"wp:attachment":[{"href":"https:\/\/linitiative.ca\/International\/wp-json\/wp\/v2\/media?parent=19280"}],"wp:term":[{"taxonomy":"category","embeddable":true,"href":"https:\/\/linitiative.ca\/International\/wp-json\/wp\/v2\/categories?post=19280"},{"taxonomy":"post_tag","embeddable":true,"href":"https:\/\/linitiative.ca\/International\/wp-json\/wp\/v2\/tags?post=19280"}],"curies":[{"name":"wp","href":"https:\/\/api.w.org\/{rel}","templated":true}]}}