{"id":19282,"date":"2019-03-03T17:08:40","date_gmt":"2019-03-03T22:08:40","guid":{"rendered":"https:\/\/linitiative.ca\/International\/manifestations-nocturnes-dans-plusieurs-villes-suite-a-lannonce-du-depot-de-candidature-de-bouteflika\/"},"modified":"2019-03-03T17:08:40","modified_gmt":"2019-03-03T22:08:40","slug":"manifestations-nocturnes-dans-plusieurs-villes-suite-a-lannonce-du-depot-de-candidature-de-bouteflika","status":"publish","type":"post","link":"https:\/\/linitiative.ca\/International\/manifestations-nocturnes-dans-plusieurs-villes-suite-a-lannonce-du-depot-de-candidature-de-bouteflika\/","title":{"rendered":"Manifestations nocturnes dans plusieurs villes suite \u00e0 l\u2019annonce du d\u00e9p\u00f4t de candidature de Bouteflika"},"content":{"rendered":"<h4 class=\"title-14\"\/>\n<div class=\"featured_image\"><img width=\"640\" height=\"480\" data-cfsrc=\"https:\/\/www.elwatan.com\/wp-content\/uploads\/2019\/03\/guelma-1.jpg\" class=\"attachment-post-thumbnail size-post-thumbnail wp-post-image c1\" alt=\"\" srcset=\"https:\/\/www.elwatan.com\/wp-content\/uploads\/2019\/03\/guelma-1.jpg 640w, https:\/\/www.elwatan.com\/wp-content\/uploads\/2019\/03\/guelma-1-300x225.jpg 300w\" sizes=\"(max-width: 640px) 100vw, 640px\"\/><noscript><\/p>\n<p><img loading=\"lazy\" decoding=\"async\" width=\"640\" height=\"480\" src=\"https:\/\/www.elwatan.com\/wp-content\/uploads\/2019\/03\/guelma-1.jpg\" class=\"attachment-post-thumbnail size-post-thumbnail wp-post-image\" alt=\"\" srcset=\"https:\/\/www.elwatan.com\/wp-content\/uploads\/2019\/03\/guelma-1.jpg 640w, https:\/\/www.elwatan.com\/wp-content\/uploads\/2019\/03\/guelma-1-300x225.jpg 300w\" sizes=\"auto, (max-width: 640px) 100vw, 640px\"\/><\/p>\n<p><\/noscript> <span class=\"featured-image-caption\">Manifestation \u00e0 Guelma. Photo El Watan<\/span><\/div>\n<p>Des manifestations ont \u00e9clat\u00e9 cette nuit dans plusieurs villes du pays. A Guelma, Jijel, Oran, Constantine, Batna, Skikda et S\u00e9tif les Alg\u00e9riens sortent pour d\u00e9noncer la candidature d\u00e9sormais act\u00e9e de Bouteflika. Nos journalistes sont t\u00e9moins de ces sorties nocturnes, que des manifestants transmettent aussi en live sur les r\u00e9seaux sociaux.<\/p>\n<p>A Constantine, la foule remonte en ce moment le boulevard Abane Ramdane en scandant \u00ab\u00a0Pas de 5e mandat y a Bouteflika\u00a0\u00bb. Dans les r\u00e9sidences universitaires de l\u2019universit\u00e9 Constantine 3, les \u00e9tudiantes et \u00e9tudiants sont sortis aussi et manifestent en ce moment m\u00eame dans l\u2019enceinte universitaire.<\/p>\n<p>A Jijel, ils sont plusieurs milliers \u00e0 manifester. En plus des marcheurs, un long cort\u00e8ge de motocyclistes et de voitures ajoute au concert des chants r\u00e9probateurs. La manifestation a pris naissance au centre-ville avant de monter au quartier d\u2019El Ayouf et revenir en ville par l\u2019avenue Emir\u00a0 Abdel El Kader.<\/p>\n<p>A Guelma aussi les manifestations, anti 5e mandat ont repris de plus belle en soir\u00e9e, juste apr\u00e8s l\u2019annonce du d\u00e9p\u00f4t de dossier de la candidature de Abdelaziz Bouteflika. Des jeunes et moins jeunes ont battu le pav\u00e9 des art\u00e8res principales de la ville scandant des slogans hostiles \u00e0 cette d\u00e9cision. Une halte aux portes du si\u00e8ge de la wilaya a ponctu\u00e9 cette marche toujours sous des slogans hostiles.\u00a0 Des \u00e9chos de Oued Zenati deuxi\u00e8me plus grande agglom\u00e9ration apr\u00e8s le chef-lieu connait, au moment o\u00f9 nous mettions en ligne, des marches spontan\u00e9es similaires \u00e0 celle de Guelma.<\/p>\n<div id=\"attachment_561788\" class=\"wp-caption alignnone c5\" readability=\"32\"><img class=\"size-medium wp-image-561788 c1\" data-cfsrc=\"https:\/\/www.elwatan.com\/wp-content\/uploads\/2019\/03\/jijel-1-300x169.jpg\" alt=\"\" width=\"300\" height=\"169\" srcset=\"https:\/\/www.elwatan.com\/wp-content\/uploads\/2019\/03\/jijel-1-300x169.jpg 300w, https:\/\/www.elwatan.com\/wp-content\/uploads\/2019\/03\/jijel-1.jpg 640w\" sizes=\"(max-width: 300px) 100vw, 300px\"\/><noscript><\/p>\n<p><img loading=\"lazy\" decoding=\"async\" class=\"size-medium wp-image-561788\" src=\"https:\/\/www.elwatan.com\/wp-content\/uploads\/2019\/03\/jijel-1-300x169.jpg\" alt=\"\" width=\"300\" height=\"169\" srcset=\"https:\/\/www.elwatan.com\/wp-content\/uploads\/2019\/03\/jijel-1-300x169.jpg 300w, https:\/\/www.elwatan.com\/wp-content\/uploads\/2019\/03\/jijel-1.jpg 640w\" sizes=\"auto, (max-width: 300px) 100vw, 300px\"\/><\/p>\n<p><\/noscript><\/p>\n<p class=\"wp-caption-text\">Jijel ce soir. Ph El Watan<\/p>\n<\/div>\n<div class=\"yuzo_related_post style-1\" data-version=\"5.12.88\">\n<p><h3>Related Post<\/h3>\n<\/p>\n<div class=\"yuzo_wraps\">\n<div class=\"relatedthumb relatedpost-330039 c12\"><a href=\"https:\/\/www.elwatan.com\/edition\/actualite\/ouyahia-dement-toute-interdiction-de-la-presidence-13-12-2018\"\/><\/p>\n<p><span class=\"yuzo__text--title c11\">Ouyahia d\u00e9ment toute interdiction de la Pr\u00e9sidence&#8230;<\/span><\/div>\n<div class=\"relatedthumb relatedpost-553533 c12\"><a href=\"https:\/\/www.elwatan.com\/edition\/international\/le-pays-est-surendette-et-en-etat-de-faillite-la-contestation-sociale-gagne-le-zimbabwe-16-01-2019\"\/><\/p>\n<p><span class=\"yuzo__text--title c11\">Le pays est surendett\u00e9 et en \u00e9tat de faillite : La&#8230;<\/span><\/div>\n<div class=\"relatedthumb relatedpost-284056 c12\"><a href=\"https:\/\/www.elwatan.com\/regions\/est\/actu-est\/une-cartographie-des-pme-pmi-simpose-08-12-2018\"\/><\/p>\n<p><span class=\"yuzo__text--title c11\">Une cartographie des PME-PMI\u00a0s\u2019impose<\/span><\/div>\n<div class=\"relatedthumb relatedpost-163268 c12\"><a href=\"https:\/\/www.elwatan.com\/edition\/actualite\/une-visite-controversee-le-pst-appelle-a-manifester-contre-la-venue-de-mbs-28-11-2018\"\/><\/p>\n<p><span class=\"yuzo__text--title c11\">Une visite controvers\u00e9e : Le PST appelle \u00e0 manifes&#8230;<\/span><\/div>\n<\/div>\n<\/div>\n<p><span class=\"post-views-label\">Post Views:<\/span> <span class=\"post-views-count\">3\u00a0376<\/span><\/p>\n<p>Auteur: Farouk Djouadi<br \/>\n<a href=\"https:\/\/www.elwatan.com\/edition\/actualite\/manifestations-dans-plusieurs-wilayas-contre-la-reponse-de-bouteflika-03-03-2019\">Cliquez ici pour lire l&rsquo;article depuis sa source.<\/a><\/p>\n","protected":false},"excerpt":{"rendered":"<p>Manifestation \u00e0 Guelma. Photo El Watan Des manifestations ont \u00e9clat\u00e9 cette nuit dans plusieurs villes du pays. A Guelma, Jijel, Oran, Constantine, Batna, Skikda et S\u00e9tif les Alg\u00e9riens sortent pour d\u00e9noncer la candidature d\u00e9sormais act\u00e9e de Bouteflika. Nos journalistes sont t\u00e9moins de ces sorties nocturnes, que des manifestants transmettent aussi en live sur les r\u00e9seaux [&hellip;]<\/p>\n","protected":false},"author":1743,"featured_media":19283,"comment_status":"closed","ping_status":"closed","sticky":false,"template":"","format":"standard","meta":{"fifu_image_url":"","fifu_image_alt":"","footnotes":""},"categories":[73,53],"tags":[],"class_list":["post-19282","post","type-post","status-publish","format-standard","has-post-thumbnail","hentry","category-actualite","category-algerie"],"_links":{"self":[{"href":"https:\/\/linitiative.ca\/International\/wp-json\/wp\/v2\/posts\/19282","targetHints":{"allow":["GET"]}}],"collection":[{"href":"https:\/\/linitiative.ca\/International\/wp-json\/wp\/v2\/posts"}],"about":[{"href":"https:\/\/linitiative.ca\/International\/wp-json\/wp\/v2\/types\/post"}],"author":[{"embeddable":true,"href":"https:\/\/linitiative.ca\/International\/wp-json\/wp\/v2\/users\/1743"}],"replies":[{"embeddable":true,"href":"https:\/\/linitiative.ca\/International\/wp-json\/wp\/v2\/comments?post=19282"}],"version-history":[{"count":0,"href":"https:\/\/linitiative.ca\/International\/wp-json\/wp\/v2\/posts\/19282\/revisions"}],"wp:featuredmedia":[{"embeddable":true,"href":"https:\/\/linitiative.ca\/International\/wp-json\/"}],"wp:attachment":[{"href":"https:\/\/linitiative.ca\/International\/wp-json\/wp\/v2\/media?parent=19282"}],"wp:term":[{"taxonomy":"category","embeddable":true,"href":"https:\/\/linitiative.ca\/International\/wp-json\/wp\/v2\/categories?post=19282"},{"taxonomy":"post_tag","embeddable":true,"href":"https:\/\/linitiative.ca\/International\/wp-json\/wp\/v2\/tags?post=19282"}],"curies":[{"name":"wp","href":"https:\/\/api.w.org\/{rel}","templated":true}]}}